{"id":8869,"date":"2024-03-15T10:39:54","date_gmt":"2024-03-15T09:39:54","guid":{"rendered":"https:\/\/agora.xtec.cat\/escola-alcoletge\/?p=8869"},"modified":"2024-03-15T10:39:54","modified_gmt":"2024-03-15T09:39:54","slug":"visita-a-la-colonia-vidal","status":"publish","type":"post","link":"https:\/\/agora.xtec.cat\/escola-alcoletge\/altres\/visita-a-la-colonia-vidal\/","title":{"rendered":"VISITA A LA COL\u00d2NIA VIDAL"},"content":{"rendered":"<p>Ahir, els i les alumnes de cicle superior vam anar d&#8217;excursi\u00f3 a la col\u00f2nia Vidal de Puig-Reig. Quan vam arribar vam esmorzar al pati de la col\u00f2nia, era molt gran i donava molt la llum del sol.<\/p>\n<p>Ens van ensenyar la peixateria, la f\u00e0brica, la casa dels treballadors, on rentaven la roba i l&#8217;escola. Ens van explicar que els nens i nenes havien de treballar a la f\u00e0brica a partir dels 10 anys durant 12 hores. La f\u00e0brica funcionava amb l&#8217;energia hidr\u00e0ulica, \u00e9s a dir, amb la for\u00e7a de l&#8217;aigua.<\/p>\n<p>Tamb\u00e9 ens van dir que no podien tenir baixa laboral en cas d&#8217;accident, sin\u00f3 que els dies que no podien treballar els hi treien del salari.\u00a0Ens va cridar molt l&#8217;atenci\u00f3 el soroll que feien les m\u00e0quines!<\/p>\n<p>A continuaci\u00f3, us deixem l&#8217;enlla\u00e7 on podreu trobar totes les imatges de la sortida.<\/p>\n<p><a href=\"https:\/\/drive.google.com\/drive\/folders\/1-J-qrtxLkZdMOaSQCFay-nHH1q6tjbj8?usp=sharing\">FOTOS<\/a><\/p>\n","protected":false},"excerpt":{"rendered":"<p>Ahir, els i les alumnes de cicle superior vam anar d&#8217;excursi\u00f3 a la col\u00f2nia Vidal de Puig-Reig. Quan vam arribar vam esmorzar al pati de la col\u00f2nia, era molt gran i donava molt la llum del sol.<br \/>\nEns van ensenyar la peixateria, la f\u00e0brica, la casa&hellip;  <a href=\"https:\/\/agora.xtec.cat\/escola-alcoletge\/altres\/visita-a-la-colonia-vidal\/\" title=\"Read VISITA A LA COL\u00d2NIA VIDAL\">Llegeix m\u00e9s\u00bb<\/a><\/p>\n","protected":false},"author":41,"featured_media":0,"comment_status":"open","ping_status":"closed","sticky":false,"template":"","format":"standard","meta":{"_bbp_topic_count":0,"_bbp_reply_count":0,"_bbp_total_topic_count":0,"_bbp_total_reply_count":0,"_bbp_voice_count":0,"_bbp_anonymous_reply_count":0,"_bbp_topic_count_hidden":0,"_bbp_reply_count_hidden":0,"_bbp_forum_subforum_count":0,"footnotes":""},"categories":[14,85,1,88],"tags":[],"class_list":["post-8869","post","type-post","status-publish","format-standard","hentry","category-5e-a","category-5e-b","category-altres","category-cicle-superior"],"post_mailing_queue_ids":[],"_links":{"self":[{"href":"https:\/\/agora.xtec.cat\/escola-alcoletge\/wp-json\/wp\/v2\/posts\/8869","targetHints":{"allow":["GET"]}}],"collection":[{"href":"https:\/\/agora.xtec.cat\/escola-alcoletge\/wp-json\/wp\/v2\/posts"}],"about":[{"href":"https:\/\/agora.xtec.cat\/escola-alcoletge\/wp-json\/wp\/v2\/types\/post"}],"author":[{"embeddable":true,"href":"https:\/\/agora.xtec.cat\/escola-alcoletge\/wp-json\/wp\/v2\/users\/41"}],"replies":[{"embeddable":true,"href":"https:\/\/agora.xtec.cat\/escola-alcoletge\/wp-json\/wp\/v2\/comments?post=8869"}],"version-history":[{"count":4,"href":"https:\/\/agora.xtec.cat\/escola-alcoletge\/wp-json\/wp\/v2\/posts\/8869\/revisions"}],"predecessor-version":[{"id":8879,"href":"https:\/\/agora.xtec.cat\/escola-alcoletge\/wp-json\/wp\/v2\/posts\/8869\/revisions\/8879"}],"wp:attachment":[{"href":"https:\/\/agora.xtec.cat\/escola-alcoletge\/wp-json\/wp\/v2\/media?parent=8869"}],"wp:term":[{"taxonomy":"category","embeddable":true,"href":"https:\/\/agora.xtec.cat\/escola-alcoletge\/wp-json\/wp\/v2\/categories?post=8869"},{"taxonomy":"post_tag","embeddable":true,"href":"https:\/\/agora.xtec.cat\/escola-alcoletge\/wp-json\/wp\/v2\/tags?post=8869"}],"curies":[{"name":"wp","href":"https:\/\/api.w.org\/{rel}","templated":true}]}}