{"id":8815,"date":"2024-03-06T15:44:22","date_gmt":"2024-03-06T14:44:22","guid":{"rendered":"https:\/\/agora.xtec.cat\/escola-alcoletge\/?p=8815"},"modified":"2024-03-06T15:44:22","modified_gmt":"2024-03-06T14:44:22","slug":"sortida-al-museu-de-la-colonia-de-la-vidal","status":"publish","type":"post","link":"https:\/\/agora.xtec.cat\/escola-alcoletge\/portada\/sortida-al-museu-de-la-colonia-de-la-vidal\/","title":{"rendered":"SORTIDA AL MUSEU DE LA COLONIA DE LA VIDAL"},"content":{"rendered":"<p>La setmana que ve, el dia 14 de mar\u00e7 del 2024 5\u00e8 i 6\u00e8 anirem a Puig-Reig, al museu de la colonia vidal, per con\u00e8ixer com era la vida i el treball en una col\u00f2nia t\u00e8xtil del 1900.<\/p>\n<p>\u00c9s la col\u00f2nia m\u00e9s ben conservada de Catalunya. I tot l&#8217;alumnat estem molt emocionats de que arribi el dia!<\/p>\n<p>A m\u00e9s ens ajudar\u00e0 a entendre el projecte d&#8217;entorn que estem treballant ara: L&#8217;EDAT CONTEMPOR\u00c0NIA.<\/p>\n","protected":false},"excerpt":{"rendered":"<p>La setmana que ve, el dia 14 de mar\u00e7 del 2024 5\u00e8 i 6\u00e8 anirem a Puig-Reig, al museu de la colonia vidal, per con\u00e8ixer com era la vida i el treball en una col\u00f2nia t\u00e8xtil del 1900.<br \/>\n\u00c9s la col\u00f2nia m\u00e9s ben conservada de Catalunya.&hellip;  <a href=\"https:\/\/agora.xtec.cat\/escola-alcoletge\/portada\/sortida-al-museu-de-la-colonia-de-la-vidal\/\" title=\"Read SORTIDA AL MUSEU DE LA COLONIA DE LA VIDAL\">Llegeix m\u00e9s\u00bb<\/a><\/p>\n","protected":false},"author":41,"featured_media":0,"comment_status":"open","ping_status":"closed","sticky":false,"template":"","format":"standard","meta":{"_bbp_topic_count":0,"_bbp_reply_count":0,"_bbp_total_topic_count":0,"_bbp_total_reply_count":0,"_bbp_voice_count":0,"_bbp_anonymous_reply_count":0,"_bbp_topic_count_hidden":0,"_bbp_reply_count_hidden":0,"_bbp_forum_subforum_count":0,"footnotes":""},"categories":[92,88,4,5,98,109],"tags":[],"class_list":["post-8815","post","type-post","status-publish","format-standard","hentry","category-6e-b","category-cicle-superior","category-portada","category-primaria","category-racons","category-sortides"],"post_mailing_queue_ids":[],"_links":{"self":[{"href":"https:\/\/agora.xtec.cat\/escola-alcoletge\/wp-json\/wp\/v2\/posts\/8815","targetHints":{"allow":["GET"]}}],"collection":[{"href":"https:\/\/agora.xtec.cat\/escola-alcoletge\/wp-json\/wp\/v2\/posts"}],"about":[{"href":"https:\/\/agora.xtec.cat\/escola-alcoletge\/wp-json\/wp\/v2\/types\/post"}],"author":[{"embeddable":true,"href":"https:\/\/agora.xtec.cat\/escola-alcoletge\/wp-json\/wp\/v2\/users\/41"}],"replies":[{"embeddable":true,"href":"https:\/\/agora.xtec.cat\/escola-alcoletge\/wp-json\/wp\/v2\/comments?post=8815"}],"version-history":[{"count":1,"href":"https:\/\/agora.xtec.cat\/escola-alcoletge\/wp-json\/wp\/v2\/posts\/8815\/revisions"}],"predecessor-version":[{"id":8821,"href":"https:\/\/agora.xtec.cat\/escola-alcoletge\/wp-json\/wp\/v2\/posts\/8815\/revisions\/8821"}],"wp:attachment":[{"href":"https:\/\/agora.xtec.cat\/escola-alcoletge\/wp-json\/wp\/v2\/media?parent=8815"}],"wp:term":[{"taxonomy":"category","embeddable":true,"href":"https:\/\/agora.xtec.cat\/escola-alcoletge\/wp-json\/wp\/v2\/categories?post=8815"},{"taxonomy":"post_tag","embeddable":true,"href":"https:\/\/agora.xtec.cat\/escola-alcoletge\/wp-json\/wp\/v2\/tags?post=8815"}],"curies":[{"name":"wp","href":"https:\/\/api.w.org\/{rel}","templated":true}]}}