{"id":8263,"date":"2023-11-08T15:47:56","date_gmt":"2023-11-08T14:47:56","guid":{"rendered":"https:\/\/agora.xtec.cat\/escola-alcoletge\/?p=8263"},"modified":"2023-11-08T16:16:44","modified_gmt":"2023-11-08T15:16:44","slug":"halloween-alcoletge-%f0%9f%a7%9f","status":"publish","type":"post","link":"https:\/\/agora.xtec.cat\/escola-alcoletge\/portada\/halloween-alcoletge-%f0%9f%a7%9f\/","title":{"rendered":"HALLOWEEN ALCOLETGE \ud83e\udddf"},"content":{"rendered":"<p>El 31 d&#8217;octubre es va celebrar halloween a tot el poble.<\/p>\n<p>A l&#8217;escola, per la tarda els de 5\u00e8 i 6\u00e8 van preparar un ball per a tota l&#8217;escola disfressats de terror. Va ser molt xulo i el vam estar preparant durant unes 4 setmanes amb la teacher Esther.<\/p>\n<p>Al poble per la nit an\u00e0vem a demanar llaminadures per les cases, amb la frase tradicional &#8221; Truco o Trato? &#8221;.<\/p>\n<p>De qu\u00e8 anaveu disfressats? Qu\u00e8 vau anar al passatge de terror de la urbanitzaci\u00f3 de l&#8217;Avinguda Castell?<\/p>\n<p>Nosaltres s\u00ed, i feia molta por.<\/p>\n<p>Per finalitzar el dia festiu de Halloween, al poliesportiu van fer un sopar amb m\u00fasica per tot el poble!<\/p>\n<p>Nerea i Paula \ud83e\udddf<\/p>\n","protected":false},"excerpt":{"rendered":"<p>El 31 d&#8217;octubre es va celebrar halloween a tot el poble.<br \/>\nA l&#8217;escola, per la tarda els de 5\u00e8 i 6\u00e8 van preparar un ball per a tota l&#8217;escola disfressats de terror. Va ser molt xulo i el vam estar preparant durant unes 4 setmanes amb&hellip;  <a href=\"https:\/\/agora.xtec.cat\/escola-alcoletge\/portada\/halloween-alcoletge-%f0%9f%a7%9f\/\" title=\"Read HALLOWEEN ALCOLETGE \ud83e\udddf\">Llegeix m\u00e9s\u00bb<\/a><\/p>\n","protected":false},"author":41,"featured_media":0,"comment_status":"open","ping_status":"closed","sticky":false,"template":"","format":"standard","meta":{"_bbp_topic_count":0,"_bbp_reply_count":0,"_bbp_total_topic_count":0,"_bbp_total_reply_count":0,"_bbp_voice_count":0,"_bbp_anonymous_reply_count":0,"_bbp_topic_count_hidden":0,"_bbp_reply_count_hidden":0,"_bbp_forum_subforum_count":0,"footnotes":""},"categories":[15,92,88,4,5,98],"tags":[],"class_list":["post-8263","post","type-post","status-publish","format-standard","hentry","category-6e-a","category-6e-b","category-cicle-superior","category-portada","category-primaria","category-racons"],"post_mailing_queue_ids":[],"_links":{"self":[{"href":"https:\/\/agora.xtec.cat\/escola-alcoletge\/wp-json\/wp\/v2\/posts\/8263","targetHints":{"allow":["GET"]}}],"collection":[{"href":"https:\/\/agora.xtec.cat\/escola-alcoletge\/wp-json\/wp\/v2\/posts"}],"about":[{"href":"https:\/\/agora.xtec.cat\/escola-alcoletge\/wp-json\/wp\/v2\/types\/post"}],"author":[{"embeddable":true,"href":"https:\/\/agora.xtec.cat\/escola-alcoletge\/wp-json\/wp\/v2\/users\/41"}],"replies":[{"embeddable":true,"href":"https:\/\/agora.xtec.cat\/escola-alcoletge\/wp-json\/wp\/v2\/comments?post=8263"}],"version-history":[{"count":2,"href":"https:\/\/agora.xtec.cat\/escola-alcoletge\/wp-json\/wp\/v2\/posts\/8263\/revisions"}],"predecessor-version":[{"id":8272,"href":"https:\/\/agora.xtec.cat\/escola-alcoletge\/wp-json\/wp\/v2\/posts\/8263\/revisions\/8272"}],"wp:attachment":[{"href":"https:\/\/agora.xtec.cat\/escola-alcoletge\/wp-json\/wp\/v2\/media?parent=8263"}],"wp:term":[{"taxonomy":"category","embeddable":true,"href":"https:\/\/agora.xtec.cat\/escola-alcoletge\/wp-json\/wp\/v2\/categories?post=8263"},{"taxonomy":"post_tag","embeddable":true,"href":"https:\/\/agora.xtec.cat\/escola-alcoletge\/wp-json\/wp\/v2\/tags?post=8263"}],"curies":[{"name":"wp","href":"https:\/\/api.w.org\/{rel}","templated":true}]}}