{"id":7531,"date":"2023-04-20T12:09:22","date_gmt":"2023-04-20T10:09:22","guid":{"rendered":"https:\/\/agora.xtec.cat\/escola-alcoletge\/?p=7531"},"modified":"2023-04-20T12:09:22","modified_gmt":"2023-04-20T10:09:22","slug":"fem-contacontes","status":"publish","type":"post","link":"https:\/\/agora.xtec.cat\/escola-alcoletge\/primaria\/cicle-superior\/5e-a\/fem-contacontes\/","title":{"rendered":"FEM CONTACONTES!!!"},"content":{"rendered":"<p>El divendres dia 21 d&#8217;abril, els i les alumnes de cinqu\u00e8 contarem un conte als cursos de: I3, I4, I5, 1r i 2n.<\/p>\n<p>Per fer-ho, ens hem distrubu\u00eft en grup de 2 o de 3. Cada grup ha triat un conte adequat per l&#8217;edat corresponent, ja que cada grup t\u00e9 un curs i explica un conte diferent.<\/p>\n<p>Hi ha grups que han decidit fer diverses activitats despr\u00e9s de narrar el conte o entremig per facilitar l&#8217;explicaci\u00f3. Tamb\u00e9 hi ha grups que fan dibuixos o titelles per ajudar a que els infants s&#8217;ho passin millor, perqu\u00e8 sigui m\u00e9s visual i perqu\u00e8 posin m\u00e9s atenci\u00f3.<\/p>\n<p>Aquests contes els hem preparat un munt, amb molta estima, il\u00b7lusi\u00f3 i temps.<\/p>\n<p>L&#8217;activitat la realitzarem al camp del futbol a un quart de quatre.<\/p>\n<p>Farem aquesta activitat gr\u00e0cies a qu\u00e8 a l&#8217;escola celebrem Sant Jordi el dia 21 d&#8217;abril, i aquest dia \u00e9s tradici\u00f3 llegir llibres.<\/p>\n<p>Estem molt contents per poder viure l&#8217;experi\u00e8ncia de contar els contes als nens i nenes d&#8217;infantil i de cicle inicial. Esperem que els hi agradi molt!!!<\/p>\n<p>&nbsp;<\/p>\n<p>Ariadna i Max<img decoding=\"async\" src=\"https:\/\/img.freepik.com\/vector-premium\/libro-cuentos-hadas_23-2147507406.jpg\" alt=\"Im\u00e1genes de Cuenta Cuentos - Descarga gratuita en Freepik\" \/><\/p>\n","protected":false},"excerpt":{"rendered":"<p>El divendres dia 21 d&#8217;abril, els i les alumnes de cinqu\u00e8 contarem un conte als cursos de: I3, I4, I5, 1r i 2n.<br \/>\nPer fer-ho, ens hem distrubu\u00eft en grup de 2 o de 3. Cada grup ha triat un conte adequat per l&#8217;edat corresponent, ja&hellip;  <a href=\"https:\/\/agora.xtec.cat\/escola-alcoletge\/primaria\/cicle-superior\/5e-a\/fem-contacontes\/\" title=\"Read FEM CONTACONTES!!!\">Llegeix m\u00e9s\u00bb<\/a><\/p>\n","protected":false},"author":41,"featured_media":0,"comment_status":"open","ping_status":"closed","sticky":false,"template":"","format":"standard","meta":{"_bbp_topic_count":0,"_bbp_reply_count":0,"_bbp_total_topic_count":0,"_bbp_total_reply_count":0,"_bbp_voice_count":0,"_bbp_anonymous_reply_count":0,"_bbp_topic_count_hidden":0,"_bbp_reply_count_hidden":0,"_bbp_forum_subforum_count":0,"footnotes":""},"categories":[14],"tags":[],"class_list":["post-7531","post","type-post","status-publish","format-standard","hentry","category-5e-a"],"post_mailing_queue_ids":[],"_links":{"self":[{"href":"https:\/\/agora.xtec.cat\/escola-alcoletge\/wp-json\/wp\/v2\/posts\/7531","targetHints":{"allow":["GET"]}}],"collection":[{"href":"https:\/\/agora.xtec.cat\/escola-alcoletge\/wp-json\/wp\/v2\/posts"}],"about":[{"href":"https:\/\/agora.xtec.cat\/escola-alcoletge\/wp-json\/wp\/v2\/types\/post"}],"author":[{"embeddable":true,"href":"https:\/\/agora.xtec.cat\/escola-alcoletge\/wp-json\/wp\/v2\/users\/41"}],"replies":[{"embeddable":true,"href":"https:\/\/agora.xtec.cat\/escola-alcoletge\/wp-json\/wp\/v2\/comments?post=7531"}],"version-history":[{"count":1,"href":"https:\/\/agora.xtec.cat\/escola-alcoletge\/wp-json\/wp\/v2\/posts\/7531\/revisions"}],"predecessor-version":[{"id":7532,"href":"https:\/\/agora.xtec.cat\/escola-alcoletge\/wp-json\/wp\/v2\/posts\/7531\/revisions\/7532"}],"wp:attachment":[{"href":"https:\/\/agora.xtec.cat\/escola-alcoletge\/wp-json\/wp\/v2\/media?parent=7531"}],"wp:term":[{"taxonomy":"category","embeddable":true,"href":"https:\/\/agora.xtec.cat\/escola-alcoletge\/wp-json\/wp\/v2\/categories?post=7531"},{"taxonomy":"post_tag","embeddable":true,"href":"https:\/\/agora.xtec.cat\/escola-alcoletge\/wp-json\/wp\/v2\/tags?post=7531"}],"curies":[{"name":"wp","href":"https:\/\/api.w.org\/{rel}","templated":true}]}}