{"id":735,"date":"2016-09-19T13:45:43","date_gmt":"2016-09-19T11:45:43","guid":{"rendered":"http:\/\/blocs.xtec.cat\/escolaalcoletge\/?p=702"},"modified":"2016-09-19T13:45:43","modified_gmt":"2016-09-19T11:45:43","slug":"reunions-d-inici-de-curs","status":"publish","type":"post","link":"https:\/\/agora.xtec.cat\/escola-alcoletge\/altres\/reunions-d-inici-de-curs\/","title":{"rendered":"REUNIONS D&#8217; INICI DE CURS"},"content":{"rendered":"<p>Atenci\u00f3 mares i pares de l&#8217;escola!<\/p>\n<p>Aquestes s\u00f3n les dates de les reunions d&#8217;inici de curs que es realitzaran a l&#8217;escola. \u00c9s <strong>IMPRESCINDIBLE <\/strong> assistir a la reuni\u00f3, ja que s&#8217;explicaran aspectes del funcionament tant de l&#8217;escola com de la classe (metodologies, aspectes pr\u00e0ctics, sortides, etc) i coneixereu els i les mestres que estaran amb el vostre fill\/a durant tot aquest curs. Us hi esperem!<\/p>\n<h3><strong><span style=\"color: #ff6600;\">P3 &#8211; 22 de setembre<\/span><\/strong><br \/>\n<strong><span style=\"color: #339966;\">P4 i P5 &#8211; 27 de setembre<\/span><\/strong><br \/>\n<strong><span style=\"color: #0000ff;\">Cicle Inicial (1r i 2n) &#8211; 28 de setembre<\/span><\/strong><br \/>\n<strong><span style=\"color: #993366;\">Cicle Mitj\u00e0 (3r i 4t) &#8211; 4 d&#8217;octubre<\/span><\/strong><br \/>\n<strong><span style=\"color: #99cc00;\">Cicle Superior (5\u00e8 i 6\u00e8) &#8211; 26 de setembre<\/span><\/strong><\/h3>\n","protected":false},"excerpt":{"rendered":"<p>Atenci\u00f3 mares i pares de l&#8217;escola!<br \/>\nAquestes s\u00f3n les dates de les reunions d&#8217;inici de curs que es realitzaran a l&#8217;escola. \u00c9s IMPRESCINDIBLE  assistir a la reuni\u00f3, ja que s&#8217;explicaran aspectes del funcionament tant de l&#8217;escola com de la classe (metodologies, aspectes pr\u00e0ctics, sortides, etc)&hellip;  <a href=\"https:\/\/agora.xtec.cat\/escola-alcoletge\/altres\/reunions-d-inici-de-curs\/\" title=\"Read REUNIONS D&#8217; INICI DE CURS\">Llegeix m\u00e9s\u00bb<\/a><\/p>\n","protected":false},"author":1,"featured_media":0,"comment_status":"open","ping_status":"open","sticky":false,"template":"","format":"standard","meta":{"_bbp_topic_count":0,"_bbp_reply_count":0,"_bbp_total_topic_count":0,"_bbp_total_reply_count":0,"_bbp_voice_count":0,"_bbp_anonymous_reply_count":0,"_bbp_topic_count_hidden":0,"_bbp_reply_count_hidden":0,"_bbp_forum_subforum_count":0,"footnotes":""},"categories":[1],"tags":[],"class_list":["post-735","post","type-post","status-publish","format-standard","hentry","category-altres"],"post_mailing_queue_ids":[],"_links":{"self":[{"href":"https:\/\/agora.xtec.cat\/escola-alcoletge\/wp-json\/wp\/v2\/posts\/735","targetHints":{"allow":["GET"]}}],"collection":[{"href":"https:\/\/agora.xtec.cat\/escola-alcoletge\/wp-json\/wp\/v2\/posts"}],"about":[{"href":"https:\/\/agora.xtec.cat\/escola-alcoletge\/wp-json\/wp\/v2\/types\/post"}],"author":[{"embeddable":true,"href":"https:\/\/agora.xtec.cat\/escola-alcoletge\/wp-json\/wp\/v2\/users\/1"}],"replies":[{"embeddable":true,"href":"https:\/\/agora.xtec.cat\/escola-alcoletge\/wp-json\/wp\/v2\/comments?post=735"}],"version-history":[{"count":0,"href":"https:\/\/agora.xtec.cat\/escola-alcoletge\/wp-json\/wp\/v2\/posts\/735\/revisions"}],"wp:attachment":[{"href":"https:\/\/agora.xtec.cat\/escola-alcoletge\/wp-json\/wp\/v2\/media?parent=735"}],"wp:term":[{"taxonomy":"category","embeddable":true,"href":"https:\/\/agora.xtec.cat\/escola-alcoletge\/wp-json\/wp\/v2\/categories?post=735"},{"taxonomy":"post_tag","embeddable":true,"href":"https:\/\/agora.xtec.cat\/escola-alcoletge\/wp-json\/wp\/v2\/tags?post=735"}],"curies":[{"name":"wp","href":"https:\/\/api.w.org\/{rel}","templated":true}]}}