{"id":7227,"date":"2023-01-26T12:07:19","date_gmt":"2023-01-26T11:07:19","guid":{"rendered":"https:\/\/agora.xtec.cat\/escola-alcoletge\/?p=7227"},"modified":"2023-01-26T12:07:19","modified_gmt":"2023-01-26T11:07:19","slug":"els-alumnes-de-5e-comencem-nous-racons","status":"publish","type":"post","link":"https:\/\/agora.xtec.cat\/escola-alcoletge\/portada\/els-alumnes-de-5e-comencem-nous-racons\/","title":{"rendered":"Els alumnes de 5\u00e8 comen\u00e7em nous racons!!!"},"content":{"rendered":"<p>Avui els alumnes de 5\u00e8 hem comen\u00e7at els nous racons de llengua i\u00a0 dem\u00e0 comen\u00e7arem el de matem\u00e0tiques. Estem molt contents de poder fer les noves activitats i gaudir dels nous grups. El nostre grup est\u00e0 format pel Dennis, la Bruna, la Ivet, l&#8217;Ainoa i el Nicolas.<\/p>\n<p>Avui a nosaltres ens ha tocat el rac\u00f3 de Fem de periodistes! A un altre grup li han tocat\u00a0 escriure una hist\u00f2ria amb unes imatges, a uns altres el joc del Qui \u00e9s qui! I per \u00faltim Fer una recepta (en angl\u00e8s)!<\/p>\n<p><a href=\"https:\/\/agora.xtec.cat\/escola-alcoletge\/wp-content\/uploads\/usu1520\/2023\/01\/IMG_20230126_115918-1-rotated.jpg\"><img loading=\"lazy\" decoding=\"async\" class=\"alignleft size-large wp-image-7230\" src=\"https:\/\/agora.xtec.cat\/escola-alcoletge\/wp-content\/uploads\/usu1520\/2023\/01\/IMG_20230126_115918-1-1024x769.jpg\" alt=\"\" width=\"1024\" height=\"769\" srcset=\"https:\/\/agora.xtec.cat\/escola-alcoletge\/wp-content\/uploads\/usu1520\/2023\/01\/IMG_20230126_115918-1-1024x769.jpg 1024w, https:\/\/agora.xtec.cat\/escola-alcoletge\/wp-content\/uploads\/usu1520\/2023\/01\/IMG_20230126_115918-1-300x225.jpg 300w, https:\/\/agora.xtec.cat\/escola-alcoletge\/wp-content\/uploads\/usu1520\/2023\/01\/IMG_20230126_115918-1-768x577.jpg 768w, https:\/\/agora.xtec.cat\/escola-alcoletge\/wp-content\/uploads\/usu1520\/2023\/01\/IMG_20230126_115918-1-1536x1153.jpg 1536w, https:\/\/agora.xtec.cat\/escola-alcoletge\/wp-content\/uploads\/usu1520\/2023\/01\/IMG_20230126_115918-1-2048x1538.jpg 2048w, https:\/\/agora.xtec.cat\/escola-alcoletge\/wp-content\/uploads\/usu1520\/2023\/01\/IMG_20230126_115918-1-200x150.jpg 200w\" sizes=\"auto, (max-width: 1024px) 100vw, 1024px\" \/><\/a><\/p>\n<p style=\"text-align: right;\">Nicolas i Dennis.<\/p>\n<p>&nbsp;<\/p>\n<p>&nbsp;<\/p>\n","protected":false},"excerpt":{"rendered":"<p>Avui els alumnes de 5\u00e8 hem comen\u00e7at els nous racons de llengua i\u00a0 dem\u00e0 comen\u00e7arem el de matem\u00e0tiques. Estem molt contents de poder fer les noves activitats i gaudir dels nous grups. El nostre grup est\u00e0 format pel Dennis, la Bruna, la Ivet, l&#8217;Ainoa i&hellip;  <a href=\"https:\/\/agora.xtec.cat\/escola-alcoletge\/portada\/els-alumnes-de-5e-comencem-nous-racons\/\" title=\"Read Els alumnes de 5\u00e8 comen\u00e7em nous racons!!!\">Llegeix m\u00e9s\u00bb<\/a><\/p>\n","protected":false},"author":41,"featured_media":7230,"comment_status":"open","ping_status":"closed","sticky":false,"template":"","format":"standard","meta":{"_bbp_topic_count":0,"_bbp_reply_count":0,"_bbp_total_topic_count":0,"_bbp_total_reply_count":0,"_bbp_voice_count":0,"_bbp_anonymous_reply_count":0,"_bbp_topic_count_hidden":0,"_bbp_reply_count_hidden":0,"_bbp_forum_subforum_count":0,"footnotes":""},"categories":[14,4],"tags":[],"class_list":["post-7227","post","type-post","status-publish","format-standard","has-post-thumbnail","hentry","category-5e-a","category-portada"],"post_mailing_queue_ids":[],"_links":{"self":[{"href":"https:\/\/agora.xtec.cat\/escola-alcoletge\/wp-json\/wp\/v2\/posts\/7227","targetHints":{"allow":["GET"]}}],"collection":[{"href":"https:\/\/agora.xtec.cat\/escola-alcoletge\/wp-json\/wp\/v2\/posts"}],"about":[{"href":"https:\/\/agora.xtec.cat\/escola-alcoletge\/wp-json\/wp\/v2\/types\/post"}],"author":[{"embeddable":true,"href":"https:\/\/agora.xtec.cat\/escola-alcoletge\/wp-json\/wp\/v2\/users\/41"}],"replies":[{"embeddable":true,"href":"https:\/\/agora.xtec.cat\/escola-alcoletge\/wp-json\/wp\/v2\/comments?post=7227"}],"version-history":[{"count":1,"href":"https:\/\/agora.xtec.cat\/escola-alcoletge\/wp-json\/wp\/v2\/posts\/7227\/revisions"}],"predecessor-version":[{"id":7231,"href":"https:\/\/agora.xtec.cat\/escola-alcoletge\/wp-json\/wp\/v2\/posts\/7227\/revisions\/7231"}],"wp:featuredmedia":[{"embeddable":true,"href":"https:\/\/agora.xtec.cat\/escola-alcoletge\/wp-json\/wp\/v2\/media\/7230"}],"wp:attachment":[{"href":"https:\/\/agora.xtec.cat\/escola-alcoletge\/wp-json\/wp\/v2\/media?parent=7227"}],"wp:term":[{"taxonomy":"category","embeddable":true,"href":"https:\/\/agora.xtec.cat\/escola-alcoletge\/wp-json\/wp\/v2\/categories?post=7227"},{"taxonomy":"post_tag","embeddable":true,"href":"https:\/\/agora.xtec.cat\/escola-alcoletge\/wp-json\/wp\/v2\/tags?post=7227"}],"curies":[{"name":"wp","href":"https:\/\/api.w.org\/{rel}","templated":true}]}}