{"id":7183,"date":"2023-01-12T12:13:54","date_gmt":"2023-01-12T11:13:54","guid":{"rendered":"https:\/\/agora.xtec.cat\/escola-alcoletge\/?p=7183"},"modified":"2023-01-12T12:13:54","modified_gmt":"2023-01-12T11:13:54","slug":"el-radiopati","status":"publish","type":"post","link":"https:\/\/agora.xtec.cat\/escola-alcoletge\/primaria\/cicle-superior\/5e-a\/el-radiopati\/","title":{"rendered":"EL RADIOPATI"},"content":{"rendered":"<p>El Dimarts 20 de desembre a la tarda\u00a0 l&#8217;escola d&#8217;Alcoletge vam fer el gran Radiopati.<\/p>\n<p>Els de 5\u00e8 vam cantar i ballar la can\u00e7\u00f3 de La pastora Caterina. Vam anar vestits amb els pantalons negres, la samarreta blanca i un complement de rock and\u00a0 roll.<\/p>\n<p>El gran Radiopati el vam fer al pavell\u00f3, ho vam fer perqu\u00e8 s&#8217;apropaven les vacances de Nadal i \u00e9s una tradici\u00f3 de la nostra escola.<\/p>\n<p>Si voleu, podeu mirar les actuacions a l&#8217;article &#8220;Alcoletge TV Nadal 22-23&#8221;. Us deixem l&#8217;enlla\u00e7 <a href=\"https:\/\/youtu.be\/aorOFFI0llI\">aqu\u00ed<\/a><\/p>\n<p style=\"text-align: right;\">Eric i Iker.<\/p>\n<p>&nbsp;<\/p>\n","protected":false},"excerpt":{"rendered":"<p>El Dimarts 20 de desembre a la tarda\u00a0 l&#8217;escola d&#8217;Alcoletge vam fer el gran Radiopati.<br \/>\nEls de 5\u00e8 vam cantar i ballar la can\u00e7\u00f3 de La pastora Caterina. Vam anar vestits amb els pantalons negres, la samarreta blanca i un complement de rock and\u00a0 roll.<br \/>\nEl gran&hellip;  <a href=\"https:\/\/agora.xtec.cat\/escola-alcoletge\/primaria\/cicle-superior\/5e-a\/el-radiopati\/\" title=\"Read EL RADIOPATI\">Llegeix m\u00e9s\u00bb<\/a><\/p>\n","protected":false},"author":41,"featured_media":7187,"comment_status":"open","ping_status":"closed","sticky":false,"template":"","format":"standard","meta":{"_bbp_topic_count":0,"_bbp_reply_count":0,"_bbp_total_topic_count":0,"_bbp_total_reply_count":0,"_bbp_voice_count":0,"_bbp_anonymous_reply_count":0,"_bbp_topic_count_hidden":0,"_bbp_reply_count_hidden":0,"_bbp_forum_subforum_count":0,"footnotes":""},"categories":[14],"tags":[],"class_list":["post-7183","post","type-post","status-publish","format-standard","has-post-thumbnail","hentry","category-5e-a"],"post_mailing_queue_ids":[],"_links":{"self":[{"href":"https:\/\/agora.xtec.cat\/escola-alcoletge\/wp-json\/wp\/v2\/posts\/7183","targetHints":{"allow":["GET"]}}],"collection":[{"href":"https:\/\/agora.xtec.cat\/escola-alcoletge\/wp-json\/wp\/v2\/posts"}],"about":[{"href":"https:\/\/agora.xtec.cat\/escola-alcoletge\/wp-json\/wp\/v2\/types\/post"}],"author":[{"embeddable":true,"href":"https:\/\/agora.xtec.cat\/escola-alcoletge\/wp-json\/wp\/v2\/users\/41"}],"replies":[{"embeddable":true,"href":"https:\/\/agora.xtec.cat\/escola-alcoletge\/wp-json\/wp\/v2\/comments?post=7183"}],"version-history":[{"count":1,"href":"https:\/\/agora.xtec.cat\/escola-alcoletge\/wp-json\/wp\/v2\/posts\/7183\/revisions"}],"predecessor-version":[{"id":7186,"href":"https:\/\/agora.xtec.cat\/escola-alcoletge\/wp-json\/wp\/v2\/posts\/7183\/revisions\/7186"}],"wp:featuredmedia":[{"embeddable":true,"href":"https:\/\/agora.xtec.cat\/escola-alcoletge\/wp-json\/wp\/v2\/media\/7187"}],"wp:attachment":[{"href":"https:\/\/agora.xtec.cat\/escola-alcoletge\/wp-json\/wp\/v2\/media?parent=7183"}],"wp:term":[{"taxonomy":"category","embeddable":true,"href":"https:\/\/agora.xtec.cat\/escola-alcoletge\/wp-json\/wp\/v2\/categories?post=7183"},{"taxonomy":"post_tag","embeddable":true,"href":"https:\/\/agora.xtec.cat\/escola-alcoletge\/wp-json\/wp\/v2\/tags?post=7183"}],"curies":[{"name":"wp","href":"https:\/\/api.w.org\/{rel}","templated":true}]}}