{"id":6966,"date":"2022-11-17T12:12:43","date_gmt":"2022-11-17T11:12:43","guid":{"rendered":"https:\/\/agora.xtec.cat\/escola-alcoletge\/?p=6966"},"modified":"2022-11-17T12:12:43","modified_gmt":"2022-11-17T11:12:43","slug":"comencem-el-nou-projecte-dentorn","status":"publish","type":"post","link":"https:\/\/agora.xtec.cat\/escola-alcoletge\/primaria\/cicle-superior\/5e-a\/comencem-el-nou-projecte-dentorn\/","title":{"rendered":"COMENCEM EL NOU PROJECTE  D&#8217;ENTORN!!!"},"content":{"rendered":"<p>El passat dilluns, els nens i nenes de 5\u00e8A vam comen\u00e7ar el nou projecte d&#8217;entorn, que es diu Els Sectors Econ\u00f2mics. Em comen\u00e7at a fer una presentaci\u00f3 en grups dels 3 sectors: El primari, el secundari i el terciari.<\/p>\n<p>Investigarem quantes empreses, f\u00e0briques i agricultors hi ha a\u00a0 Alcoletge i Catalunya, tambe buscarem quin % hi ha de treballadors a cada sector i preguntarem a les nostres families sobre els sectors. Ens agrada molt aquest projecte.<\/p>\n<p><a href=\"https:\/\/agora.xtec.cat\/escola-alcoletge\/wp-content\/uploads\/usu1520\/2022\/11\/hqdefault.jpg\"><img loading=\"lazy\" decoding=\"async\" class=\"alignleft  wp-image-6968\" src=\"https:\/\/agora.xtec.cat\/escola-alcoletge\/wp-content\/uploads\/usu1520\/2022\/11\/hqdefault.jpg\" alt=\"\" width=\"295\" height=\"221\" srcset=\"https:\/\/agora.xtec.cat\/escola-alcoletge\/wp-content\/uploads\/usu1520\/2022\/11\/hqdefault.jpg 480w, https:\/\/agora.xtec.cat\/escola-alcoletge\/wp-content\/uploads\/usu1520\/2022\/11\/hqdefault-300x225.jpg 300w, https:\/\/agora.xtec.cat\/escola-alcoletge\/wp-content\/uploads\/usu1520\/2022\/11\/hqdefault-200x150.jpg 200w\" sizes=\"auto, (max-width: 295px) 100vw, 295px\" \/><\/a> <a href=\"https:\/\/agora.xtec.cat\/escola-alcoletge\/wp-content\/uploads\/usu1520\/2022\/11\/baixa-1.jpeg\"><img loading=\"lazy\" decoding=\"async\" class=\"wp-image-6969 alignright\" src=\"https:\/\/agora.xtec.cat\/escola-alcoletge\/wp-content\/uploads\/usu1520\/2022\/11\/baixa-1.jpeg\" alt=\"\" width=\"233\" height=\"183\" \/><\/a> <a href=\"https:\/\/agora.xtec.cat\/escola-alcoletge\/wp-content\/uploads\/usu1520\/2022\/11\/sector_secundario_definicion_y_ejemplos_2506_600_square.jpg\"><img loading=\"lazy\" decoding=\"async\" class=\"wp-image-6970 alignright\" src=\"https:\/\/agora.xtec.cat\/escola-alcoletge\/wp-content\/uploads\/usu1520\/2022\/11\/sector_secundario_definicion_y_ejemplos_2506_600_square.jpg\" alt=\"\" width=\"274\" height=\"274\" srcset=\"https:\/\/agora.xtec.cat\/escola-alcoletge\/wp-content\/uploads\/usu1520\/2022\/11\/sector_secundario_definicion_y_ejemplos_2506_600_square.jpg 600w, https:\/\/agora.xtec.cat\/escola-alcoletge\/wp-content\/uploads\/usu1520\/2022\/11\/sector_secundario_definicion_y_ejemplos_2506_600_square-300x300.jpg 300w, https:\/\/agora.xtec.cat\/escola-alcoletge\/wp-content\/uploads\/usu1520\/2022\/11\/sector_secundario_definicion_y_ejemplos_2506_600_square-150x150.jpg 150w\" sizes=\"auto, (max-width: 274px) 100vw, 274px\" \/><\/a> <a href=\"https:\/\/agora.xtec.cat\/escola-alcoletge\/wp-content\/uploads\/usu1520\/2022\/11\/baixa.jpeg\"><img loading=\"lazy\" decoding=\"async\" class=\"wp-image-6971 alignleft\" src=\"https:\/\/agora.xtec.cat\/escola-alcoletge\/wp-content\/uploads\/usu1520\/2022\/11\/baixa.jpeg\" alt=\"\" width=\"275\" height=\"206\" srcset=\"https:\/\/agora.xtec.cat\/escola-alcoletge\/wp-content\/uploads\/usu1520\/2022\/11\/baixa.jpeg 259w, https:\/\/agora.xtec.cat\/escola-alcoletge\/wp-content\/uploads\/usu1520\/2022\/11\/baixa-200x150.jpeg 200w\" sizes=\"auto, (max-width: 275px) 100vw, 275px\" \/><\/a><\/p>\n<p>&nbsp;<\/p>\n<p>&nbsp;<\/p>\n<p>&nbsp;<\/p>\n<p>&nbsp;<\/p>\n<p>&nbsp;<\/p>\n<p>&nbsp;<\/p>\n<p>&nbsp;<\/p>\n<p>&nbsp;<\/p>\n<p>&nbsp;<\/p>\n<p>&nbsp;<\/p>\n<p>&nbsp;<\/p>\n<p>Hugo, Izan i Nicolas<\/p>\n","protected":false},"excerpt":{"rendered":"<p>El passat dilluns, els nens i nenes de 5\u00e8A vam comen\u00e7ar el nou projecte d&#8217;entorn, que es diu Els Sectors Econ\u00f2mics. Em comen\u00e7at a fer una presentaci\u00f3 en grups dels 3 sectors: El primari, el secundari i el terciari.<br \/>\nInvestigarem quantes empreses, f\u00e0briques i agricultors hi&hellip;  <a href=\"https:\/\/agora.xtec.cat\/escola-alcoletge\/primaria\/cicle-superior\/5e-a\/comencem-el-nou-projecte-dentorn\/\" title=\"Read COMENCEM EL NOU PROJECTE  D&#8217;ENTORN!!!\">Llegeix m\u00e9s\u00bb<\/a><\/p>\n","protected":false},"author":41,"featured_media":6969,"comment_status":"open","ping_status":"closed","sticky":false,"template":"","format":"standard","meta":{"_bbp_topic_count":0,"_bbp_reply_count":0,"_bbp_total_topic_count":0,"_bbp_total_reply_count":0,"_bbp_voice_count":0,"_bbp_anonymous_reply_count":0,"_bbp_topic_count_hidden":0,"_bbp_reply_count_hidden":0,"_bbp_forum_subforum_count":0,"footnotes":""},"categories":[14],"tags":[],"class_list":["post-6966","post","type-post","status-publish","format-standard","has-post-thumbnail","hentry","category-5e-a"],"post_mailing_queue_ids":[],"_links":{"self":[{"href":"https:\/\/agora.xtec.cat\/escola-alcoletge\/wp-json\/wp\/v2\/posts\/6966","targetHints":{"allow":["GET"]}}],"collection":[{"href":"https:\/\/agora.xtec.cat\/escola-alcoletge\/wp-json\/wp\/v2\/posts"}],"about":[{"href":"https:\/\/agora.xtec.cat\/escola-alcoletge\/wp-json\/wp\/v2\/types\/post"}],"author":[{"embeddable":true,"href":"https:\/\/agora.xtec.cat\/escola-alcoletge\/wp-json\/wp\/v2\/users\/41"}],"replies":[{"embeddable":true,"href":"https:\/\/agora.xtec.cat\/escola-alcoletge\/wp-json\/wp\/v2\/comments?post=6966"}],"version-history":[{"count":1,"href":"https:\/\/agora.xtec.cat\/escola-alcoletge\/wp-json\/wp\/v2\/posts\/6966\/revisions"}],"predecessor-version":[{"id":6974,"href":"https:\/\/agora.xtec.cat\/escola-alcoletge\/wp-json\/wp\/v2\/posts\/6966\/revisions\/6974"}],"wp:featuredmedia":[{"embeddable":true,"href":"https:\/\/agora.xtec.cat\/escola-alcoletge\/wp-json\/wp\/v2\/media\/6969"}],"wp:attachment":[{"href":"https:\/\/agora.xtec.cat\/escola-alcoletge\/wp-json\/wp\/v2\/media?parent=6966"}],"wp:term":[{"taxonomy":"category","embeddable":true,"href":"https:\/\/agora.xtec.cat\/escola-alcoletge\/wp-json\/wp\/v2\/categories?post=6966"},{"taxonomy":"post_tag","embeddable":true,"href":"https:\/\/agora.xtec.cat\/escola-alcoletge\/wp-json\/wp\/v2\/tags?post=6966"}],"curies":[{"name":"wp","href":"https:\/\/api.w.org\/{rel}","templated":true}]}}