{"id":6937,"date":"2022-11-16T12:29:33","date_gmt":"2022-11-16T11:29:33","guid":{"rendered":"https:\/\/agora.xtec.cat\/escola-alcoletge\/?p=6937"},"modified":"2022-11-24T13:59:18","modified_gmt":"2022-11-24T12:59:18","slug":"observem-cellules-vegetals","status":"publish","type":"post","link":"https:\/\/agora.xtec.cat\/escola-alcoletge\/primaria\/cicle-superior\/5e-b\/observem-cellules-vegetals\/","title":{"rendered":"OBSERVEM C\u00c8L\u00b7LULES VEGETALS"},"content":{"rendered":"<p>Per primera vegada utilitzem un microscopi.<\/p>\n<p>El passat dimarts 8 de novembre a la classe de 5\u00e8 A amb la nostra professora Irina i la seva ajudant Cl\u00e0udia, vam agafar un tros de ceba i li vam treure la pell, la vam posar a un vidre, vam afegir colorant i aigua i la vam observar pel microscopi. A continuaci\u00f3 vam fer un dibuix d&#8217;all\u00f2 que vam veure ja que ens serviria per estudiar all\u00f2 que estem treballant a Medi.<\/p>\n<p><a href=\"https:\/\/agora.xtec.cat\/escola-alcoletge\/wp-content\/uploads\/usu1520\/2022\/11\/ceba.jpg\"><img loading=\"lazy\" decoding=\"async\" class=\"alignleft wp-image-6964\" src=\"https:\/\/agora.xtec.cat\/escola-alcoletge\/wp-content\/uploads\/usu1520\/2022\/11\/ceba.jpg\" alt=\"\" width=\"243\" height=\"182\" srcset=\"https:\/\/agora.xtec.cat\/escola-alcoletge\/wp-content\/uploads\/usu1520\/2022\/11\/ceba.jpg 320w, https:\/\/agora.xtec.cat\/escola-alcoletge\/wp-content\/uploads\/usu1520\/2022\/11\/ceba-300x225.jpg 300w, https:\/\/agora.xtec.cat\/escola-alcoletge\/wp-content\/uploads\/usu1520\/2022\/11\/ceba-200x150.jpg 200w\" sizes=\"auto, (max-width: 243px) 100vw, 243px\" \/><\/a><\/p>\n<p style=\"text-align: right;\">Aitana, Maria, Iker, Diego i Sergi<\/p>\n<p>&nbsp;<\/p>\n","protected":false},"excerpt":{"rendered":"<p>Per primera vegada utilitzem un microscopi.<br \/>\nEl passat dimarts 8 de novembre a la classe de 5\u00e8 A amb la nostra professora Irina i la seva ajudant Cl\u00e0udia, vam agafar un tros de ceba i li vam treure la pell, la vam posar a un vidre,&hellip;  <a href=\"https:\/\/agora.xtec.cat\/escola-alcoletge\/primaria\/cicle-superior\/5e-b\/observem-cellules-vegetals\/\" title=\"Read OBSERVEM C\u00c8L\u00b7LULES VEGETALS\">Llegeix m\u00e9s\u00bb<\/a><\/p>\n","protected":false},"author":41,"featured_media":7041,"comment_status":"open","ping_status":"closed","sticky":false,"template":"","format":"standard","meta":{"_bbp_topic_count":0,"_bbp_reply_count":0,"_bbp_total_topic_count":0,"_bbp_total_reply_count":0,"_bbp_voice_count":0,"_bbp_anonymous_reply_count":0,"_bbp_topic_count_hidden":0,"_bbp_reply_count_hidden":0,"_bbp_forum_subforum_count":0,"footnotes":""},"categories":[85],"tags":[],"class_list":["post-6937","post","type-post","status-publish","format-standard","has-post-thumbnail","hentry","category-5e-b"],"post_mailing_queue_ids":[],"_links":{"self":[{"href":"https:\/\/agora.xtec.cat\/escola-alcoletge\/wp-json\/wp\/v2\/posts\/6937","targetHints":{"allow":["GET"]}}],"collection":[{"href":"https:\/\/agora.xtec.cat\/escola-alcoletge\/wp-json\/wp\/v2\/posts"}],"about":[{"href":"https:\/\/agora.xtec.cat\/escola-alcoletge\/wp-json\/wp\/v2\/types\/post"}],"author":[{"embeddable":true,"href":"https:\/\/agora.xtec.cat\/escola-alcoletge\/wp-json\/wp\/v2\/users\/41"}],"replies":[{"embeddable":true,"href":"https:\/\/agora.xtec.cat\/escola-alcoletge\/wp-json\/wp\/v2\/comments?post=6937"}],"version-history":[{"count":3,"href":"https:\/\/agora.xtec.cat\/escola-alcoletge\/wp-json\/wp\/v2\/posts\/6937\/revisions"}],"predecessor-version":[{"id":7039,"href":"https:\/\/agora.xtec.cat\/escola-alcoletge\/wp-json\/wp\/v2\/posts\/6937\/revisions\/7039"}],"wp:featuredmedia":[{"embeddable":true,"href":"https:\/\/agora.xtec.cat\/escola-alcoletge\/wp-json\/wp\/v2\/media\/7041"}],"wp:attachment":[{"href":"https:\/\/agora.xtec.cat\/escola-alcoletge\/wp-json\/wp\/v2\/media?parent=6937"}],"wp:term":[{"taxonomy":"category","embeddable":true,"href":"https:\/\/agora.xtec.cat\/escola-alcoletge\/wp-json\/wp\/v2\/categories?post=6937"},{"taxonomy":"post_tag","embeddable":true,"href":"https:\/\/agora.xtec.cat\/escola-alcoletge\/wp-json\/wp\/v2\/tags?post=6937"}],"curies":[{"name":"wp","href":"https:\/\/api.w.org\/{rel}","templated":true}]}}