{"id":6228,"date":"2022-04-01T15:48:04","date_gmt":"2022-04-01T13:48:04","guid":{"rendered":"https:\/\/agora.xtec.cat\/escola-alcoletge\/?p=6228"},"modified":"2022-04-01T15:48:04","modified_gmt":"2022-04-01T13:48:04","slug":"english-day","status":"publish","type":"post","link":"https:\/\/agora.xtec.cat\/escola-alcoletge\/primaria\/cicle-superior\/6e-b\/english-day\/","title":{"rendered":"English day"},"content":{"rendered":"<p>El 8 d&#8217;abril del 2022 celebrarem l&#8217;English day.<\/p>\n<p>El divendres vinent a l&#8217;escola farem l&#8217;English day, que en catal\u00e0 vol dir dia de l&#8217;angl\u00e8s, i durar\u00e0 tot el dia . Segurament farem el mateix que l&#8217;any anterior, que vam pintar samarretes, vam ballar una can\u00e7\u00f3 i vam fer un mural de monuments i paraules en angl\u00e8s.<\/p>\n<p>El dia anterior farem la bicicletada a Bellv\u00eds i el dia seg\u00fcent, el divendres, comen\u00e7aran<a href=\"https:\/\/agora.xtec.cat\/escola-alcoletge\/wp-content\/uploads\/usu1520\/2022\/04\/bandera-de-.jpg\"><img loading=\"lazy\" decoding=\"async\" class=\"wp-image-6234 alignright\" src=\"https:\/\/agora.xtec.cat\/escola-alcoletge\/wp-content\/uploads\/usu1520\/2022\/04\/bandera-de-.jpg\" alt=\"\" width=\"288\" height=\"162\" srcset=\"https:\/\/agora.xtec.cat\/escola-alcoletge\/wp-content\/uploads\/usu1520\/2022\/04\/bandera-de-.jpg 655w, https:\/\/agora.xtec.cat\/escola-alcoletge\/wp-content\/uploads\/usu1520\/2022\/04\/bandera-de--300x169.jpg 300w\" sizes=\"auto, (max-width: 288px) 100vw, 288px\" \/><\/a> les vacances de Setmana Santa. Tindrem una setmana de vacances i ens ho passarem molt b\u00e9. Al tornar tindrem les compet\u00e8ncies b\u00e0siques que ning\u00fa t\u00e9 ganes de que arribin\ud83d\ude05\ud83d\ude02.<\/p>\n<p>&nbsp;<\/p>\n<p style=\"text-align: right;\">\n<p style=\"text-align: right;\">Biel, Alexandre i Iu<\/p>\n","protected":false},"excerpt":{"rendered":"<p>El 8 d&#8217;abril del 2022 celebrarem l&#8217;English day.<br \/>\nEl divendres vinent a l&#8217;escola farem l&#8217;English day, que en catal\u00e0 vol dir dia de l&#8217;angl\u00e8s, i durar\u00e0 tot el dia . Segurament farem el mateix que l&#8217;any anterior, que vam pintar samarretes, vam ballar una can\u00e7\u00f3 i&hellip;  <a href=\"https:\/\/agora.xtec.cat\/escola-alcoletge\/primaria\/cicle-superior\/6e-b\/english-day\/\" title=\"Read English day\">Llegeix m\u00e9s\u00bb<\/a><\/p>\n","protected":false},"author":41,"featured_media":6234,"comment_status":"open","ping_status":"closed","sticky":false,"template":"","format":"standard","meta":{"_bbp_topic_count":0,"_bbp_reply_count":0,"_bbp_total_topic_count":0,"_bbp_total_reply_count":0,"_bbp_voice_count":0,"_bbp_anonymous_reply_count":0,"_bbp_topic_count_hidden":0,"_bbp_reply_count_hidden":0,"_bbp_forum_subforum_count":0,"footnotes":""},"categories":[92],"tags":[],"class_list":["post-6228","post","type-post","status-publish","format-standard","has-post-thumbnail","hentry","category-6e-b"],"post_mailing_queue_ids":[],"_links":{"self":[{"href":"https:\/\/agora.xtec.cat\/escola-alcoletge\/wp-json\/wp\/v2\/posts\/6228","targetHints":{"allow":["GET"]}}],"collection":[{"href":"https:\/\/agora.xtec.cat\/escola-alcoletge\/wp-json\/wp\/v2\/posts"}],"about":[{"href":"https:\/\/agora.xtec.cat\/escola-alcoletge\/wp-json\/wp\/v2\/types\/post"}],"author":[{"embeddable":true,"href":"https:\/\/agora.xtec.cat\/escola-alcoletge\/wp-json\/wp\/v2\/users\/41"}],"replies":[{"embeddable":true,"href":"https:\/\/agora.xtec.cat\/escola-alcoletge\/wp-json\/wp\/v2\/comments?post=6228"}],"version-history":[{"count":1,"href":"https:\/\/agora.xtec.cat\/escola-alcoletge\/wp-json\/wp\/v2\/posts\/6228\/revisions"}],"predecessor-version":[{"id":6235,"href":"https:\/\/agora.xtec.cat\/escola-alcoletge\/wp-json\/wp\/v2\/posts\/6228\/revisions\/6235"}],"wp:featuredmedia":[{"embeddable":true,"href":"https:\/\/agora.xtec.cat\/escola-alcoletge\/wp-json\/wp\/v2\/media\/6234"}],"wp:attachment":[{"href":"https:\/\/agora.xtec.cat\/escola-alcoletge\/wp-json\/wp\/v2\/media?parent=6228"}],"wp:term":[{"taxonomy":"category","embeddable":true,"href":"https:\/\/agora.xtec.cat\/escola-alcoletge\/wp-json\/wp\/v2\/categories?post=6228"},{"taxonomy":"post_tag","embeddable":true,"href":"https:\/\/agora.xtec.cat\/escola-alcoletge\/wp-json\/wp\/v2\/tags?post=6228"}],"curies":[{"name":"wp","href":"https:\/\/api.w.org\/{rel}","templated":true}]}}