{"id":6167,"date":"2022-03-22T12:25:00","date_gmt":"2022-03-22T11:25:00","guid":{"rendered":"https:\/\/agora.xtec.cat\/escola-alcoletge\/?p=6167"},"modified":"2022-03-22T12:25:00","modified_gmt":"2022-03-22T11:25:00","slug":"excursio-a-abizanda","status":"publish","type":"post","link":"https:\/\/agora.xtec.cat\/escola-alcoletge\/primaria\/cicle-superior\/6e-a\/excursio-a-abizanda\/","title":{"rendered":"Excursi\u00f3 a Abizanda!"},"content":{"rendered":"<p>El dijous 17 de mar\u00e7 els nens i nenes de 6\u00e8 i 5\u00e8 vam anar\u00a0 d&#8217;excursi\u00f3 a Abizanda. Vam sortir a les 9h del mat\u00ed d&#8217;Alcoletge i vam arribar a Abizanda a dos quarts d&#8217;onze, l&#8217;hora de la tornada al poble va ser a les 16:30.<\/p>\n<p>A\u00a0 Abiznda vam veure la Casa de los T\u00edteres. Quan vam arribar vam esmorzar, vam deixar\u00a0 les motxilles i vam tenir un quart d&#8217;hora de temps lliure abans d&#8217;entrar al teatre.<\/p>\n<p>A continuaci\u00f3 vam dinar i vam estar jugant pel poble abans d&#8217;anar a veure el museu. El museu era de titelles d&#8217;arreu del m\u00f3n, hi havien algunes que es pod\u00eden tocar i d&#8217;altres que no, tot i aix\u00ed ens ho vam passar molt b\u00e9.<\/p>\n<p><a href=\"https:\/\/agora.xtec.cat\/escola-alcoletge\/wp-content\/uploads\/usu1520\/2022\/03\/logo-casa-de-los-titeres@2x.png\"><img loading=\"lazy\" decoding=\"async\" class=\"alignleft size-full wp-image-6170\" src=\"https:\/\/agora.xtec.cat\/escola-alcoletge\/wp-content\/uploads\/usu1520\/2022\/03\/logo-casa-de-los-titeres@2x.png\" alt=\"\" width=\"308\" height=\"104\" srcset=\"https:\/\/agora.xtec.cat\/escola-alcoletge\/wp-content\/uploads\/usu1520\/2022\/03\/logo-casa-de-los-titeres@2x.png 308w, https:\/\/agora.xtec.cat\/escola-alcoletge\/wp-content\/uploads\/usu1520\/2022\/03\/logo-casa-de-los-titeres@2x-300x101.png 300w\" sizes=\"auto, (max-width: 308px) 100vw, 308px\" \/><\/a><\/p>\n<p>&nbsp;<\/p>\n<p>&nbsp;<\/p>\n<p>&nbsp;<\/p>\n<p>&nbsp;<\/p>\n<p>Elba, Cristina, Esther<\/p>\n","protected":false},"excerpt":{"rendered":"<p>El dijous 17 de mar\u00e7 els nens i nenes de 6\u00e8 i 5\u00e8 vam anar\u00a0 d&#8217;excursi\u00f3 a Abizanda. Vam sortir a les 9h del mat\u00ed d&#8217;Alcoletge i vam arribar a Abizanda a dos quarts d&#8217;onze, l&#8217;hora de la tornada al poble va ser a les&hellip;  <a href=\"https:\/\/agora.xtec.cat\/escola-alcoletge\/primaria\/cicle-superior\/6e-a\/excursio-a-abizanda\/\" title=\"Read Excursi\u00f3 a Abizanda!\">Llegeix m\u00e9s\u00bb<\/a><\/p>\n","protected":false},"author":41,"featured_media":6170,"comment_status":"open","ping_status":"closed","sticky":false,"template":"","format":"standard","meta":{"_bbp_topic_count":0,"_bbp_reply_count":0,"_bbp_total_topic_count":0,"_bbp_total_reply_count":0,"_bbp_voice_count":0,"_bbp_anonymous_reply_count":0,"_bbp_topic_count_hidden":0,"_bbp_reply_count_hidden":0,"_bbp_forum_subforum_count":0,"footnotes":""},"categories":[15],"tags":[],"class_list":["post-6167","post","type-post","status-publish","format-standard","has-post-thumbnail","hentry","category-6e-a"],"post_mailing_queue_ids":[],"_links":{"self":[{"href":"https:\/\/agora.xtec.cat\/escola-alcoletge\/wp-json\/wp\/v2\/posts\/6167","targetHints":{"allow":["GET"]}}],"collection":[{"href":"https:\/\/agora.xtec.cat\/escola-alcoletge\/wp-json\/wp\/v2\/posts"}],"about":[{"href":"https:\/\/agora.xtec.cat\/escola-alcoletge\/wp-json\/wp\/v2\/types\/post"}],"author":[{"embeddable":true,"href":"https:\/\/agora.xtec.cat\/escola-alcoletge\/wp-json\/wp\/v2\/users\/41"}],"replies":[{"embeddable":true,"href":"https:\/\/agora.xtec.cat\/escola-alcoletge\/wp-json\/wp\/v2\/comments?post=6167"}],"version-history":[{"count":1,"href":"https:\/\/agora.xtec.cat\/escola-alcoletge\/wp-json\/wp\/v2\/posts\/6167\/revisions"}],"predecessor-version":[{"id":6173,"href":"https:\/\/agora.xtec.cat\/escola-alcoletge\/wp-json\/wp\/v2\/posts\/6167\/revisions\/6173"}],"wp:featuredmedia":[{"embeddable":true,"href":"https:\/\/agora.xtec.cat\/escola-alcoletge\/wp-json\/wp\/v2\/media\/6170"}],"wp:attachment":[{"href":"https:\/\/agora.xtec.cat\/escola-alcoletge\/wp-json\/wp\/v2\/media?parent=6167"}],"wp:term":[{"taxonomy":"category","embeddable":true,"href":"https:\/\/agora.xtec.cat\/escola-alcoletge\/wp-json\/wp\/v2\/categories?post=6167"},{"taxonomy":"post_tag","embeddable":true,"href":"https:\/\/agora.xtec.cat\/escola-alcoletge\/wp-json\/wp\/v2\/tags?post=6167"}],"curies":[{"name":"wp","href":"https:\/\/api.w.org\/{rel}","templated":true}]}}