{"id":6154,"date":"2022-03-18T15:39:59","date_gmt":"2022-03-18T14:39:59","guid":{"rendered":"https:\/\/agora.xtec.cat\/escola-alcoletge\/?p=6154"},"modified":"2022-03-18T15:39:59","modified_gmt":"2022-03-18T14:39:59","slug":"un-dia-diferent","status":"publish","type":"post","link":"https:\/\/agora.xtec.cat\/escola-alcoletge\/primaria\/cicle-superior\/6e-b\/un-dia-diferent\/","title":{"rendered":"Un dia diferent !"},"content":{"rendered":"<p>El dimarts 15 de mar\u00e7 del 2022<\/p>\n<p>Va ser vaga de mestres, i nosaltres ens va afectar de manera <em>diferent.<\/em> Al mat\u00ed vam estar jugant, escoltant m\u00fasica, mirant videos, avan\u00e7ant feina etc amb l&#8217;ordinador. Despr\u00e9s vam anar al pati a jugar durant 1 hora, no com sempre que fem 30 minuts, mes tard del pati vam fer 20 minuts de lectura. Quan vam acabar de llegir vam seguir amb l&#8217;ordinador fins les 12:30\ud83d\udd67 a l&#8217;hora de dinar. Per la tarda vam votar per veure una pel\u00b7l\u00edcula, la que va guanyar va ser la de Encanto, encara ens falta acabar de veure la pel\u00b7l\u00edcula.<\/p>\n<p>&nbsp;<\/p>\n<p><a href=\"https:\/\/agora.xtec.cat\/escola-alcoletge\/wp-content\/uploads\/usu1520\/2022\/03\/encanto-review_v1x3.jpg\"><img loading=\"lazy\" decoding=\"async\" class=\"alignleft size-large wp-image-6156\" src=\"https:\/\/agora.xtec.cat\/escola-alcoletge\/wp-content\/uploads\/usu1520\/2022\/03\/encanto-review_v1x3-1024x576.jpg\" alt=\"\" width=\"1024\" height=\"576\" srcset=\"https:\/\/agora.xtec.cat\/escola-alcoletge\/wp-content\/uploads\/usu1520\/2022\/03\/encanto-review_v1x3-1024x576.jpg 1024w, https:\/\/agora.xtec.cat\/escola-alcoletge\/wp-content\/uploads\/usu1520\/2022\/03\/encanto-review_v1x3-300x169.jpg 300w, https:\/\/agora.xtec.cat\/escola-alcoletge\/wp-content\/uploads\/usu1520\/2022\/03\/encanto-review_v1x3-768x432.jpg 768w, https:\/\/agora.xtec.cat\/escola-alcoletge\/wp-content\/uploads\/usu1520\/2022\/03\/encanto-review_v1x3.jpg 1280w\" sizes=\"auto, (max-width: 1024px) 100vw, 1024px\" \/><\/a><\/p>\n","protected":false},"excerpt":{"rendered":"<p>El dimarts 15 de mar\u00e7 del 2022<br \/>\nVa ser vaga de mestres, i nosaltres ens va afectar de manera diferent. Al mat\u00ed vam estar jugant, escoltant m\u00fasica, mirant videos, avan\u00e7ant feina etc amb l&#8217;ordinador. Despr\u00e9s vam anar al pati a jugar durant 1 hora, no com&hellip;  <a href=\"https:\/\/agora.xtec.cat\/escola-alcoletge\/primaria\/cicle-superior\/6e-b\/un-dia-diferent\/\" title=\"Read Un dia diferent !\">Llegeix m\u00e9s\u00bb<\/a><\/p>\n","protected":false},"author":41,"featured_media":6156,"comment_status":"open","ping_status":"closed","sticky":false,"template":"","format":"standard","meta":{"_bbp_topic_count":0,"_bbp_reply_count":0,"_bbp_total_topic_count":0,"_bbp_total_reply_count":0,"_bbp_voice_count":0,"_bbp_anonymous_reply_count":0,"_bbp_topic_count_hidden":0,"_bbp_reply_count_hidden":0,"_bbp_forum_subforum_count":0,"footnotes":""},"categories":[92],"tags":[],"class_list":["post-6154","post","type-post","status-publish","format-standard","has-post-thumbnail","hentry","category-6e-b"],"post_mailing_queue_ids":[],"_links":{"self":[{"href":"https:\/\/agora.xtec.cat\/escola-alcoletge\/wp-json\/wp\/v2\/posts\/6154","targetHints":{"allow":["GET"]}}],"collection":[{"href":"https:\/\/agora.xtec.cat\/escola-alcoletge\/wp-json\/wp\/v2\/posts"}],"about":[{"href":"https:\/\/agora.xtec.cat\/escola-alcoletge\/wp-json\/wp\/v2\/types\/post"}],"author":[{"embeddable":true,"href":"https:\/\/agora.xtec.cat\/escola-alcoletge\/wp-json\/wp\/v2\/users\/41"}],"replies":[{"embeddable":true,"href":"https:\/\/agora.xtec.cat\/escola-alcoletge\/wp-json\/wp\/v2\/comments?post=6154"}],"version-history":[{"count":1,"href":"https:\/\/agora.xtec.cat\/escola-alcoletge\/wp-json\/wp\/v2\/posts\/6154\/revisions"}],"predecessor-version":[{"id":6158,"href":"https:\/\/agora.xtec.cat\/escola-alcoletge\/wp-json\/wp\/v2\/posts\/6154\/revisions\/6158"}],"wp:featuredmedia":[{"embeddable":true,"href":"https:\/\/agora.xtec.cat\/escola-alcoletge\/wp-json\/wp\/v2\/media\/6156"}],"wp:attachment":[{"href":"https:\/\/agora.xtec.cat\/escola-alcoletge\/wp-json\/wp\/v2\/media?parent=6154"}],"wp:term":[{"taxonomy":"category","embeddable":true,"href":"https:\/\/agora.xtec.cat\/escola-alcoletge\/wp-json\/wp\/v2\/categories?post=6154"},{"taxonomy":"post_tag","embeddable":true,"href":"https:\/\/agora.xtec.cat\/escola-alcoletge\/wp-json\/wp\/v2\/tags?post=6154"}],"curies":[{"name":"wp","href":"https:\/\/api.w.org\/{rel}","templated":true}]}}