{"id":6017,"date":"2022-02-18T15:25:42","date_gmt":"2022-02-18T14:25:42","guid":{"rendered":"https:\/\/agora.xtec.cat\/escola-alcoletge\/?p=6017"},"modified":"2022-02-18T15:25:42","modified_gmt":"2022-02-18T14:25:42","slug":"ja-ha-arribat-el-rei-carnestoltes","status":"publish","type":"post","link":"https:\/\/agora.xtec.cat\/escola-alcoletge\/altres\/ja-ha-arribat-el-rei-carnestoltes\/","title":{"rendered":"Ja ha arribat el Rei Carnestoltes!"},"content":{"rendered":"<p>Avui al migdia hem rebut la visita del Carnestoltes, el rei dels poca-soltes, un personatge que cada any per Carnaval ens mana unes consignes ben divertides per alegrar-nos una mica la setmana.<\/p>\n<p>Ha vingut carregat amb la consigna del dilluns a sota de bra\u00e7. Voleu saber-la? Fixeu-vos b\u00e9 en el rodol\u00ed que t\u00e9 al cartell de la seva falda&#8230;<\/p>\n<p><a href=\"https:\/\/agora.xtec.cat\/escola-alcoletge\/wp-content\/uploads\/usu1520\/2022\/02\/Rei-carnestoltes_opt-rotated.jpg\"><img loading=\"lazy\" decoding=\"async\" class=\" wp-image-6021 aligncenter\" src=\"https:\/\/agora.xtec.cat\/escola-alcoletge\/wp-content\/uploads\/usu1520\/2022\/02\/Rei-carnestoltes_opt-225x300.jpg\" alt=\"\" width=\"315\" height=\"420\" srcset=\"https:\/\/agora.xtec.cat\/escola-alcoletge\/wp-content\/uploads\/usu1520\/2022\/02\/Rei-carnestoltes_opt-225x300.jpg 225w, https:\/\/agora.xtec.cat\/escola-alcoletge\/wp-content\/uploads\/usu1520\/2022\/02\/Rei-carnestoltes_opt-rotated.jpg 300w\" sizes=\"auto, (max-width: 315px) 100vw, 315px\" \/><\/a><\/p>\n<p>CONSIGNA:<\/p>\n<p style=\"text-align: center;\"><strong>SI COM L&#8217;ARC DE SANT MART\u00cd VOLS ANAR<\/strong><\/p>\n<p style=\"text-align: center;\"><strong>EL DILLUNS ROBA DE MOLTS COLORS HAS DE PORTAR.<\/strong><\/p>\n","protected":false},"excerpt":{"rendered":"<p>Avui al migdia hem rebut la visita del Carnestoltes, el rei dels poca-soltes, un personatge que cada any per Carnaval ens mana unes consignes ben divertides per alegrar-nos una mica la setmana.<br \/>\nHa vingut carregat amb la consigna del dilluns a sota de bra\u00e7. Voleu saber-la?&hellip;  <a href=\"https:\/\/agora.xtec.cat\/escola-alcoletge\/altres\/ja-ha-arribat-el-rei-carnestoltes\/\" title=\"Read Ja ha arribat el Rei Carnestoltes!\">Llegeix m\u00e9s\u00bb<\/a><\/p>\n","protected":false},"author":1,"featured_media":3253,"comment_status":"open","ping_status":"closed","sticky":false,"template":"","format":"standard","meta":{"_bbp_topic_count":0,"_bbp_reply_count":0,"_bbp_total_topic_count":0,"_bbp_total_reply_count":0,"_bbp_voice_count":0,"_bbp_anonymous_reply_count":0,"_bbp_topic_count_hidden":0,"_bbp_reply_count_hidden":0,"_bbp_forum_subforum_count":0,"footnotes":""},"categories":[10,82,132,83,160,12,84,68,13,14,85,15,92,1,108,86,87,88,3,79,8,80,9,81,2,89,90,91,4,5],"tags":[],"class_list":["post-6017","post","type-post","status-publish","format-standard","has-post-thumbnail","hentry","category-1r-a","category-1r-b","category-2na","category-2n-b","category-2n-c","category-3r-a","category-3r-b","category-4t-a","category-4t-b","category-5e-a","category-5e-b","category-6e-a","category-6e-b","category-altres","category-celebracions","category-cicle-inicial","category-cicle-mitja","category-cicle-superior","category-i3-a","category-i3-b","category-i4-a","category-i4-b","category-i5-a","category-i5-b","category-infantil","category-p3","category-p4","category-p5","category-portada","category-primaria"],"post_mailing_queue_ids":[],"_links":{"self":[{"href":"https:\/\/agora.xtec.cat\/escola-alcoletge\/wp-json\/wp\/v2\/posts\/6017","targetHints":{"allow":["GET"]}}],"collection":[{"href":"https:\/\/agora.xtec.cat\/escola-alcoletge\/wp-json\/wp\/v2\/posts"}],"about":[{"href":"https:\/\/agora.xtec.cat\/escola-alcoletge\/wp-json\/wp\/v2\/types\/post"}],"author":[{"embeddable":true,"href":"https:\/\/agora.xtec.cat\/escola-alcoletge\/wp-json\/wp\/v2\/users\/1"}],"replies":[{"embeddable":true,"href":"https:\/\/agora.xtec.cat\/escola-alcoletge\/wp-json\/wp\/v2\/comments?post=6017"}],"version-history":[{"count":3,"href":"https:\/\/agora.xtec.cat\/escola-alcoletge\/wp-json\/wp\/v2\/posts\/6017\/revisions"}],"predecessor-version":[{"id":6023,"href":"https:\/\/agora.xtec.cat\/escola-alcoletge\/wp-json\/wp\/v2\/posts\/6017\/revisions\/6023"}],"wp:featuredmedia":[{"embeddable":true,"href":"https:\/\/agora.xtec.cat\/escola-alcoletge\/wp-json\/wp\/v2\/media\/3253"}],"wp:attachment":[{"href":"https:\/\/agora.xtec.cat\/escola-alcoletge\/wp-json\/wp\/v2\/media?parent=6017"}],"wp:term":[{"taxonomy":"category","embeddable":true,"href":"https:\/\/agora.xtec.cat\/escola-alcoletge\/wp-json\/wp\/v2\/categories?post=6017"},{"taxonomy":"post_tag","embeddable":true,"href":"https:\/\/agora.xtec.cat\/escola-alcoletge\/wp-json\/wp\/v2\/tags?post=6017"}],"curies":[{"name":"wp","href":"https:\/\/api.w.org\/{rel}","templated":true}]}}