{"id":5903,"date":"2022-02-04T15:44:49","date_gmt":"2022-02-04T14:44:49","guid":{"rendered":"https:\/\/agora.xtec.cat\/escola-alcoletge\/?p=5903"},"modified":"2022-02-04T15:45:30","modified_gmt":"2022-02-04T14:45:30","slug":"ens-comencem-a-preparar-per-la-bicicletada","status":"publish","type":"post","link":"https:\/\/agora.xtec.cat\/escola-alcoletge\/primaria\/cicle-superior\/5e-a\/ens-comencem-a-preparar-per-la-bicicletada\/","title":{"rendered":"Ens comencem a preparar per la bicicletada"},"content":{"rendered":"<p>Ens comencem a preparar per la bicicletada que far\u00e0 cicle superior. La biciletada ser\u00e0 al mes d&#8217;abril.<\/p>\n<p>Qu\u00e8 haur\u00eceu de fer per prepara-vos per la biciletada? Mirar la pressi\u00f3 de les rodes i practicar amb la bici. Haur\u00edeu de portar 2 ampolles d&#8217;aigua, l&#8217;esmorzar, el dinar, una altra beguda com Powerade, Aquarius, etc.<\/p>\n<p>Tamb\u00e9 necessitareu un casc i moltes ganes.<\/p>\n<p>L&#8217;any pasat vam anar a Bellv\u00eds, vam tardar 35 minuts i vam rec\u00f3rrer 11&#8217;4 km per arribar-hi. Vam anar a l&#8217;Ermita de les Sogues, vam fer jocs i vam dinar all\u00e0. A les 15:00 vam tornar cap a Alcoletge. Va ser molt divertit.<\/p>\n<p><a href=\"https:\/\/agora.xtec.cat\/escola-alcoletge\/wp-content\/uploads\/usu1520\/2022\/02\/ride-on-sunset-royalty-free-image-991887384-1565179067.jpg\"><img loading=\"lazy\" decoding=\"async\" class=\"aligncenter size-full wp-image-5904\" src=\"https:\/\/agora.xtec.cat\/escola-alcoletge\/wp-content\/uploads\/usu1520\/2022\/02\/ride-on-sunset-royalty-free-image-991887384-1565179067.jpg\" alt=\"\" width=\"480\" height=\"360\" srcset=\"https:\/\/agora.xtec.cat\/escola-alcoletge\/wp-content\/uploads\/usu1520\/2022\/02\/ride-on-sunset-royalty-free-image-991887384-1565179067.jpg 480w, https:\/\/agora.xtec.cat\/escola-alcoletge\/wp-content\/uploads\/usu1520\/2022\/02\/ride-on-sunset-royalty-free-image-991887384-1565179067-300x225.jpg 300w, https:\/\/agora.xtec.cat\/escola-alcoletge\/wp-content\/uploads\/usu1520\/2022\/02\/ride-on-sunset-royalty-free-image-991887384-1565179067-200x150.jpg 200w\" sizes=\"auto, (max-width: 480px) 100vw, 480px\" \/><\/a><\/p>\n<p style=\"text-align: right;\">Isaac i Darius<\/p>\n","protected":false},"excerpt":{"rendered":"<p>Ens comencem a preparar per la bicicletada que far\u00e0 cicle superior. La biciletada ser\u00e0 al mes d&#8217;abril.<br \/>\nQu\u00e8 haur\u00eceu de fer per prepara-vos per la biciletada? Mirar la pressi\u00f3 de les rodes i practicar amb la bici. Haur\u00edeu de portar 2 ampolles d&#8217;aigua, l&#8217;esmorzar, el dinar,&hellip;  <a href=\"https:\/\/agora.xtec.cat\/escola-alcoletge\/primaria\/cicle-superior\/5e-a\/ens-comencem-a-preparar-per-la-bicicletada\/\" title=\"Read Ens comencem a preparar per la bicicletada\">Llegeix m\u00e9s\u00bb<\/a><\/p>\n","protected":false},"author":41,"featured_media":5904,"comment_status":"open","ping_status":"closed","sticky":false,"template":"","format":"standard","meta":{"_bbp_topic_count":0,"_bbp_reply_count":0,"_bbp_total_topic_count":0,"_bbp_total_reply_count":0,"_bbp_voice_count":0,"_bbp_anonymous_reply_count":0,"_bbp_topic_count_hidden":0,"_bbp_reply_count_hidden":0,"_bbp_forum_subforum_count":0,"footnotes":""},"categories":[14,85,15,92],"tags":[],"class_list":["post-5903","post","type-post","status-publish","format-standard","has-post-thumbnail","hentry","category-5e-a","category-5e-b","category-6e-a","category-6e-b"],"post_mailing_queue_ids":[],"_links":{"self":[{"href":"https:\/\/agora.xtec.cat\/escola-alcoletge\/wp-json\/wp\/v2\/posts\/5903","targetHints":{"allow":["GET"]}}],"collection":[{"href":"https:\/\/agora.xtec.cat\/escola-alcoletge\/wp-json\/wp\/v2\/posts"}],"about":[{"href":"https:\/\/agora.xtec.cat\/escola-alcoletge\/wp-json\/wp\/v2\/types\/post"}],"author":[{"embeddable":true,"href":"https:\/\/agora.xtec.cat\/escola-alcoletge\/wp-json\/wp\/v2\/users\/41"}],"replies":[{"embeddable":true,"href":"https:\/\/agora.xtec.cat\/escola-alcoletge\/wp-json\/wp\/v2\/comments?post=5903"}],"version-history":[{"count":2,"href":"https:\/\/agora.xtec.cat\/escola-alcoletge\/wp-json\/wp\/v2\/posts\/5903\/revisions"}],"predecessor-version":[{"id":5906,"href":"https:\/\/agora.xtec.cat\/escola-alcoletge\/wp-json\/wp\/v2\/posts\/5903\/revisions\/5906"}],"wp:featuredmedia":[{"embeddable":true,"href":"https:\/\/agora.xtec.cat\/escola-alcoletge\/wp-json\/wp\/v2\/media\/5904"}],"wp:attachment":[{"href":"https:\/\/agora.xtec.cat\/escola-alcoletge\/wp-json\/wp\/v2\/media?parent=5903"}],"wp:term":[{"taxonomy":"category","embeddable":true,"href":"https:\/\/agora.xtec.cat\/escola-alcoletge\/wp-json\/wp\/v2\/categories?post=5903"},{"taxonomy":"post_tag","embeddable":true,"href":"https:\/\/agora.xtec.cat\/escola-alcoletge\/wp-json\/wp\/v2\/tags?post=5903"}],"curies":[{"name":"wp","href":"https:\/\/api.w.org\/{rel}","templated":true}]}}