{"id":5716,"date":"2021-11-30T12:17:23","date_gmt":"2021-11-30T11:17:23","guid":{"rendered":"https:\/\/agora.xtec.cat\/escola-alcoletge\/?p=5716"},"modified":"2021-11-30T12:17:23","modified_gmt":"2021-11-30T11:17:23","slug":"el-pont-de-desembre","status":"publish","type":"post","link":"https:\/\/agora.xtec.cat\/escola-alcoletge\/primaria\/cicle-superior\/6e-a\/el-pont-de-desembre\/","title":{"rendered":"El pont de desembre"},"content":{"rendered":"<p>La setmana que ve, el dilluns 6, dimarts 7 i dimecres 8 de desembre, farem pont. El motiu \u00e9s perqu\u00e8 el 6 de desembre\u00a0 \u00e9s el dia de la Constituci\u00f3 i el dia 8 que \u00e9s el dia de la Pur\u00edssima. Nosaltres, a l&#8217;escola, fem pont per aix\u00f2 tamb\u00e9 tenim festa el dimarts.<\/p>\n<p>Descanseu i aprofiteu aquest pont per anar a la muntanya a esquiar o a jugar amb la neu.<\/p>\n<p>&nbsp;<\/p>\n<p><img decoding=\"async\" src=\"https:\/\/i0.hippopx.com\/photos\/422\/878\/551\/landscape-nature-winter-mountain-thumb.jpg\" \/><\/p>\n<p>&nbsp;<\/p>\n","protected":false},"excerpt":{"rendered":"<p>La setmana que ve, el dilluns 6, dimarts 7 i dimecres 8 de desembre, farem pont. El motiu \u00e9s perqu\u00e8 el 6 de desembre\u00a0 \u00e9s el dia de la Constituci\u00f3 i el dia 8 que \u00e9s el dia de la Pur\u00edssima. Nosaltres, a l&#8217;escola, fem&hellip;  <a href=\"https:\/\/agora.xtec.cat\/escola-alcoletge\/primaria\/cicle-superior\/6e-a\/el-pont-de-desembre\/\" title=\"Read El pont de desembre\">Llegeix m\u00e9s\u00bb<\/a><\/p>\n","protected":false},"author":41,"featured_media":5718,"comment_status":"open","ping_status":"closed","sticky":false,"template":"","format":"standard","meta":{"_bbp_topic_count":0,"_bbp_reply_count":0,"_bbp_total_topic_count":0,"_bbp_total_reply_count":0,"_bbp_voice_count":0,"_bbp_anonymous_reply_count":0,"_bbp_topic_count_hidden":0,"_bbp_reply_count_hidden":0,"_bbp_forum_subforum_count":0,"footnotes":""},"categories":[15],"tags":[],"class_list":["post-5716","post","type-post","status-publish","format-standard","has-post-thumbnail","hentry","category-6e-a"],"post_mailing_queue_ids":[],"_links":{"self":[{"href":"https:\/\/agora.xtec.cat\/escola-alcoletge\/wp-json\/wp\/v2\/posts\/5716","targetHints":{"allow":["GET"]}}],"collection":[{"href":"https:\/\/agora.xtec.cat\/escola-alcoletge\/wp-json\/wp\/v2\/posts"}],"about":[{"href":"https:\/\/agora.xtec.cat\/escola-alcoletge\/wp-json\/wp\/v2\/types\/post"}],"author":[{"embeddable":true,"href":"https:\/\/agora.xtec.cat\/escola-alcoletge\/wp-json\/wp\/v2\/users\/41"}],"replies":[{"embeddable":true,"href":"https:\/\/agora.xtec.cat\/escola-alcoletge\/wp-json\/wp\/v2\/comments?post=5716"}],"version-history":[{"count":1,"href":"https:\/\/agora.xtec.cat\/escola-alcoletge\/wp-json\/wp\/v2\/posts\/5716\/revisions"}],"predecessor-version":[{"id":5719,"href":"https:\/\/agora.xtec.cat\/escola-alcoletge\/wp-json\/wp\/v2\/posts\/5716\/revisions\/5719"}],"wp:featuredmedia":[{"embeddable":true,"href":"https:\/\/agora.xtec.cat\/escola-alcoletge\/wp-json\/wp\/v2\/media\/5718"}],"wp:attachment":[{"href":"https:\/\/agora.xtec.cat\/escola-alcoletge\/wp-json\/wp\/v2\/media?parent=5716"}],"wp:term":[{"taxonomy":"category","embeddable":true,"href":"https:\/\/agora.xtec.cat\/escola-alcoletge\/wp-json\/wp\/v2\/categories?post=5716"},{"taxonomy":"post_tag","embeddable":true,"href":"https:\/\/agora.xtec.cat\/escola-alcoletge\/wp-json\/wp\/v2\/tags?post=5716"}],"curies":[{"name":"wp","href":"https:\/\/api.w.org\/{rel}","templated":true}]}}