{"id":3534,"date":"2020-04-05T21:00:24","date_gmt":"2020-04-05T19:00:24","guid":{"rendered":"http:\/\/agora.xtec.cat\/escola-alcoletge\/?p=3534"},"modified":"2020-04-05T21:06:34","modified_gmt":"2020-04-05T19:06:34","slug":"reptes-setmana-6-10-dabril-cicle-infantil","status":"publish","type":"post","link":"https:\/\/agora.xtec.cat\/escola-alcoletge\/infantil\/reptes-setmana-6-10-dabril-cicle-infantil\/","title":{"rendered":"EDUCACI\u00d3 INFANTIL: REPTES SETMANA del 6 al 12 d&#8217;abril"},"content":{"rendered":"<p>Fam\u00edlies d&#8217;Educaci\u00f3 Infantil,<\/p>\n<p><span style=\"font-weight: 400;\">Els nens i nenes estan aprenent moltes coses aquests dies a partir de la situaci\u00f3 que estan vivint. Cal aprofitar per valorar-los la seva paci\u00e8ncia i la seva capacitat per intentar entendre i\u00a0 acceptar aquesta situaci\u00f3. \u00c9s molt important<\/span> <span style=\"font-weight: 400;\">conservar l&#8217;optimisme i el sentit de l&#8217;humor per poder gestionar el millor possible aquest confinament.<\/span><\/p>\n<p><span style=\"font-weight: 400;\">Ho estem fent molt b\u00e9!!\u00a0 Junts ho aconseguirem!!<\/span><\/p>\n<p><span style=\"font-weight: 400;\">Aqu\u00ed teniu el segon paquet d\u2019activitats per realitzar durant la seg\u00fcent setmana. Esperem que us serveixin per repassar i a la vegada passeu una estona agradable.<\/span><\/p>\n<p><span style=\"font-weight: 400;\">Si teniu qualsevol dubte poseu-vos en contacte amb les tutores o especialistes.<\/span><\/p>\n<p style=\"text-align: center;\"><a href=\"https:\/\/drive.google.com\/file\/d\/1o2RFblU_Pec8KrOw_X7SpL68UwDukQ8H\/view?usp=sharing\">REPTES DE LA SETMANA<\/a><\/p>\n","protected":false},"excerpt":{"rendered":"<p>Fam\u00edlies d&#8217;Educaci\u00f3 Infantil,<br \/>\nEls nens i nenes estan aprenent moltes coses aquests dies a partir de la situaci\u00f3 que estan vivint. Cal aprofitar per valorar-los la seva paci\u00e8ncia i la seva capacitat per intentar entendre i\u00a0 acceptar aquesta situaci\u00f3. \u00c9s molt important conservar l&#8217;optimisme i el&hellip;  <a href=\"https:\/\/agora.xtec.cat\/escola-alcoletge\/infantil\/reptes-setmana-6-10-dabril-cicle-infantil\/\" title=\"Read EDUCACI\u00d3 INFANTIL: REPTES SETMANA del 6 al 12 d&#8217;abril\">Llegeix m\u00e9s\u00bb<\/a><\/p>\n","protected":false},"author":1,"featured_media":0,"comment_status":"open","ping_status":"closed","sticky":false,"template":"","format":"standard","meta":{"_bbp_topic_count":0,"_bbp_reply_count":0,"_bbp_total_topic_count":0,"_bbp_total_reply_count":0,"_bbp_voice_count":0,"_bbp_anonymous_reply_count":0,"_bbp_topic_count_hidden":0,"_bbp_reply_count_hidden":0,"_bbp_forum_subforum_count":0,"footnotes":""},"categories":[3,8,80,9,81,2,89,90,91,4],"tags":[],"class_list":["post-3534","post","type-post","status-publish","format-standard","hentry","category-i3-a","category-i4-a","category-i4-b","category-i5-a","category-i5-b","category-infantil","category-p3","category-p4","category-p5","category-portada"],"post_mailing_queue_ids":[],"_links":{"self":[{"href":"https:\/\/agora.xtec.cat\/escola-alcoletge\/wp-json\/wp\/v2\/posts\/3534","targetHints":{"allow":["GET"]}}],"collection":[{"href":"https:\/\/agora.xtec.cat\/escola-alcoletge\/wp-json\/wp\/v2\/posts"}],"about":[{"href":"https:\/\/agora.xtec.cat\/escola-alcoletge\/wp-json\/wp\/v2\/types\/post"}],"author":[{"embeddable":true,"href":"https:\/\/agora.xtec.cat\/escola-alcoletge\/wp-json\/wp\/v2\/users\/1"}],"replies":[{"embeddable":true,"href":"https:\/\/agora.xtec.cat\/escola-alcoletge\/wp-json\/wp\/v2\/comments?post=3534"}],"version-history":[{"count":3,"href":"https:\/\/agora.xtec.cat\/escola-alcoletge\/wp-json\/wp\/v2\/posts\/3534\/revisions"}],"predecessor-version":[{"id":3536,"href":"https:\/\/agora.xtec.cat\/escola-alcoletge\/wp-json\/wp\/v2\/posts\/3534\/revisions\/3536"}],"wp:attachment":[{"href":"https:\/\/agora.xtec.cat\/escola-alcoletge\/wp-json\/wp\/v2\/media?parent=3534"}],"wp:term":[{"taxonomy":"category","embeddable":true,"href":"https:\/\/agora.xtec.cat\/escola-alcoletge\/wp-json\/wp\/v2\/categories?post=3534"},{"taxonomy":"post_tag","embeddable":true,"href":"https:\/\/agora.xtec.cat\/escola-alcoletge\/wp-json\/wp\/v2\/tags?post=3534"}],"curies":[{"name":"wp","href":"https:\/\/api.w.org\/{rel}","templated":true}]}}