{"id":3509,"date":"2020-03-29T21:01:29","date_gmt":"2020-03-29T19:01:29","guid":{"rendered":"http:\/\/agora.xtec.cat\/escola-alcoletge\/?p=3509"},"modified":"2020-03-29T21:30:55","modified_gmt":"2020-03-29T19:30:55","slug":"reptes-setmana-30-5-dabril-cicle-inicial","status":"publish","type":"post","link":"https:\/\/agora.xtec.cat\/escola-alcoletge\/portada\/reptes-setmana-30-5-dabril-cicle-inicial\/","title":{"rendered":"\u201cReptes setmana 30-5 d\u2019abril Cicle Inicial\u201d"},"content":{"rendered":"<p><span style=\"font-weight: 400;\">Fam\u00edlies de Cicle Inicial,<\/span><\/p>\n<p><span style=\"font-weight: 400;\">Davant la situaci\u00f3 actual que vivim, l\u2019equip de mestres de l\u2019escola hem decidit que cada diumenge, a les 21h, us enviarem al correu electr\u00f2nic un \u201cREPTE SETMANAL\u201d que consistir\u00e1 en un paquet d\u2019activitats corresponents a totes les \u00e0rees curriculars. Tindreu l\u2019oportunitat de realitzar les tasques al llarg de la setmana. La data m\u00e0xima per fer el retorn de les activitats que ho requereixin ser\u00e0 el proper diumenge, ja que el mateix dia, rebreu un \u201crepte setmanal\u201d nou.<\/span><\/p>\n<p><span style=\"font-weight: 400;\">\u00c9s important enviar un \u00daNIC CORREU al docent corresponent amb totes les activitats de retorn adjuntes.\u00a0\u00a0<\/span><\/p>\n<p><span style=\"font-weight: 400;\">Es tracta de propostes educatives que no s\u00f3n avaluables, per\u00f2 s\u00ed recomanables, segons el\u00a0 Departament d\u2019Educaci\u00f3.<\/span><\/p>\n<p><span style=\"font-weight: 400;\">No us preocupeu si no disposeu d\u2019impressora, podeu copiar la fitxa en un foli. Qualsevol dubte podeu posar-vos en contacte amb la tutora o especialista corresponent, a trav\u00e9s dels correus electr\u00f2nics facilitats.<\/span><\/p>\n<p><em><strong>A CONTINUACI\u00d3 FACILITEM ELS 2 PRIMERS ENLLA\u00c7OS AMB ELS REPTES PER AQUESTA SETMANA:<\/strong><\/em><\/p>\n<p>Clica l&#8217;enlla\u00e7 per veure la programaci\u00f3 d&#8217;activitats de <strong>PRIMER.<\/strong><\/p>\n<p><a href=\"https:\/\/agora.xtec.cat\/escola-alcoletge\/wp-content\/uploads\/usu1520\/2020\/03\/REPTE-SETMANAL-1r.pdf\">REPTE SETMANAL 1r<\/a><\/p>\n<p>Clica l&#8217;enlla\u00e7 per veure la programaci\u00f3 d&#8217;activitats de <strong>SEGON.<\/strong><\/p>\n<p><a href=\"https:\/\/agora.xtec.cat\/escola-alcoletge\/wp-content\/uploads\/usu1520\/2020\/03\/REPTE-SETMANAL-2n.pdf\">REPTE SETMANAL 2n<\/a><\/p>\n<p><strong>Equip de Mestres de CI\u00a0 \u00a0 <\/strong><\/p>\n<p>&nbsp;<\/p>\n","protected":false},"excerpt":{"rendered":"<p>Fam\u00edlies de Cicle Inicial,<br \/>\nDavant la situaci\u00f3 actual que vivim, l\u2019equip de mestres de l\u2019escola hem decidit que cada diumenge, a les 21h, us enviarem al correu electr\u00f2nic un \u201cREPTE SETMANAL\u201d que consistir\u00e1 en un paquet d\u2019activitats corresponents a totes les \u00e0rees curriculars. Tindreu l\u2019oportunitat de&hellip;  <a href=\"https:\/\/agora.xtec.cat\/escola-alcoletge\/portada\/reptes-setmana-30-5-dabril-cicle-inicial\/\" title=\"Read \u201cReptes setmana 30-5 d\u2019abril Cicle Inicial\u201d\">Llegeix m\u00e9s\u00bb<\/a><\/p>\n","protected":false},"author":1,"featured_media":3502,"comment_status":"open","ping_status":"closed","sticky":false,"template":"","format":"standard","meta":{"_bbp_topic_count":0,"_bbp_reply_count":0,"_bbp_total_topic_count":0,"_bbp_total_reply_count":0,"_bbp_voice_count":0,"_bbp_anonymous_reply_count":0,"_bbp_topic_count_hidden":0,"_bbp_reply_count_hidden":0,"_bbp_forum_subforum_count":0,"footnotes":""},"categories":[10,82,132,83,86,4,5],"tags":[],"class_list":["post-3509","post","type-post","status-publish","format-standard","has-post-thumbnail","hentry","category-1r-a","category-1r-b","category-2na","category-2n-b","category-cicle-inicial","category-portada","category-primaria"],"post_mailing_queue_ids":[],"_links":{"self":[{"href":"https:\/\/agora.xtec.cat\/escola-alcoletge\/wp-json\/wp\/v2\/posts\/3509","targetHints":{"allow":["GET"]}}],"collection":[{"href":"https:\/\/agora.xtec.cat\/escola-alcoletge\/wp-json\/wp\/v2\/posts"}],"about":[{"href":"https:\/\/agora.xtec.cat\/escola-alcoletge\/wp-json\/wp\/v2\/types\/post"}],"author":[{"embeddable":true,"href":"https:\/\/agora.xtec.cat\/escola-alcoletge\/wp-json\/wp\/v2\/users\/1"}],"replies":[{"embeddable":true,"href":"https:\/\/agora.xtec.cat\/escola-alcoletge\/wp-json\/wp\/v2\/comments?post=3509"}],"version-history":[{"count":3,"href":"https:\/\/agora.xtec.cat\/escola-alcoletge\/wp-json\/wp\/v2\/posts\/3509\/revisions"}],"predecessor-version":[{"id":3528,"href":"https:\/\/agora.xtec.cat\/escola-alcoletge\/wp-json\/wp\/v2\/posts\/3509\/revisions\/3528"}],"wp:featuredmedia":[{"embeddable":true,"href":"https:\/\/agora.xtec.cat\/escola-alcoletge\/wp-json\/wp\/v2\/media\/3502"}],"wp:attachment":[{"href":"https:\/\/agora.xtec.cat\/escola-alcoletge\/wp-json\/wp\/v2\/media?parent=3509"}],"wp:term":[{"taxonomy":"category","embeddable":true,"href":"https:\/\/agora.xtec.cat\/escola-alcoletge\/wp-json\/wp\/v2\/categories?post=3509"},{"taxonomy":"post_tag","embeddable":true,"href":"https:\/\/agora.xtec.cat\/escola-alcoletge\/wp-json\/wp\/v2\/tags?post=3509"}],"curies":[{"name":"wp","href":"https:\/\/api.w.org\/{rel}","templated":true}]}}