{"id":3500,"date":"2020-03-29T21:00:18","date_gmt":"2020-03-29T19:00:18","guid":{"rendered":"http:\/\/agora.xtec.cat\/escola-alcoletge\/?p=3500"},"modified":"2020-03-29T21:18:22","modified_gmt":"2020-03-29T19:18:22","slug":"cicle-mitja-activitats-setmana-del-30-al-6-dabril","status":"publish","type":"post","link":"https:\/\/agora.xtec.cat\/escola-alcoletge\/portada\/cicle-mitja-activitats-setmana-del-30-al-6-dabril\/","title":{"rendered":"CICLE MITJ\u00c0: Activitats setmana del 30 al 5 d&#8217;abril"},"content":{"rendered":"<p>Benvolgudes fam\u00edlies,<\/p>\n<p>Us fem arribar les feines que durant aquesta setmana hem plantejat per a que els vostres fills i filles de 3r i 4t puguin anar fent. Hem intentat que siguin motivadores, i no impliquen avan\u00e7ament de temari. No s\u00f3n avaluables, per\u00f2 s\u00ed molt recomanables.<\/p>\n<p>La idea \u00e9s que s&#8217;organitzin i les puguin anar fent al llarg de tota la setmana, ja que la setmana vinent en tornarem a posar unes altres. Pensem que la manera m\u00e9s f\u00e0cil de fer el retorn \u00e9s a trav\u00e9s del classroom, per\u00f2 tamb\u00e9 es pot tornar via correu electr\u00f2nic al tutor\/a corresponent.<\/p>\n<p>Desitjant que tots i totes estigueu b\u00e9, aprofitem per enviar-vos una abra\u00e7ada ben forta i molt d&#8217;escalf a totes les fam\u00edlies.<\/p>\n<p>Atentament, l&#8217;equip de cicle mitj\u00e0.<\/p>\n<p>Feu click a la imatge per accedir al document:<\/p>\n<p><a href=\"https:\/\/drive.google.com\/open?id=1VC9aY0oMnBUxzDvEfZX2sQcfah1eENZz\"><br \/>\n<img loading=\"lazy\" decoding=\"async\" class=\"aligncenter wp-image-3503 size-medium\" src=\"https:\/\/agora.xtec.cat\/escola-alcoletge\/wp-content\/uploads\/usu1520\/2020\/03\/accessibility-and-PDF-Table-of-Contents-300x168.png\" alt=\"\" width=\"300\" height=\"168\" srcset=\"https:\/\/agora.xtec.cat\/escola-alcoletge\/wp-content\/uploads\/usu1520\/2020\/03\/accessibility-and-PDF-Table-of-Contents-300x168.png 300w, https:\/\/agora.xtec.cat\/escola-alcoletge\/wp-content\/uploads\/usu1520\/2020\/03\/accessibility-and-PDF-Table-of-Contents-768x430.png 768w, https:\/\/agora.xtec.cat\/escola-alcoletge\/wp-content\/uploads\/usu1520\/2020\/03\/accessibility-and-PDF-Table-of-Contents-1024x573.png 1024w, https:\/\/agora.xtec.cat\/escola-alcoletge\/wp-content\/uploads\/usu1520\/2020\/03\/accessibility-and-PDF-Table-of-Contents.png 1661w\" sizes=\"auto, (max-width: 300px) 100vw, 300px\" \/><\/a><\/p>\n","protected":false},"excerpt":{"rendered":"<p>Benvolgudes fam\u00edlies,<br \/>\nUs fem arribar les feines que durant aquesta setmana hem plantejat per a que els vostres fills i filles de 3r i 4t puguin anar fent. Hem intentat que siguin motivadores, i no impliquen avan\u00e7ament de temari. No s\u00f3n avaluables, per\u00f2 s\u00ed molt recomanables.<br \/>\nLa&hellip;  <a href=\"https:\/\/agora.xtec.cat\/escola-alcoletge\/portada\/cicle-mitja-activitats-setmana-del-30-al-6-dabril\/\" title=\"Read CICLE MITJ\u00c0: Activitats setmana del 30 al 5 d&#8217;abril\">Llegeix m\u00e9s\u00bb<\/a><\/p>\n","protected":false},"author":1,"featured_media":3502,"comment_status":"open","ping_status":"closed","sticky":false,"template":"","format":"standard","meta":{"_bbp_topic_count":0,"_bbp_reply_count":0,"_bbp_total_topic_count":0,"_bbp_total_reply_count":0,"_bbp_voice_count":0,"_bbp_anonymous_reply_count":0,"_bbp_topic_count_hidden":0,"_bbp_reply_count_hidden":0,"_bbp_forum_subforum_count":0,"footnotes":""},"categories":[12,84,68,13,87,4,5],"tags":[],"class_list":["post-3500","post","type-post","status-publish","format-standard","has-post-thumbnail","hentry","category-3r-a","category-3r-b","category-4t-a","category-4t-b","category-cicle-mitja","category-portada","category-primaria"],"post_mailing_queue_ids":[],"_links":{"self":[{"href":"https:\/\/agora.xtec.cat\/escola-alcoletge\/wp-json\/wp\/v2\/posts\/3500","targetHints":{"allow":["GET"]}}],"collection":[{"href":"https:\/\/agora.xtec.cat\/escola-alcoletge\/wp-json\/wp\/v2\/posts"}],"about":[{"href":"https:\/\/agora.xtec.cat\/escola-alcoletge\/wp-json\/wp\/v2\/types\/post"}],"author":[{"embeddable":true,"href":"https:\/\/agora.xtec.cat\/escola-alcoletge\/wp-json\/wp\/v2\/users\/1"}],"replies":[{"embeddable":true,"href":"https:\/\/agora.xtec.cat\/escola-alcoletge\/wp-json\/wp\/v2\/comments?post=3500"}],"version-history":[{"count":4,"href":"https:\/\/agora.xtec.cat\/escola-alcoletge\/wp-json\/wp\/v2\/posts\/3500\/revisions"}],"predecessor-version":[{"id":3516,"href":"https:\/\/agora.xtec.cat\/escola-alcoletge\/wp-json\/wp\/v2\/posts\/3500\/revisions\/3516"}],"wp:featuredmedia":[{"embeddable":true,"href":"https:\/\/agora.xtec.cat\/escola-alcoletge\/wp-json\/wp\/v2\/media\/3502"}],"wp:attachment":[{"href":"https:\/\/agora.xtec.cat\/escola-alcoletge\/wp-json\/wp\/v2\/media?parent=3500"}],"wp:term":[{"taxonomy":"category","embeddable":true,"href":"https:\/\/agora.xtec.cat\/escola-alcoletge\/wp-json\/wp\/v2\/categories?post=3500"},{"taxonomy":"post_tag","embeddable":true,"href":"https:\/\/agora.xtec.cat\/escola-alcoletge\/wp-json\/wp\/v2\/tags?post=3500"}],"curies":[{"name":"wp","href":"https:\/\/api.w.org\/{rel}","templated":true}]}}