{"id":3292,"date":"2020-02-25T10:57:52","date_gmt":"2020-02-25T09:57:52","guid":{"rendered":"http:\/\/agora.xtec.cat\/escola-alcoletge\/?p=3292"},"modified":"2020-02-25T10:57:52","modified_gmt":"2020-02-25T09:57:52","slug":"acompanyem-la-dansa-hungara-amb-moviment-p3","status":"publish","type":"post","link":"https:\/\/agora.xtec.cat\/escola-alcoletge\/infantil\/acompanyem-la-dansa-hungara-amb-moviment-p3\/","title":{"rendered":"Acompanyem la dansa h\u00fangara amb moviment P3"},"content":{"rendered":"<p>Amb els infants de\u00a0<span class=\"hiddenSpellError\">p3<\/span>\u00a0hem treballat les din\u00e0miques del fort i el fluix a partir de la dansa\u00a0<span class=\"hiddenSpellError\">h\u00fangara<\/span>\u00a0<span class=\"hiddenGrammarError\">n\u00ba5<\/span>. Quan sona m\u00e9s fort fem moure els mocadors m\u00e9s alts i fent figures m\u00e9s grosses. En canvi, quan sona m\u00e9s fluixet posem els mocadors arran de terra i fem els moviments m\u00e9s petitons. \u00c9s com si dibuix\u00e9ssim la m\u00fasica!<\/p>\n<p>Que us sembla si escoltem una miqueta aquesta dansa de Brahms? Aqu\u00ed la teniu!<\/p>\n<p><iframe loading=\"lazy\" title=\"Johannes Brahms. Danza h\u00fangara n\u00ba 5. Dir.:Jes\u00fas L\u00f3pez Cobos\" width=\"500\" height=\"375\" src=\"https:\/\/www.youtube.com\/embed\/UjNy6Egli8w?feature=oembed\" frameborder=\"0\" allow=\"accelerometer; autoplay; clipboard-write; encrypted-media; gyroscope; picture-in-picture; web-share\" referrerpolicy=\"strict-origin-when-cross-origin\" allowfullscreen><\/iframe><\/p>\n<p>&nbsp;<\/p>\n","protected":false},"excerpt":{"rendered":"<p>Amb els infants de\u00a0p3\u00a0hem treballat les din\u00e0miques del fort i el fluix a partir de la dansa\u00a0h\u00fangara\u00a0n\u00ba5. Quan sona m\u00e9s fort fem moure els mocadors m\u00e9s alts i fent figures m\u00e9s grosses. En canvi, quan sona m\u00e9s fluixet posem els mocadors arran de terra i&hellip;  <a href=\"https:\/\/agora.xtec.cat\/escola-alcoletge\/infantil\/acompanyem-la-dansa-hungara-amb-moviment-p3\/\" title=\"Read Acompanyem la dansa h\u00fangara amb moviment P3\">Llegeix m\u00e9s\u00bb<\/a><\/p>\n","protected":false},"author":1,"featured_media":3295,"comment_status":"open","ping_status":"closed","sticky":false,"template":"","format":"standard","meta":{"_bbp_topic_count":0,"_bbp_reply_count":0,"_bbp_total_topic_count":0,"_bbp_total_reply_count":0,"_bbp_voice_count":0,"_bbp_anonymous_reply_count":0,"_bbp_topic_count_hidden":0,"_bbp_reply_count_hidden":0,"_bbp_forum_subforum_count":0,"footnotes":""},"categories":[3,79,2,94,89,4],"tags":[],"class_list":["post-3292","post","type-post","status-publish","format-standard","has-post-thumbnail","hentry","category-i3-a","category-i3-b","category-infantil","category-musica","category-p3","category-portada"],"post_mailing_queue_ids":[],"_links":{"self":[{"href":"https:\/\/agora.xtec.cat\/escola-alcoletge\/wp-json\/wp\/v2\/posts\/3292","targetHints":{"allow":["GET"]}}],"collection":[{"href":"https:\/\/agora.xtec.cat\/escola-alcoletge\/wp-json\/wp\/v2\/posts"}],"about":[{"href":"https:\/\/agora.xtec.cat\/escola-alcoletge\/wp-json\/wp\/v2\/types\/post"}],"author":[{"embeddable":true,"href":"https:\/\/agora.xtec.cat\/escola-alcoletge\/wp-json\/wp\/v2\/users\/1"}],"replies":[{"embeddable":true,"href":"https:\/\/agora.xtec.cat\/escola-alcoletge\/wp-json\/wp\/v2\/comments?post=3292"}],"version-history":[{"count":2,"href":"https:\/\/agora.xtec.cat\/escola-alcoletge\/wp-json\/wp\/v2\/posts\/3292\/revisions"}],"predecessor-version":[{"id":3294,"href":"https:\/\/agora.xtec.cat\/escola-alcoletge\/wp-json\/wp\/v2\/posts\/3292\/revisions\/3294"}],"wp:featuredmedia":[{"embeddable":true,"href":"https:\/\/agora.xtec.cat\/escola-alcoletge\/wp-json\/wp\/v2\/media\/3295"}],"wp:attachment":[{"href":"https:\/\/agora.xtec.cat\/escola-alcoletge\/wp-json\/wp\/v2\/media?parent=3292"}],"wp:term":[{"taxonomy":"category","embeddable":true,"href":"https:\/\/agora.xtec.cat\/escola-alcoletge\/wp-json\/wp\/v2\/categories?post=3292"},{"taxonomy":"post_tag","embeddable":true,"href":"https:\/\/agora.xtec.cat\/escola-alcoletge\/wp-json\/wp\/v2\/tags?post=3292"}],"curies":[{"name":"wp","href":"https:\/\/api.w.org\/{rel}","templated":true}]}}