{"id":3259,"date":"2020-02-18T13:11:29","date_gmt":"2020-02-18T12:11:29","guid":{"rendered":"http:\/\/agora.xtec.cat\/escola-alcoletge\/?p=3259"},"modified":"2020-02-18T13:11:29","modified_gmt":"2020-02-18T12:11:29","slug":"tallers-circs-del-mon-oceania","status":"publish","type":"post","link":"https:\/\/agora.xtec.cat\/escola-alcoletge\/portada\/tallers-circs-del-mon-oceania\/","title":{"rendered":"TALLERS CIRCS DEL M\u00d3N, OCEANIA"},"content":{"rendered":"<p>Avui parlem d&#8217;un altre taller de divendres per la tarda!<\/p>\n<p>Al\u00a0 taller de CIRCS DEL M\u00d3N, durant aquestes setmanes hem viatjat a OCEANIA i all\u00ed hem conegut el &#8220;CIRCUS OZ&#8221;, que \u00e9s originari d&#8217;Austr\u00e0lia, de la ciutat de Melburne. Un cop all\u00ed hem visitat diferents espais d&#8217;inter\u00e8s cultural i m\u00e9s emblem\u00e0tics. Posteriorment hem assistit a una actuaci\u00f3 del circ, on hem pogut observar les difer\u00e8ncies i semblances amb el circ que vam visitar anteriorment &#8220;Cirque du soleil&#8221;.<\/p>\n<p>Aquest cop l&#8217;activitat que hem realitzat ha estat elaborar diferents mascares relacionades amb el circ, per fer un &#8220;Photocall&#8221;.<\/p>\n<p>Per finalitzar hem fet una activitat de localitzaci\u00f3 en el mapa del m\u00f3n, del continent, pa\u00eds i ciutat, i l&#8217;autoavaluaci\u00f3 de les diferents activitats realitzades.<\/p>\n<p>Ens ho hem passat molt b\u00e9!!!<\/p>\n<p>Cliqueu a la imatge per veure les fotos!<\/p>\n<p><a href=\"https:\/\/photos.app.goo.gl\/H1vWzSayrcq1mra19\"><img loading=\"lazy\" decoding=\"async\" class=\"alignnone wp-image-3262\" src=\"https:\/\/agora.xtec.cat\/escola-alcoletge\/wp-content\/uploads\/usu1520\/2020\/02\/sar-esplai-setmana-santa-1140x7001-1024x629.jpg\" alt=\"\" width=\"382\" height=\"235\" \/><\/a><\/p>\n","protected":false},"excerpt":{"rendered":"<p>Avui parlem d&#8217;un altre taller de divendres per la tarda!<br \/>\nAl\u00a0 taller de CIRCS DEL M\u00d3N, durant aquestes setmanes hem viatjat a OCEANIA i all\u00ed hem conegut el &#8220;CIRCUS OZ&#8221;, que \u00e9s originari d&#8217;Austr\u00e0lia, de la ciutat de Melburne. Un cop all\u00ed hem visitat diferents espais&hellip;  <a href=\"https:\/\/agora.xtec.cat\/escola-alcoletge\/portada\/tallers-circs-del-mon-oceania\/\" title=\"Read TALLERS CIRCS DEL M\u00d3N, OCEANIA\">Llegeix m\u00e9s\u00bb<\/a><\/p>\n","protected":false},"author":1,"featured_media":0,"comment_status":"open","ping_status":"closed","sticky":false,"template":"","format":"standard","meta":{"_bbp_topic_count":0,"_bbp_reply_count":0,"_bbp_total_topic_count":0,"_bbp_total_reply_count":0,"_bbp_voice_count":0,"_bbp_anonymous_reply_count":0,"_bbp_topic_count_hidden":0,"_bbp_reply_count_hidden":0,"_bbp_forum_subforum_count":0,"footnotes":""},"categories":[10,82,132,83,86,4,99],"tags":[],"class_list":["post-3259","post","type-post","status-publish","format-standard","hentry","category-1r-a","category-1r-b","category-2na","category-2n-b","category-cicle-inicial","category-portada","category-tallers"],"post_mailing_queue_ids":[],"_links":{"self":[{"href":"https:\/\/agora.xtec.cat\/escola-alcoletge\/wp-json\/wp\/v2\/posts\/3259","targetHints":{"allow":["GET"]}}],"collection":[{"href":"https:\/\/agora.xtec.cat\/escola-alcoletge\/wp-json\/wp\/v2\/posts"}],"about":[{"href":"https:\/\/agora.xtec.cat\/escola-alcoletge\/wp-json\/wp\/v2\/types\/post"}],"author":[{"embeddable":true,"href":"https:\/\/agora.xtec.cat\/escola-alcoletge\/wp-json\/wp\/v2\/users\/1"}],"replies":[{"embeddable":true,"href":"https:\/\/agora.xtec.cat\/escola-alcoletge\/wp-json\/wp\/v2\/comments?post=3259"}],"version-history":[{"count":1,"href":"https:\/\/agora.xtec.cat\/escola-alcoletge\/wp-json\/wp\/v2\/posts\/3259\/revisions"}],"predecessor-version":[{"id":3263,"href":"https:\/\/agora.xtec.cat\/escola-alcoletge\/wp-json\/wp\/v2\/posts\/3259\/revisions\/3263"}],"wp:attachment":[{"href":"https:\/\/agora.xtec.cat\/escola-alcoletge\/wp-json\/wp\/v2\/media?parent=3259"}],"wp:term":[{"taxonomy":"category","embeddable":true,"href":"https:\/\/agora.xtec.cat\/escola-alcoletge\/wp-json\/wp\/v2\/categories?post=3259"},{"taxonomy":"post_tag","embeddable":true,"href":"https:\/\/agora.xtec.cat\/escola-alcoletge\/wp-json\/wp\/v2\/tags?post=3259"}],"curies":[{"name":"wp","href":"https:\/\/api.w.org\/{rel}","templated":true}]}}