{"id":3231,"date":"2020-02-14T16:19:51","date_gmt":"2020-02-14T15:19:51","guid":{"rendered":"http:\/\/agora.xtec.cat\/escola-alcoletge\/?p=3231"},"modified":"2020-02-14T16:19:51","modified_gmt":"2020-02-14T15:19:51","slug":"disseccio-del-cor-dun-porc","status":"publish","type":"post","link":"https:\/\/agora.xtec.cat\/escola-alcoletge\/portada\/disseccio-del-cor-dun-porc\/","title":{"rendered":"DISSECCI\u00d3 DEL COR D&#8217;UN PORC"},"content":{"rendered":"<p><strong>A classe de<span style=\"text-decoration: underline;\"> laboratory<\/span><\/strong> de <span style=\"text-decoration: underline;\"><strong>l&#8217;Oscar<\/strong><\/span> hem fet la dissecci\u00f3 del cor d&#8217;un porc. Els materials que hem utilitzat s\u00f3n:<span style=\"text-decoration: underline;\"> guants de l\u00e0tex<\/span>, un <span style=\"text-decoration: underline;\">cutter<\/span> i un <span style=\"text-decoration: underline;\">cor de porc<\/span>. Les parts del cor s\u00f3n: la <span style=\"text-decoration: underline;\">ventr\u00edcula dreta<\/span>, la <span style=\"text-decoration: underline;\">ventr\u00edcula esquerra<\/span>, l&#8217;<span style=\"text-decoration: underline;\">aur\u00edcula dreta<\/span>\u00a0<span style=\"font-family: inherit; font-size: 1em;\">i l&#8217;<span style=\"text-decoration: underline;\">aur\u00edcula esquerra<\/span>. Ha estat molt interessant i a la vegada feia una mica de f\u00e0stic. Hem apr\u00e8s les parts d&#8217;un cor i hem parlat en <span style=\"text-decoration: underline;\">angl\u00e8s<\/span>.<\/span><\/p>\n<p>&nbsp;<\/p>\n<p>Fes <a href=\"https:\/\/photos.app.goo.gl\/V6ayZvacUijRWEi86\"><span style=\"text-decoration: underline;\"><em>clik<\/em><\/span><\/a> per veure fotos.<\/p>\n<p>Gisela i Esther 6\u00e8A<\/p>\n","protected":false},"excerpt":{"rendered":"<p>A classe de laboratory de l&#8217;Oscar hem fet la dissecci\u00f3 del cor d&#8217;un porc. Els materials que hem utilitzat s\u00f3n: guants de l\u00e0tex, un cutter i un cor de porc. Les parts del cor s\u00f3n: la ventr\u00edcula dreta, la ventr\u00edcula esquerra, l&#8217;aur\u00edcula dreta\u00a0i l&#8217;aur\u00edcula esquerra.&hellip;  <a href=\"https:\/\/agora.xtec.cat\/escola-alcoletge\/portada\/disseccio-del-cor-dun-porc\/\" title=\"Read DISSECCI\u00d3 DEL COR D&#8217;UN PORC\">Llegeix m\u00e9s\u00bb<\/a><\/p>\n","protected":false},"author":1,"featured_media":0,"comment_status":"open","ping_status":"closed","sticky":false,"template":"","format":"standard","meta":{"_bbp_topic_count":0,"_bbp_reply_count":0,"_bbp_total_topic_count":0,"_bbp_total_reply_count":0,"_bbp_voice_count":0,"_bbp_anonymous_reply_count":0,"_bbp_topic_count_hidden":0,"_bbp_reply_count_hidden":0,"_bbp_forum_subforum_count":0,"footnotes":""},"categories":[88,4],"tags":[],"class_list":["post-3231","post","type-post","status-publish","format-standard","hentry","category-cicle-superior","category-portada"],"post_mailing_queue_ids":[],"_links":{"self":[{"href":"https:\/\/agora.xtec.cat\/escola-alcoletge\/wp-json\/wp\/v2\/posts\/3231","targetHints":{"allow":["GET"]}}],"collection":[{"href":"https:\/\/agora.xtec.cat\/escola-alcoletge\/wp-json\/wp\/v2\/posts"}],"about":[{"href":"https:\/\/agora.xtec.cat\/escola-alcoletge\/wp-json\/wp\/v2\/types\/post"}],"author":[{"embeddable":true,"href":"https:\/\/agora.xtec.cat\/escola-alcoletge\/wp-json\/wp\/v2\/users\/1"}],"replies":[{"embeddable":true,"href":"https:\/\/agora.xtec.cat\/escola-alcoletge\/wp-json\/wp\/v2\/comments?post=3231"}],"version-history":[{"count":1,"href":"https:\/\/agora.xtec.cat\/escola-alcoletge\/wp-json\/wp\/v2\/posts\/3231\/revisions"}],"predecessor-version":[{"id":3234,"href":"https:\/\/agora.xtec.cat\/escola-alcoletge\/wp-json\/wp\/v2\/posts\/3231\/revisions\/3234"}],"wp:attachment":[{"href":"https:\/\/agora.xtec.cat\/escola-alcoletge\/wp-json\/wp\/v2\/media?parent=3231"}],"wp:term":[{"taxonomy":"category","embeddable":true,"href":"https:\/\/agora.xtec.cat\/escola-alcoletge\/wp-json\/wp\/v2\/categories?post=3231"},{"taxonomy":"post_tag","embeddable":true,"href":"https:\/\/agora.xtec.cat\/escola-alcoletge\/wp-json\/wp\/v2\/tags?post=3231"}],"curies":[{"name":"wp","href":"https:\/\/api.w.org\/{rel}","templated":true}]}}