{"id":3165,"date":"2020-02-04T13:02:46","date_gmt":"2020-02-04T12:02:46","guid":{"rendered":"http:\/\/agora.xtec.cat\/escola-alcoletge\/?p=3165"},"modified":"2020-02-04T13:02:46","modified_gmt":"2020-02-04T12:02:46","slug":"ens-visiten-el-xavi-i-el-cisco","status":"publish","type":"post","link":"https:\/\/agora.xtec.cat\/escola-alcoletge\/portada\/ens-visiten-el-xavi-i-el-cisco\/","title":{"rendered":"Ens visiten el Xavi i el Cisco"},"content":{"rendered":"<p>El Xavi i el Cisco s\u00f3n dos persones que es dediquen a cuidar de les persones i el nostre entorn. Van vestits amb un uniforme de color blau, vermell, gris i groc fluorescent. Porten gorra i una pistola. Ja heu endevinat a que es dediquen?<\/p>\n<p>Doncs s\u00ed! S\u00f3n mossos d\u2019esquadra i ens van venir a veure per explicar-nos alguns trucs per anar m\u00e9s segurs dins el cotxe i, quan passegem pel nostre poble. Com per exemple, que cal anar lligats amb el cintur\u00f3 de seguretat i estar tranquils quan viatgem amb cotxe o b\u00e9, que cal mirar les vegades que siguin necess\u00e0ries abans de travessar un pas de vianants.<\/p>\n<p>Gr\u00e0cies Xavi i Cisco pels vostres consells!<\/p>\n<p>Cliqueu i veieu en imatges tot el que vam fer!<\/p>\n<p><a href=\"https:\/\/photos.app.goo.gl\/Vampcw3npWB334Nq7\"><img loading=\"lazy\" decoding=\"async\" class=\"alignnone wp-image-3166\" src=\"https:\/\/agora.xtec.cat\/escola-alcoletge\/wp-content\/uploads\/usu1520\/2020\/02\/266_medium.jpg\" alt=\"\" width=\"343\" height=\"169\" srcset=\"https:\/\/agora.xtec.cat\/escola-alcoletge\/wp-content\/uploads\/usu1520\/2020\/02\/266_medium.jpg 900w, https:\/\/agora.xtec.cat\/escola-alcoletge\/wp-content\/uploads\/usu1520\/2020\/02\/266_medium-300x148.jpg 300w, https:\/\/agora.xtec.cat\/escola-alcoletge\/wp-content\/uploads\/usu1520\/2020\/02\/266_medium-768x379.jpg 768w\" sizes=\"auto, (max-width: 343px) 100vw, 343px\" \/><\/a><\/p>\n","protected":false},"excerpt":{"rendered":"<p>El Xavi i el Cisco s\u00f3n dos persones que es dediquen a cuidar de les persones i el nostre entorn. Van vestits amb un uniforme de color blau, vermell, gris i groc fluorescent. Porten gorra i una pistola. Ja heu endevinat a que es dediquen?<br \/>\nDoncs&hellip;  <a href=\"https:\/\/agora.xtec.cat\/escola-alcoletge\/portada\/ens-visiten-el-xavi-i-el-cisco\/\" title=\"Read Ens visiten el Xavi i el Cisco\">Llegeix m\u00e9s\u00bb<\/a><\/p>\n","protected":false},"author":1,"featured_media":3166,"comment_status":"open","ping_status":"closed","sticky":false,"template":"","format":"standard","meta":{"_bbp_topic_count":0,"_bbp_reply_count":0,"_bbp_total_topic_count":0,"_bbp_total_reply_count":0,"_bbp_voice_count":0,"_bbp_anonymous_reply_count":0,"_bbp_topic_count_hidden":0,"_bbp_reply_count_hidden":0,"_bbp_forum_subforum_count":0,"footnotes":""},"categories":[10,82,132,83,86,4,5],"tags":[],"class_list":["post-3165","post","type-post","status-publish","format-standard","has-post-thumbnail","hentry","category-1r-a","category-1r-b","category-2na","category-2n-b","category-cicle-inicial","category-portada","category-primaria"],"post_mailing_queue_ids":[],"_links":{"self":[{"href":"https:\/\/agora.xtec.cat\/escola-alcoletge\/wp-json\/wp\/v2\/posts\/3165","targetHints":{"allow":["GET"]}}],"collection":[{"href":"https:\/\/agora.xtec.cat\/escola-alcoletge\/wp-json\/wp\/v2\/posts"}],"about":[{"href":"https:\/\/agora.xtec.cat\/escola-alcoletge\/wp-json\/wp\/v2\/types\/post"}],"author":[{"embeddable":true,"href":"https:\/\/agora.xtec.cat\/escola-alcoletge\/wp-json\/wp\/v2\/users\/1"}],"replies":[{"embeddable":true,"href":"https:\/\/agora.xtec.cat\/escola-alcoletge\/wp-json\/wp\/v2\/comments?post=3165"}],"version-history":[{"count":1,"href":"https:\/\/agora.xtec.cat\/escola-alcoletge\/wp-json\/wp\/v2\/posts\/3165\/revisions"}],"predecessor-version":[{"id":3167,"href":"https:\/\/agora.xtec.cat\/escola-alcoletge\/wp-json\/wp\/v2\/posts\/3165\/revisions\/3167"}],"wp:featuredmedia":[{"embeddable":true,"href":"https:\/\/agora.xtec.cat\/escola-alcoletge\/wp-json\/wp\/v2\/media\/3166"}],"wp:attachment":[{"href":"https:\/\/agora.xtec.cat\/escola-alcoletge\/wp-json\/wp\/v2\/media?parent=3165"}],"wp:term":[{"taxonomy":"category","embeddable":true,"href":"https:\/\/agora.xtec.cat\/escola-alcoletge\/wp-json\/wp\/v2\/categories?post=3165"},{"taxonomy":"post_tag","embeddable":true,"href":"https:\/\/agora.xtec.cat\/escola-alcoletge\/wp-json\/wp\/v2\/tags?post=3165"}],"curies":[{"name":"wp","href":"https:\/\/api.w.org\/{rel}","templated":true}]}}