{"id":2687,"date":"2019-11-17T15:34:02","date_gmt":"2019-11-17T14:34:02","guid":{"rendered":"http:\/\/agora.xtec.cat\/escola-alcoletge\/?p=2687"},"modified":"2019-11-14T16:05:50","modified_gmt":"2019-11-14T15:05:50","slug":"dia-de-la-musica-ed-infantil","status":"publish","type":"post","link":"https:\/\/agora.xtec.cat\/escola-alcoletge\/infantil\/dia-de-la-musica-ed-infantil\/","title":{"rendered":"DIA DE LA M\u00daSICA (ED.INFANTIL)"},"content":{"rendered":"<p>Per tal de celebrar el dia de la m\u00fasica (divendres 22 de novembre), durant aquesta setmana cada classe treballar\u00e0 una can\u00e7\u00f3 que parla sobre la m\u00fasica i tot el que ens mou per dins. Les podreu sentir com a m\u00fasiques d&#8217;entrada i sortida a l&#8217;escola durant tota la setmana.<\/p>\n<p>Avui comencem amb les can\u00e7ons que treballaran a educaci\u00f3 infantil. En coneixieu alguna??<\/p>\n<p><span style=\"color: #339966;\"><strong>P3: L&#8217;hora de fer m\u00fasica (DAMARIS GILABERT)<\/strong><\/span><\/p>\n<p><iframe loading=\"lazy\" src=\"https:\/\/www.youtube.com\/embed\/UwZfD0rjeVk\" width=\"560\" height=\"315\" frameborder=\"0\" allowfullscreen=\"allowfullscreen\"><\/iframe><br \/>\n<strong><span style=\"color: #993366;\">P4: Do, re, mi, de la BSO de Sound of music.<\/span><\/strong><br \/>\n<iframe loading=\"lazy\" src=\"https:\/\/www.youtube.com\/embed\/drnBMAEA3AM\" width=\"560\" height=\"315\" frameborder=\"0\" allowfullscreen=\"allowfullscreen\"><\/iframe><\/p>\n<p><strong><span style=\"color: #0000ff;\">P5: \u00c9s la m\u00fasica (LAURA PAUSINI)<\/span><\/strong><br \/>\n<iframe loading=\"lazy\" src=\"https:\/\/www.youtube.com\/embed\/ZtPCXJ5uAUc\" width=\"560\" height=\"315\" frameborder=\"0\" allowfullscreen=\"allowfullscreen\"><\/iframe><\/p>\n","protected":false},"excerpt":{"rendered":"<p>Per tal de celebrar el dia de la m\u00fasica (divendres 22 de novembre), durant aquesta setmana cada classe treballar\u00e0 una can\u00e7\u00f3 que parla sobre la m\u00fasica i tot el que ens mou per dins. Les podreu sentir com a m\u00fasiques d&#8217;entrada i sortida a l&#8217;escola&hellip;  <a href=\"https:\/\/agora.xtec.cat\/escola-alcoletge\/infantil\/dia-de-la-musica-ed-infantil\/\" title=\"Read DIA DE LA M\u00daSICA (ED.INFANTIL)\">Llegeix m\u00e9s\u00bb<\/a><\/p>\n","protected":false},"author":1,"featured_media":0,"comment_status":"open","ping_status":"closed","sticky":false,"template":"","format":"standard","meta":{"_bbp_topic_count":0,"_bbp_reply_count":0,"_bbp_total_topic_count":0,"_bbp_total_reply_count":0,"_bbp_voice_count":0,"_bbp_anonymous_reply_count":0,"_bbp_topic_count_hidden":0,"_bbp_reply_count_hidden":0,"_bbp_forum_subforum_count":0,"footnotes":""},"categories":[108,2,94,4],"tags":[],"class_list":["post-2687","post","type-post","status-publish","format-standard","hentry","category-celebracions","category-infantil","category-musica","category-portada"],"post_mailing_queue_ids":[],"_links":{"self":[{"href":"https:\/\/agora.xtec.cat\/escola-alcoletge\/wp-json\/wp\/v2\/posts\/2687","targetHints":{"allow":["GET"]}}],"collection":[{"href":"https:\/\/agora.xtec.cat\/escola-alcoletge\/wp-json\/wp\/v2\/posts"}],"about":[{"href":"https:\/\/agora.xtec.cat\/escola-alcoletge\/wp-json\/wp\/v2\/types\/post"}],"author":[{"embeddable":true,"href":"https:\/\/agora.xtec.cat\/escola-alcoletge\/wp-json\/wp\/v2\/users\/1"}],"replies":[{"embeddable":true,"href":"https:\/\/agora.xtec.cat\/escola-alcoletge\/wp-json\/wp\/v2\/comments?post=2687"}],"version-history":[{"count":3,"href":"https:\/\/agora.xtec.cat\/escola-alcoletge\/wp-json\/wp\/v2\/posts\/2687\/revisions"}],"predecessor-version":[{"id":2694,"href":"https:\/\/agora.xtec.cat\/escola-alcoletge\/wp-json\/wp\/v2\/posts\/2687\/revisions\/2694"}],"wp:attachment":[{"href":"https:\/\/agora.xtec.cat\/escola-alcoletge\/wp-json\/wp\/v2\/media?parent=2687"}],"wp:term":[{"taxonomy":"category","embeddable":true,"href":"https:\/\/agora.xtec.cat\/escola-alcoletge\/wp-json\/wp\/v2\/categories?post=2687"},{"taxonomy":"post_tag","embeddable":true,"href":"https:\/\/agora.xtec.cat\/escola-alcoletge\/wp-json\/wp\/v2\/tags?post=2687"}],"curies":[{"name":"wp","href":"https:\/\/api.w.org\/{rel}","templated":true}]}}