{"id":2566,"date":"2019-10-30T12:03:23","date_gmt":"2019-10-30T11:03:23","guid":{"rendered":"http:\/\/agora.xtec.cat\/escola-alcoletge\/?p=2566"},"modified":"2019-10-31T12:03:54","modified_gmt":"2019-10-31T11:03:54","slug":"racons-4t-robotica-pensament-computacional","status":"publish","type":"post","link":"https:\/\/agora.xtec.cat\/escola-alcoletge\/portada\/racons-4t-robotica-pensament-computacional\/","title":{"rendered":"Racons 4t: rob\u00f2tica + pensament computacional"},"content":{"rendered":"<p>Hola fam\u00edlies,<\/p>\n<p>Us presentem dos racons que fem amb l&#8217;alumnat de 4t a l&#8217;aula TAC: el <strong>rac\u00f3 de rob\u00f2tica<\/strong> i el <strong>rac\u00f3 de pensament computacional<\/strong>.<\/p>\n<p>Al rac\u00f3 de rob\u00f2tica ens hem iniciat en el m\u00f3n de la rob\u00f2tica a trav\u00e9s del <em>LEGO WEDO 2.0 EDUCATION<\/em>, on l&#8217;alumnat construeix i programa robots mitjan\u00e7ant l&#8217;\u00fas de motors, sensors i peces de LEGO.<\/p>\n<p>Al rac\u00f3 de pensament computacional ens hem iniciat en el m\u00f3n de la programaci\u00f3 a trav\u00e9s de l&#8217;aplicaci\u00f3 <em>LIGHTBOT: CODE HOUR<\/em>, on l&#8217;alumnat desenvolupa l&#8217;enginy, el raonament, la l\u00f2gica, la mem\u00f2ria i l&#8217;organitzaci\u00f3 espacial.<\/p>\n<p>A m\u00e9s a m\u00e9s, l&#8217;organitzaci\u00f3 que utilitzem per fer el racons \u00e9s a trav\u00e9s del <strong>treball cooperatiu<\/strong>, on l&#8217;alumnat s&#8217;ha d&#8217;ajudar i cooperar entre ells i elles per resoldre les situacions plantejades.<\/p>\n<p>Feu click <a href=\"https:\/\/photos.app.goo.gl\/TywPe6oHgE93Sfix9\">aqu\u00ed <\/a>per veure les fotos.<\/p>\n<p><iframe loading=\"lazy\" title=\"Racons 4t: rob\u00f2tica (grup 5) + pensament computacional (grup 6)\" width=\"500\" height=\"281\" src=\"https:\/\/www.youtube.com\/embed\/ovz4cupehAI?feature=oembed\" frameborder=\"0\" allow=\"accelerometer; autoplay; clipboard-write; encrypted-media; gyroscope; picture-in-picture; web-share\" referrerpolicy=\"strict-origin-when-cross-origin\" allowfullscreen><\/iframe><\/p>\n<p><iframe loading=\"lazy\" title=\"Racons 4t: rob\u00f2tica (grup 5) + pensament computacional (grup 6)\" width=\"500\" height=\"281\" src=\"https:\/\/www.youtube.com\/embed\/ETpwkqNn_8A?feature=oembed\" frameborder=\"0\" allow=\"accelerometer; autoplay; clipboard-write; encrypted-media; gyroscope; picture-in-picture; web-share\" referrerpolicy=\"strict-origin-when-cross-origin\" allowfullscreen><\/iframe><\/p>\n<p><iframe loading=\"lazy\" title=\"Racons 4t: rob\u00f2tica (grup 5) + pensament computacional (grup  6)\" width=\"500\" height=\"281\" src=\"https:\/\/www.youtube.com\/embed\/YDKaDloUJIE?feature=oembed\" frameborder=\"0\" allow=\"accelerometer; autoplay; clipboard-write; encrypted-media; gyroscope; picture-in-picture; web-share\" referrerpolicy=\"strict-origin-when-cross-origin\" allowfullscreen><\/iframe><\/p>\n","protected":false},"excerpt":{"rendered":"<p>Hola fam\u00edlies,<br \/>\nUs presentem dos racons que fem amb l&#8217;alumnat de 4t a l&#8217;aula TAC: el rac\u00f3 de rob\u00f2tica i el rac\u00f3 de pensament computacional.<br \/>\nAl rac\u00f3 de rob\u00f2tica ens hem iniciat en el m\u00f3n de la rob\u00f2tica a trav\u00e9s del LEGO WEDO 2.0 EDUCATION, on l&#8217;alumnat&hellip;  <a href=\"https:\/\/agora.xtec.cat\/escola-alcoletge\/portada\/racons-4t-robotica-pensament-computacional\/\" title=\"Read Racons 4t: rob\u00f2tica + pensament computacional\">Llegeix m\u00e9s\u00bb<\/a><\/p>\n","protected":false},"author":1,"featured_media":2568,"comment_status":"open","ping_status":"closed","sticky":false,"template":"","format":"standard","meta":{"_bbp_topic_count":0,"_bbp_reply_count":0,"_bbp_total_topic_count":0,"_bbp_total_reply_count":0,"_bbp_voice_count":0,"_bbp_anonymous_reply_count":0,"_bbp_topic_count_hidden":0,"_bbp_reply_count_hidden":0,"_bbp_forum_subforum_count":0,"footnotes":""},"categories":[68,13,87,4,98],"tags":[],"class_list":["post-2566","post","type-post","status-publish","format-standard","has-post-thumbnail","hentry","category-4t-a","category-4t-b","category-cicle-mitja","category-portada","category-racons"],"post_mailing_queue_ids":[],"_links":{"self":[{"href":"https:\/\/agora.xtec.cat\/escola-alcoletge\/wp-json\/wp\/v2\/posts\/2566","targetHints":{"allow":["GET"]}}],"collection":[{"href":"https:\/\/agora.xtec.cat\/escola-alcoletge\/wp-json\/wp\/v2\/posts"}],"about":[{"href":"https:\/\/agora.xtec.cat\/escola-alcoletge\/wp-json\/wp\/v2\/types\/post"}],"author":[{"embeddable":true,"href":"https:\/\/agora.xtec.cat\/escola-alcoletge\/wp-json\/wp\/v2\/users\/1"}],"replies":[{"embeddable":true,"href":"https:\/\/agora.xtec.cat\/escola-alcoletge\/wp-json\/wp\/v2\/comments?post=2566"}],"version-history":[{"count":3,"href":"https:\/\/agora.xtec.cat\/escola-alcoletge\/wp-json\/wp\/v2\/posts\/2566\/revisions"}],"predecessor-version":[{"id":2572,"href":"https:\/\/agora.xtec.cat\/escola-alcoletge\/wp-json\/wp\/v2\/posts\/2566\/revisions\/2572"}],"wp:featuredmedia":[{"embeddable":true,"href":"https:\/\/agora.xtec.cat\/escola-alcoletge\/wp-json\/wp\/v2\/media\/2568"}],"wp:attachment":[{"href":"https:\/\/agora.xtec.cat\/escola-alcoletge\/wp-json\/wp\/v2\/media?parent=2566"}],"wp:term":[{"taxonomy":"category","embeddable":true,"href":"https:\/\/agora.xtec.cat\/escola-alcoletge\/wp-json\/wp\/v2\/categories?post=2566"},{"taxonomy":"post_tag","embeddable":true,"href":"https:\/\/agora.xtec.cat\/escola-alcoletge\/wp-json\/wp\/v2\/tags?post=2566"}],"curies":[{"name":"wp","href":"https:\/\/api.w.org\/{rel}","templated":true}]}}