{"id":2532,"date":"2019-10-28T15:59:10","date_gmt":"2019-10-28T14:59:10","guid":{"rendered":"http:\/\/agora.xtec.cat\/escola-alcoletge\/?p=2532"},"modified":"2019-11-05T12:27:15","modified_gmt":"2019-11-05T11:27:15","slug":"sortida-de-cicle-inicial-a-pobla-de-cervoles","status":"publish","type":"post","link":"https:\/\/agora.xtec.cat\/escola-alcoletge\/portada\/sortida-de-cicle-inicial-a-pobla-de-cervoles\/","title":{"rendered":"SORTIDA DE CICLE INICIAL A POBLA DE C\u00c9RVOLES"},"content":{"rendered":"<p>Bon dia fam\u00edlies, avui els alumnes de Cicle Inicial han anat a Pobla de C\u00e9rvoles d&#8217;excursi\u00f3. Concretament a la casa de col\u00f2nies Cal Gort, on han realitzat diferents activitats: mural de la tardor, fem panellets i sortida pel bosc a con\u00e8ixer a la &#8220;Castanyera&#8221;.<\/p>\n<p>Ens ho hem passat genial!!!<\/p>\n<p>GALERIA DE FOTOS AL CLICAR LA IMATGE:<\/p>\n<p><a href=\"https:\/\/photos.app.goo.gl\/whVrGEpbRwa52gDM7\"><img loading=\"lazy\" decoding=\"async\" class=\"alignnone wp-image-2601\" src=\"https:\/\/agora.xtec.cat\/escola-alcoletge\/wp-content\/uploads\/usu1520\/2019\/10\/CAL-GORT.jpg\" alt=\"\" width=\"301\" height=\"204\" srcset=\"https:\/\/agora.xtec.cat\/escola-alcoletge\/wp-content\/uploads\/usu1520\/2019\/10\/CAL-GORT.jpg 392w, https:\/\/agora.xtec.cat\/escola-alcoletge\/wp-content\/uploads\/usu1520\/2019\/10\/CAL-GORT-300x204.jpg 300w\" sizes=\"auto, (max-width: 301px) 100vw, 301px\" \/><\/a><\/p>\n","protected":false},"excerpt":{"rendered":"<p>Bon dia fam\u00edlies, avui els alumnes de Cicle Inicial han anat a Pobla de C\u00e9rvoles d&#8217;excursi\u00f3. Concretament a la casa de col\u00f2nies Cal Gort, on han realitzat diferents activitats: mural de la tardor, fem panellets i sortida pel bosc a con\u00e8ixer a la &#8220;Castanyera&#8221;.<br \/>\nEns ho&hellip;  <a href=\"https:\/\/agora.xtec.cat\/escola-alcoletge\/portada\/sortida-de-cicle-inicial-a-pobla-de-cervoles\/\" title=\"Read SORTIDA DE CICLE INICIAL A POBLA DE C\u00c9RVOLES\">Llegeix m\u00e9s\u00bb<\/a><\/p>\n","protected":false},"author":1,"featured_media":0,"comment_status":"open","ping_status":"closed","sticky":false,"template":"","format":"standard","meta":{"_bbp_topic_count":0,"_bbp_reply_count":0,"_bbp_total_topic_count":0,"_bbp_total_reply_count":0,"_bbp_voice_count":0,"_bbp_anonymous_reply_count":0,"_bbp_topic_count_hidden":0,"_bbp_reply_count_hidden":0,"_bbp_forum_subforum_count":0,"footnotes":""},"categories":[10,82,132,83,86,4,109],"tags":[],"class_list":["post-2532","post","type-post","status-publish","format-standard","hentry","category-1r-a","category-1r-b","category-2na","category-2n-b","category-cicle-inicial","category-portada","category-sortides"],"post_mailing_queue_ids":[],"_links":{"self":[{"href":"https:\/\/agora.xtec.cat\/escola-alcoletge\/wp-json\/wp\/v2\/posts\/2532","targetHints":{"allow":["GET"]}}],"collection":[{"href":"https:\/\/agora.xtec.cat\/escola-alcoletge\/wp-json\/wp\/v2\/posts"}],"about":[{"href":"https:\/\/agora.xtec.cat\/escola-alcoletge\/wp-json\/wp\/v2\/types\/post"}],"author":[{"embeddable":true,"href":"https:\/\/agora.xtec.cat\/escola-alcoletge\/wp-json\/wp\/v2\/users\/1"}],"replies":[{"embeddable":true,"href":"https:\/\/agora.xtec.cat\/escola-alcoletge\/wp-json\/wp\/v2\/comments?post=2532"}],"version-history":[{"count":3,"href":"https:\/\/agora.xtec.cat\/escola-alcoletge\/wp-json\/wp\/v2\/posts\/2532\/revisions"}],"predecessor-version":[{"id":2602,"href":"https:\/\/agora.xtec.cat\/escola-alcoletge\/wp-json\/wp\/v2\/posts\/2532\/revisions\/2602"}],"wp:attachment":[{"href":"https:\/\/agora.xtec.cat\/escola-alcoletge\/wp-json\/wp\/v2\/media?parent=2532"}],"wp:term":[{"taxonomy":"category","embeddable":true,"href":"https:\/\/agora.xtec.cat\/escola-alcoletge\/wp-json\/wp\/v2\/categories?post=2532"},{"taxonomy":"post_tag","embeddable":true,"href":"https:\/\/agora.xtec.cat\/escola-alcoletge\/wp-json\/wp\/v2\/tags?post=2532"}],"curies":[{"name":"wp","href":"https:\/\/api.w.org\/{rel}","templated":true}]}}