{"id":2297,"date":"2019-10-06T11:20:16","date_gmt":"2019-10-06T09:20:16","guid":{"rendered":"http:\/\/agora.xtec.cat\/escola-alcoletge\/?p=2297"},"modified":"2019-10-06T11:20:16","modified_gmt":"2019-10-06T09:20:16","slug":"mobilitat-sostenible-a-infantil","status":"publish","type":"post","link":"https:\/\/agora.xtec.cat\/escola-alcoletge\/infantil\/mobilitat-sostenible-a-infantil\/","title":{"rendered":"Mobilitat Sostenible a Infantil"},"content":{"rendered":"<p>Per tal de celebrar el dia de la Mobilitat Sostenible, els alumnes de P3, P4 i P5 vam anar a l&#8217;escola amb patinet i casc! Quin goig f\u00e8iem tots muntats en patinet!! Al mat\u00ed vam fer una sortida al Tossal dels Morts d&#8217;Alcoletge. All\u00ed vam poder jugar, pintar amb guixos de colors el terra amb tot de transports sostenibles, i tamb\u00e9 vam esmorzar! Vam passar un mat\u00ed molt divertit! Voleu veure algunes fotos del dia???<\/p>\n<p><a href=\"https:\/\/photos.app.goo.gl\/SuV4VSddXuMTjPD38\"><img loading=\"lazy\" decoding=\"async\" class=\"alignnone \" src=\"http:\/\/www.buscaciencia.cat\/wp-content\/uploads\/2016\/08\/cursatransports16-661x423.jpg\" width=\"342\" height=\"219\" \/><\/a><\/p>\n","protected":false},"excerpt":{"rendered":"<p>Per tal de celebrar el dia de la Mobilitat Sostenible, els alumnes de P3, P4 i P5 vam anar a l&#8217;escola amb patinet i casc! Quin goig f\u00e8iem tots muntats en patinet!! Al mat\u00ed vam fer una sortida al Tossal dels Morts d&#8217;Alcoletge. All\u00ed vam&hellip;  <a href=\"https:\/\/agora.xtec.cat\/escola-alcoletge\/infantil\/mobilitat-sostenible-a-infantil\/\" title=\"Read Mobilitat Sostenible a Infantil\">Llegeix m\u00e9s\u00bb<\/a><\/p>\n","protected":false},"author":1,"featured_media":2298,"comment_status":"open","ping_status":"closed","sticky":false,"template":"","format":"standard","meta":{"_bbp_topic_count":0,"_bbp_reply_count":0,"_bbp_total_topic_count":0,"_bbp_total_reply_count":0,"_bbp_voice_count":0,"_bbp_anonymous_reply_count":0,"_bbp_topic_count_hidden":0,"_bbp_reply_count_hidden":0,"_bbp_forum_subforum_count":0,"footnotes":""},"categories":[2,4,109],"tags":[],"class_list":["post-2297","post","type-post","status-publish","format-standard","has-post-thumbnail","hentry","category-infantil","category-portada","category-sortides"],"post_mailing_queue_ids":[],"_links":{"self":[{"href":"https:\/\/agora.xtec.cat\/escola-alcoletge\/wp-json\/wp\/v2\/posts\/2297","targetHints":{"allow":["GET"]}}],"collection":[{"href":"https:\/\/agora.xtec.cat\/escola-alcoletge\/wp-json\/wp\/v2\/posts"}],"about":[{"href":"https:\/\/agora.xtec.cat\/escola-alcoletge\/wp-json\/wp\/v2\/types\/post"}],"author":[{"embeddable":true,"href":"https:\/\/agora.xtec.cat\/escola-alcoletge\/wp-json\/wp\/v2\/users\/1"}],"replies":[{"embeddable":true,"href":"https:\/\/agora.xtec.cat\/escola-alcoletge\/wp-json\/wp\/v2\/comments?post=2297"}],"version-history":[{"count":1,"href":"https:\/\/agora.xtec.cat\/escola-alcoletge\/wp-json\/wp\/v2\/posts\/2297\/revisions"}],"predecessor-version":[{"id":2299,"href":"https:\/\/agora.xtec.cat\/escola-alcoletge\/wp-json\/wp\/v2\/posts\/2297\/revisions\/2299"}],"wp:featuredmedia":[{"embeddable":true,"href":"https:\/\/agora.xtec.cat\/escola-alcoletge\/wp-json\/wp\/v2\/media\/2298"}],"wp:attachment":[{"href":"https:\/\/agora.xtec.cat\/escola-alcoletge\/wp-json\/wp\/v2\/media?parent=2297"}],"wp:term":[{"taxonomy":"category","embeddable":true,"href":"https:\/\/agora.xtec.cat\/escola-alcoletge\/wp-json\/wp\/v2\/categories?post=2297"},{"taxonomy":"post_tag","embeddable":true,"href":"https:\/\/agora.xtec.cat\/escola-alcoletge\/wp-json\/wp\/v2\/tags?post=2297"}],"curies":[{"name":"wp","href":"https:\/\/api.w.org\/{rel}","templated":true}]}}