{"id":1281,"date":"2019-09-02T10:38:10","date_gmt":"2019-09-02T08:38:10","guid":{"rendered":"http:\/\/blocs.xtec.cat\/infantilalcoletge\/?p=1281"},"modified":"2019-09-02T18:47:11","modified_gmt":"2019-09-02T16:47:11","slug":"encarregats-del-bon-dia-2-4","status":"publish","type":"post","link":"https:\/\/agora.xtec.cat\/escola-alcoletge\/altres\/encarregats-del-bon-dia-2-4\/","title":{"rendered":"Encarregats del Bon Dia"},"content":{"rendered":"<p>Des del proper 12 de setembre, els <span style=\"color: #333399;\"><strong>alumnes de 6\u00e8<\/strong><\/span> som els encarregats de donar el &#8220;Bon dia&#8221; a tota l&#8217;escola. Aix\u00ed que estigueu atents, perqu\u00e8 si ens voleu escoltar&#8230;ja sabeu: cada dia a les 9, despr\u00e9s que soni la m\u00fasica d&#8217;entrada.<\/p>\n<p><img loading=\"lazy\" decoding=\"async\" class=\"alignnone aligncenter\" src=\"https:\/\/encrypted-tbn1.gstatic.com\/images?q=tbn:ANd9GcRrSSVpS36ej2RwUGPLf_M94W13t-0rZK718ZZEO7SBijQNuXly\" width=\"264\" height=\"191\" \/><\/p>\n","protected":false},"excerpt":{"rendered":"<p>Des del proper 12 de setembre, els alumnes de 6\u00e8 som els encarregats de donar el &#8220;Bon dia&#8221; a tota l&#8217;escola. Aix\u00ed que estigueu atents, perqu\u00e8 si ens voleu escoltar&#8230;ja sabeu: cada dia a les 9, despr\u00e9s que soni la m\u00fasica d&#8217;entrada.<\/p>\n","protected":false},"author":1,"featured_media":0,"comment_status":"open","ping_status":"closed","sticky":false,"template":"","format":"standard","meta":{"_bbp_topic_count":0,"_bbp_reply_count":0,"_bbp_total_topic_count":0,"_bbp_total_reply_count":0,"_bbp_voice_count":0,"_bbp_anonymous_reply_count":0,"_bbp_topic_count_hidden":0,"_bbp_reply_count_hidden":0,"_bbp_forum_subforum_count":0,"footnotes":""},"categories":[1,4],"tags":[],"class_list":["post-1281","post","type-post","status-publish","format-standard","hentry","category-altres","category-portada"],"post_mailing_queue_ids":[],"_links":{"self":[{"href":"https:\/\/agora.xtec.cat\/escola-alcoletge\/wp-json\/wp\/v2\/posts\/1281","targetHints":{"allow":["GET"]}}],"collection":[{"href":"https:\/\/agora.xtec.cat\/escola-alcoletge\/wp-json\/wp\/v2\/posts"}],"about":[{"href":"https:\/\/agora.xtec.cat\/escola-alcoletge\/wp-json\/wp\/v2\/types\/post"}],"author":[{"embeddable":true,"href":"https:\/\/agora.xtec.cat\/escola-alcoletge\/wp-json\/wp\/v2\/users\/1"}],"replies":[{"embeddable":true,"href":"https:\/\/agora.xtec.cat\/escola-alcoletge\/wp-json\/wp\/v2\/comments?post=1281"}],"version-history":[{"count":2,"href":"https:\/\/agora.xtec.cat\/escola-alcoletge\/wp-json\/wp\/v2\/posts\/1281\/revisions"}],"predecessor-version":[{"id":1849,"href":"https:\/\/agora.xtec.cat\/escola-alcoletge\/wp-json\/wp\/v2\/posts\/1281\/revisions\/1849"}],"wp:attachment":[{"href":"https:\/\/agora.xtec.cat\/escola-alcoletge\/wp-json\/wp\/v2\/media?parent=1281"}],"wp:term":[{"taxonomy":"category","embeddable":true,"href":"https:\/\/agora.xtec.cat\/escola-alcoletge\/wp-json\/wp\/v2\/categories?post=1281"},{"taxonomy":"post_tag","embeddable":true,"href":"https:\/\/agora.xtec.cat\/escola-alcoletge\/wp-json\/wp\/v2\/tags?post=1281"}],"curies":[{"name":"wp","href":"https:\/\/api.w.org\/{rel}","templated":true}]}}