{"id":11343,"date":"2026-04-27T13:47:59","date_gmt":"2026-04-27T11:47:59","guid":{"rendered":"https:\/\/agora.xtec.cat\/escola-alcoletge\/?p=11343"},"modified":"2026-04-27T13:47:59","modified_gmt":"2026-04-27T11:47:59","slug":"sant-jordi-4","status":"publish","type":"post","link":"https:\/\/agora.xtec.cat\/escola-alcoletge\/portada\/sant-jordi-4\/","title":{"rendered":"SANT JORDI"},"content":{"rendered":"<p>El 23 d&#8217;abril, es va celebrar Sant Jordi a l&#8217;escola. Vam comen\u00e7ar el mat\u00ed amb la lectura de poesies i relats dels guanyadors del concurs: &#8220;Lectura en veu alta\u00b4\u00b4. En acabar hi va haver l&#8217;entrega de premis: roses, llibres i diplomes. Despr\u00e9s del pati a 5\u00e8 van fer l&#8217;apadrinament lector amb tem\u00e0tica de Sant Jordi conjuntament amb els seus fillols i filloles de 1r.<\/p>\n<p>La tarda la vam passar fent un joc de pistes i micro-relats ja que som uns grans artistes i ens ho passem genial representant obres de teatre, aquest cop va tocar diferents mirades de la llegenda de St Jordi.<\/p>\n<p>Va ser una diada especial.<\/p>\n<p>No\u00e8lia i Aurembiaix<\/p>\n<p>&nbsp;<\/p>\n","protected":false},"excerpt":{"rendered":"<p>El 23 d&#8217;abril, es va celebrar Sant Jordi a l&#8217;escola. Vam comen\u00e7ar el mat\u00ed amb la lectura de poesies i relats dels guanyadors del concurs: &#8220;Lectura en veu alta\u00b4\u00b4. En acabar hi va haver l&#8217;entrega de premis: roses, llibres i diplomes. Despr\u00e9s del pati a&hellip;  <a href=\"https:\/\/agora.xtec.cat\/escola-alcoletge\/portada\/sant-jordi-4\/\" title=\"Read SANT JORDI\">Llegeix m\u00e9s\u00bb<\/a><\/p>\n","protected":false},"author":41,"featured_media":0,"comment_status":"open","ping_status":"open","sticky":false,"template":"","format":"standard","meta":{"_bbp_topic_count":0,"_bbp_reply_count":0,"_bbp_total_topic_count":0,"_bbp_total_reply_count":0,"_bbp_voice_count":0,"_bbp_anonymous_reply_count":0,"_bbp_topic_count_hidden":0,"_bbp_reply_count_hidden":0,"_bbp_forum_subforum_count":0,"footnotes":""},"categories":[14,88,4,5,98],"tags":[],"class_list":["post-11343","post","type-post","status-publish","format-standard","hentry","category-5e-a","category-cicle-superior","category-portada","category-primaria","category-racons"],"post_mailing_queue_ids":[],"_links":{"self":[{"href":"https:\/\/agora.xtec.cat\/escola-alcoletge\/wp-json\/wp\/v2\/posts\/11343","targetHints":{"allow":["GET"]}}],"collection":[{"href":"https:\/\/agora.xtec.cat\/escola-alcoletge\/wp-json\/wp\/v2\/posts"}],"about":[{"href":"https:\/\/agora.xtec.cat\/escola-alcoletge\/wp-json\/wp\/v2\/types\/post"}],"author":[{"embeddable":true,"href":"https:\/\/agora.xtec.cat\/escola-alcoletge\/wp-json\/wp\/v2\/users\/41"}],"replies":[{"embeddable":true,"href":"https:\/\/agora.xtec.cat\/escola-alcoletge\/wp-json\/wp\/v2\/comments?post=11343"}],"version-history":[{"count":1,"href":"https:\/\/agora.xtec.cat\/escola-alcoletge\/wp-json\/wp\/v2\/posts\/11343\/revisions"}],"predecessor-version":[{"id":11344,"href":"https:\/\/agora.xtec.cat\/escola-alcoletge\/wp-json\/wp\/v2\/posts\/11343\/revisions\/11344"}],"wp:attachment":[{"href":"https:\/\/agora.xtec.cat\/escola-alcoletge\/wp-json\/wp\/v2\/media?parent=11343"}],"wp:term":[{"taxonomy":"category","embeddable":true,"href":"https:\/\/agora.xtec.cat\/escola-alcoletge\/wp-json\/wp\/v2\/categories?post=11343"},{"taxonomy":"post_tag","embeddable":true,"href":"https:\/\/agora.xtec.cat\/escola-alcoletge\/wp-json\/wp\/v2\/tags?post=11343"}],"curies":[{"name":"wp","href":"https:\/\/api.w.org\/{rel}","templated":true}]}}