{"id":11329,"date":"2026-04-22T12:43:08","date_gmt":"2026-04-22T10:43:08","guid":{"rendered":"https:\/\/agora.xtec.cat\/escola-alcoletge\/?p=11329"},"modified":"2026-04-22T12:49:30","modified_gmt":"2026-04-22T10:49:30","slug":"saint-george-in-preschool-2026","status":"publish","type":"post","link":"https:\/\/agora.xtec.cat\/escola-alcoletge\/altres\/saint-george-in-preschool-2026\/","title":{"rendered":"SAINT GEORGE IN PRESCHOOL 2026"},"content":{"rendered":"<p><a href=\"https:\/\/photos.app.goo.gl\/eYkyBTss6wYdjJrH7\"><img loading=\"lazy\" decoding=\"async\" class=\"alignnone wp-image-11330\" src=\"https:\/\/agora.xtec.cat\/escola-alcoletge\/wp-content\/uploads\/usu1520\/2026\/04\/WhatsApp-Image-2026-04-22-at-12.06.51-PM-1024x608.jpeg\" alt=\"\" width=\"327\" height=\"194\" srcset=\"https:\/\/agora.xtec.cat\/escola-alcoletge\/wp-content\/uploads\/usu1520\/2026\/04\/WhatsApp-Image-2026-04-22-at-12.06.51-PM-1024x608.jpeg 1024w, https:\/\/agora.xtec.cat\/escola-alcoletge\/wp-content\/uploads\/usu1520\/2026\/04\/WhatsApp-Image-2026-04-22-at-12.06.51-PM-300x178.jpeg 300w, https:\/\/agora.xtec.cat\/escola-alcoletge\/wp-content\/uploads\/usu1520\/2026\/04\/WhatsApp-Image-2026-04-22-at-12.06.51-PM-768x456.jpeg 768w, https:\/\/agora.xtec.cat\/escola-alcoletge\/wp-content\/uploads\/usu1520\/2026\/04\/WhatsApp-Image-2026-04-22-at-12.06.51-PM-1536x912.jpeg 1536w, https:\/\/agora.xtec.cat\/escola-alcoletge\/wp-content\/uploads\/usu1520\/2026\/04\/WhatsApp-Image-2026-04-22-at-12.06.51-PM.jpeg 1600w\" sizes=\"auto, (max-width: 327px) 100vw, 327px\" \/><\/a><\/p>\n<p class=\"isSelectedEnd\"><strong>Celebrating Saint George in the English Area! \ud83c\udf39\ud83d\udc09<\/strong><\/p>\n<p class=\"isSelectedEnd\">In the Early Years English area at our school, we have been celebrating the arrival of <em>Saint George\u2019s Day<\/em> to explore this special tradition with our I3, I4 and I5 students, combining creativity, language and culture.<\/p>\n<p class=\"isSelectedEnd\">Our youngest students in I3 really enjoyed a meaningful art activity: they stamped their hands to create a beautiful rose, connecting with one of the most representative symbols of this celebration.<\/p>\n<p class=\"isSelectedEnd\">In I4, students created their own knight shields, immersing themselves in the world of the legend while learning English vocabulary related to the characters and elements of the story.<\/p>\n<p class=\"isSelectedEnd\">As for I5, the children made a hanging decoration for their doors: a craft featuring <em>Saint George<\/em> and the princess, along with the message \u201cHappy Saint George!\u201d. This activity was a very motivating way to bring the English language into their daily lives.<\/p>\n<p class=\"isSelectedEnd\">In addition to the art activities, all groups watched stories and listened to songs in English related to the legend. This helped them improve their listening skills and also discover that <em>Saint George<\/em> is celebrated in many English-speaking countries and other parts of the world, not only in Catalonia.<\/p>\n<p class=\"isSelectedEnd\">It has been a very enriching experience that allowed us to learn English in a meaningful way, while connecting with a tradition that is both local and global.<\/p>\n<p><strong>Happy Saint George\u2019s Day to everyone! \ud83c\udf0d\u2728<\/strong><\/p>\n<p>&nbsp;<\/p>\n<p class=\"isSelectedEnd\"><strong>Celebrem Saint George a l\u2019\u00e0rea d\u2019angl\u00e8s! \ud83c\udf39\ud83d\udc09<\/strong><\/p>\n<p class=\"isSelectedEnd\">A l\u2019\u00e0rea d\u2019angl\u00e8s a Infantil de l\u2019escola hem celebrat\u00a0 l\u2019arribada de la festivitat de <em>Saint George<\/em> per treballar aquesta tradici\u00f3 tan especial amb els infants d\u2019I3, I4 i I5, combinant creativitat, llengua i cultura.<\/p>\n<p class=\"isSelectedEnd\">Els m\u00e9s petits, d\u2019I3, han gaudit molt realitzant una activitat art\u00edstica molt significativa: han estampat la seva m\u00e0 per crear una bonica rosa, connectant aix\u00ed amb un dels s\u00edmbols m\u00e9s representatius d\u2019aquesta diada.<\/p>\n<p class=\"isSelectedEnd\">A I4, els alumnes han elaborat el seu propi escut de cavaller, tot endinsant-se en l\u2019imaginari de la llegenda i treballant vocabulari en angl\u00e8s relacionat amb els personatges i elements de la hist\u00f2ria.<\/p>\n<p class=\"isSelectedEnd\">Pel que fa als infants d\u2019I5, han creat una manualitat per penjar a les portes de casa: una composici\u00f3 amb <em>Saint George<\/em> i la princesa, acompanyada del missatge \u201cHappy Saint George!\u201d. Aquesta activitat ha estat una manera molt motivadora d\u2019apropar la llengua anglesa al seu dia a dia.<\/p>\n<p class=\"isSelectedEnd\">A m\u00e9s de les activitats pl\u00e0stiques, a totes les edats hem visualitzat hist\u00f2ries i escoltat can\u00e7ons en angl\u00e8s relacionades amb la llegenda. Aix\u00f2 ens ha perm\u00e8s no nom\u00e9s treballar la comprensi\u00f3 oral, sin\u00f3 tamb\u00e9 descobrir que <em>Saint George<\/em> \u00e9s una festivitat que es celebra en diversos pa\u00efsos de parla anglesa i en altres llocs del m\u00f3n, no nom\u00e9s a Catalunya.<\/p>\n<p class=\"isSelectedEnd\">Ha estat una experi\u00e8ncia molt enriquidora que ens ha ajudat a aprendre angl\u00e8s d\u2019una manera significativa, tot connectant amb una tradici\u00f3 propera i, alhora, global.<\/p>\n<p><strong>Happy Saint George\u2019s Day to everyone! \ud83c\udf0d\u2728<\/strong><\/p>\n<p>&nbsp;<\/p>\n","protected":false},"excerpt":{"rendered":"<p><a href=\"https:\/\/photos.app.goo.gl\/eYkyBTss6wYdjJrH7\"><\/a><br \/>\nCelebrating Saint George in the English Area! \ud83c\udf39\ud83d\udc09<br \/>\nIn the Early Years English area at our school, we have been celebrating the arrival of Saint George\u2019s Day to explore this special tradition with our I3, I4 and I5 students, combining creativity, language and culture.<br \/>\nOur youngest&hellip;  <a href=\"https:\/\/agora.xtec.cat\/escola-alcoletge\/altres\/saint-george-in-preschool-2026\/\" title=\"Read SAINT GEORGE IN PRESCHOOL 2026\">Llegeix m\u00e9s\u00bb<\/a><\/p>\n","protected":false},"author":66,"featured_media":0,"comment_status":"open","ping_status":"open","sticky":false,"template":"","format":"standard","meta":{"_bbp_topic_count":0,"_bbp_reply_count":0,"_bbp_total_topic_count":0,"_bbp_total_reply_count":0,"_bbp_voice_count":0,"_bbp_anonymous_reply_count":0,"_bbp_topic_count_hidden":0,"_bbp_reply_count_hidden":0,"_bbp_forum_subforum_count":0,"footnotes":""},"categories":[1,96,145,3,79,8,80,9,81,2,89,90,91,4],"tags":[],"class_list":["post-11329","post","type-post","status-publish","format-standard","hentry","category-altres","category-ing","category-english","category-i3-a","category-i3-b","category-i4-a","category-i4-b","category-i5-a","category-i5-b","category-infantil","category-p3","category-p4","category-p5","category-portada"],"post_mailing_queue_ids":[],"_links":{"self":[{"href":"https:\/\/agora.xtec.cat\/escola-alcoletge\/wp-json\/wp\/v2\/posts\/11329","targetHints":{"allow":["GET"]}}],"collection":[{"href":"https:\/\/agora.xtec.cat\/escola-alcoletge\/wp-json\/wp\/v2\/posts"}],"about":[{"href":"https:\/\/agora.xtec.cat\/escola-alcoletge\/wp-json\/wp\/v2\/types\/post"}],"author":[{"embeddable":true,"href":"https:\/\/agora.xtec.cat\/escola-alcoletge\/wp-json\/wp\/v2\/users\/66"}],"replies":[{"embeddable":true,"href":"https:\/\/agora.xtec.cat\/escola-alcoletge\/wp-json\/wp\/v2\/comments?post=11329"}],"version-history":[{"count":5,"href":"https:\/\/agora.xtec.cat\/escola-alcoletge\/wp-json\/wp\/v2\/posts\/11329\/revisions"}],"predecessor-version":[{"id":11336,"href":"https:\/\/agora.xtec.cat\/escola-alcoletge\/wp-json\/wp\/v2\/posts\/11329\/revisions\/11336"}],"wp:attachment":[{"href":"https:\/\/agora.xtec.cat\/escola-alcoletge\/wp-json\/wp\/v2\/media?parent=11329"}],"wp:term":[{"taxonomy":"category","embeddable":true,"href":"https:\/\/agora.xtec.cat\/escola-alcoletge\/wp-json\/wp\/v2\/categories?post=11329"},{"taxonomy":"post_tag","embeddable":true,"href":"https:\/\/agora.xtec.cat\/escola-alcoletge\/wp-json\/wp\/v2\/tags?post=11329"}],"curies":[{"name":"wp","href":"https:\/\/api.w.org\/{rel}","templated":true}]}}