{"id":11176,"date":"2026-03-05T22:14:45","date_gmt":"2026-03-05T21:14:45","guid":{"rendered":"https:\/\/agora.xtec.cat\/escola-alcoletge\/?p=11176"},"modified":"2026-03-05T22:14:45","modified_gmt":"2026-03-05T21:14:45","slug":"fem-una-videotrucada-amb-leric","status":"publish","type":"post","link":"https:\/\/agora.xtec.cat\/escola-alcoletge\/portada\/fem-una-videotrucada-amb-leric\/","title":{"rendered":"Fem una v\u00eddeotrucada amb l&#8217;\u00c8ric"},"content":{"rendered":"<p>La mestra Laura i l&#8217;\u00c8ric, l&#8217;ex practicant d&#8217;educaci\u00f3 f\u00edsica, s&#8217;han posat en contacte per fer un projecte d&#8217;angl\u00e8s amb els nens de Nova York i els nens d&#8217;Alcoletge de sis\u00e8. Des de l&#8217;agost l&#8217;\u00c8ric est\u00e0 treballant d&#8217;entrenador a la Bar\u00e7a Academy de Nova York i ara aprofitarem per ajudar-lo a fer el seu treball de final de grau, mentre practiquem angl\u00e8s amb els seus jugadors que tenen la mateixa edat que nosaltres.<\/p>\n<p>El dilluns vam fer una v\u00eddeotrucada amb l&#8217;\u00c8ric i ens va parlar sobre com era la vida a Nova York. Tamb\u00e9 vam fer preguntes sobre: com anava la vida d&#8217;entrenador, com era Nova York, la pol\u00edtica, les armes&#8230; I tamb\u00e9 sobre la seva reacci\u00f3 quan li van dir que estava dins d&#8217;aquesta feina i com ho va aconseguir.<\/p>\n<p>La reacci\u00f3 del nens i nenes de sis\u00e8 d&#8217;Alcoletge va ser sorprenent, perqu\u00e8 no ens esper\u00e0vem tornar a veure a l&#8217;\u00c8ric, perqu\u00e8 era un ex practicant de la nostra escola. Quan la Laura ens va dir que encara contactava amb l&#8217;\u00c8ric ens va vindre un somriure a la cara!<\/p>\n<p><img loading=\"lazy\" decoding=\"async\" class=\"aligncenter wp-image-11178 size-medium\" src=\"https:\/\/agora.xtec.cat\/escola-alcoletge\/wp-content\/uploads\/usu1520\/2026\/03\/IMG_6475-300x225.jpg\" alt=\"\" width=\"300\" height=\"225\" srcset=\"https:\/\/agora.xtec.cat\/escola-alcoletge\/wp-content\/uploads\/usu1520\/2026\/03\/IMG_6475-300x225.jpg 300w, https:\/\/agora.xtec.cat\/escola-alcoletge\/wp-content\/uploads\/usu1520\/2026\/03\/IMG_6475-1024x768.jpg 1024w, https:\/\/agora.xtec.cat\/escola-alcoletge\/wp-content\/uploads\/usu1520\/2026\/03\/IMG_6475-768x576.jpg 768w, https:\/\/agora.xtec.cat\/escola-alcoletge\/wp-content\/uploads\/usu1520\/2026\/03\/IMG_6475-1536x1152.jpg 1536w, https:\/\/agora.xtec.cat\/escola-alcoletge\/wp-content\/uploads\/usu1520\/2026\/03\/IMG_6475-2048x1536.jpg 2048w, https:\/\/agora.xtec.cat\/escola-alcoletge\/wp-content\/uploads\/usu1520\/2026\/03\/IMG_6475-200x150.jpg 200w\" sizes=\"auto, (max-width: 300px) 100vw, 300px\" \/><\/p>\n<p>&nbsp;<\/p>\n","protected":false},"excerpt":{"rendered":"<p>La mestra Laura i l&#8217;\u00c8ric, l&#8217;ex practicant d&#8217;educaci\u00f3 f\u00edsica, s&#8217;han posat en contacte per fer un projecte d&#8217;angl\u00e8s amb els nens de Nova York i els nens d&#8217;Alcoletge de sis\u00e8. Des de l&#8217;agost l&#8217;\u00c8ric est\u00e0 treballant d&#8217;entrenador a la Bar\u00e7a Academy de Nova York i&hellip;  <a href=\"https:\/\/agora.xtec.cat\/escola-alcoletge\/portada\/fem-una-videotrucada-amb-leric\/\" title=\"Read Fem una v\u00eddeotrucada amb l&#8217;\u00c8ric\">Llegeix m\u00e9s\u00bb<\/a><\/p>\n","protected":false},"author":41,"featured_media":0,"comment_status":"open","ping_status":"open","sticky":false,"template":"","format":"standard","meta":{"_bbp_topic_count":0,"_bbp_reply_count":0,"_bbp_total_topic_count":0,"_bbp_total_reply_count":0,"_bbp_voice_count":0,"_bbp_anonymous_reply_count":0,"_bbp_topic_count_hidden":0,"_bbp_reply_count_hidden":0,"_bbp_forum_subforum_count":0,"footnotes":""},"categories":[15,92,88,4],"tags":[],"class_list":["post-11176","post","type-post","status-publish","format-standard","hentry","category-6e-a","category-6e-b","category-cicle-superior","category-portada"],"post_mailing_queue_ids":[],"_links":{"self":[{"href":"https:\/\/agora.xtec.cat\/escola-alcoletge\/wp-json\/wp\/v2\/posts\/11176","targetHints":{"allow":["GET"]}}],"collection":[{"href":"https:\/\/agora.xtec.cat\/escola-alcoletge\/wp-json\/wp\/v2\/posts"}],"about":[{"href":"https:\/\/agora.xtec.cat\/escola-alcoletge\/wp-json\/wp\/v2\/types\/post"}],"author":[{"embeddable":true,"href":"https:\/\/agora.xtec.cat\/escola-alcoletge\/wp-json\/wp\/v2\/users\/41"}],"replies":[{"embeddable":true,"href":"https:\/\/agora.xtec.cat\/escola-alcoletge\/wp-json\/wp\/v2\/comments?post=11176"}],"version-history":[{"count":3,"href":"https:\/\/agora.xtec.cat\/escola-alcoletge\/wp-json\/wp\/v2\/posts\/11176\/revisions"}],"predecessor-version":[{"id":11181,"href":"https:\/\/agora.xtec.cat\/escola-alcoletge\/wp-json\/wp\/v2\/posts\/11176\/revisions\/11181"}],"wp:attachment":[{"href":"https:\/\/agora.xtec.cat\/escola-alcoletge\/wp-json\/wp\/v2\/media?parent=11176"}],"wp:term":[{"taxonomy":"category","embeddable":true,"href":"https:\/\/agora.xtec.cat\/escola-alcoletge\/wp-json\/wp\/v2\/categories?post=11176"},{"taxonomy":"post_tag","embeddable":true,"href":"https:\/\/agora.xtec.cat\/escola-alcoletge\/wp-json\/wp\/v2\/tags?post=11176"}],"curies":[{"name":"wp","href":"https:\/\/api.w.org\/{rel}","templated":true}]}}