{"id":7722,"date":"2021-01-13T10:55:51","date_gmt":"2021-01-13T09:55:51","guid":{"rendered":"http:\/\/agora.xtec.cat\/escola-agora\/?p=7722"},"modified":"2021-01-13T10:55:51","modified_gmt":"2021-01-13T09:55:51","slug":"dia-internacional-de-les-persones-amb-discapacitat","status":"publish","type":"post","link":"https:\/\/agora.xtec.cat\/escola-agora\/ciclesuperior\/6e\/dia-internacional-de-les-persones-amb-discapacitat\/","title":{"rendered":"Dia Internacional de les Persones amb Discapacitat"},"content":{"rendered":"<p><a href=\"https:\/\/agora.xtec.cat\/escola-agora\/wp-content\/uploads\/usu616\/2021\/01\/20201215_152936.jpg\"><img loading=\"lazy\" decoding=\"async\" class=\"alignleft size-medium wp-image-7721\" src=\"https:\/\/agora.xtec.cat\/escola-agora\/wp-content\/uploads\/usu616\/2021\/01\/20201215_152936-300x225.jpg\" alt=\"\" width=\"300\" height=\"225\" srcset=\"https:\/\/agora.xtec.cat\/escola-agora\/wp-content\/uploads\/usu616\/2021\/01\/20201215_152936-300x225.jpg 300w, https:\/\/agora.xtec.cat\/escola-agora\/wp-content\/uploads\/usu616\/2021\/01\/20201215_152936-768x576.jpg 768w, https:\/\/agora.xtec.cat\/escola-agora\/wp-content\/uploads\/usu616\/2021\/01\/20201215_152936-1024x768.jpg 1024w, https:\/\/agora.xtec.cat\/escola-agora\/wp-content\/uploads\/usu616\/2021\/01\/20201215_152936-200x150.jpg 200w\" sizes=\"auto, (max-width: 300px) 100vw, 300px\" \/><\/a>Amb motiu del Dia Internacional de les Persones amb Discapacitat (3 de desembre) els nens i nenes de 6\u00e8 vam fer un cinef\u00f2rum de pel\u00b7l\u00edcules del Festival Incl\u00fas, un festival que parla sobre persones amb discapacitat. Despr\u00e9s de veure pel\u00b7l\u00edcules com: \u201cOut of sight\u201d, \u201cGood Morning Peyton\u201d, \u201cLo incorrecto\u201d, \u201cCanvia el conte: Asperger\u201d o \u201cWe are the superhumans\u201d, vam parlar sobre qu\u00e8 vol dir que hi ha persones amb discapacitat i com s\u2019est\u00e0 intentant canviar el terme per diversitat funcional. Vam entendre que no s\u00f3n persones sense capacitats sin\u00f3 que tenen altres maneres de fer les coses.<\/p>\n<p>Tamb\u00e9 vam parlar de les nostres experi\u00e8ncies i de com ens sentim nosaltres quan hem d\u2019ajudar i com es senten les persones que s\u00f3n ajudades. Finalment, vam arribar a la conclusi\u00f3 que cadasc\u00fa \u00e9s un m\u00f3n diferent d\u2019emocions i sentiments i que el millor \u00e9s actuar amb empatia i naturalitat.<\/p>\n","protected":false},"excerpt":{"rendered":"<p>Amb motiu del Dia Internacional de les Persones amb Discapacitat (3 de desembre) els nens i nenes de 6\u00e8 vam fer un cinef\u00f2rum de pel\u00b7l\u00edcules del Festival Incl\u00fas, un festival que parla sobre persones amb discapacitat<\/p>\n","protected":false},"author":1,"featured_media":7721,"comment_status":"open","ping_status":"closed","sticky":false,"template":"","format":"standard","meta":{"_bbp_topic_count":0,"_bbp_reply_count":0,"_bbp_total_topic_count":0,"_bbp_total_reply_count":0,"_bbp_voice_count":0,"_bbp_anonymous_reply_count":0,"_bbp_topic_count_hidden":0,"_bbp_reply_count_hidden":0,"_bbp_forum_subforum_count":0,"site-sidebar-layout":"default","site-content-layout":"","ast-site-content-layout":"","site-content-style":"default","site-sidebar-style":"default","ast-global-header-display":"","ast-banner-title-visibility":"","ast-main-header-display":"","ast-hfb-above-header-display":"","ast-hfb-below-header-display":"","ast-hfb-mobile-header-display":"","site-post-title":"","ast-breadcrumbs-content":"","ast-featured-img":"","footer-sml-layout":"","theme-transparent-header-meta":"","adv-header-id-meta":"","stick-header-meta":"","header-above-stick-meta":"","header-main-stick-meta":"","header-below-stick-meta":"","astra-migrate-meta-layouts":"default","ast-page-background-enabled":"default","ast-page-background-meta":{"desktop":{"background-color":"var(--ast-global-color-4)","background-image":"","background-repeat":"repeat","background-position":"center center","background-size":"auto","background-attachment":"scroll","background-type":"","background-media":"","overlay-type":"","overlay-color":"","overlay-opacity":"","overlay-gradient":""},"tablet":{"background-color":"","background-image":"","background-repeat":"repeat","background-position":"center center","background-size":"auto","background-attachment":"scroll","background-type":"","background-media":"","overlay-type":"","overlay-color":"","overlay-opacity":"","overlay-gradient":""},"mobile":{"background-color":"","background-image":"","background-repeat":"repeat","background-position":"center center","background-size":"auto","background-attachment":"scroll","background-type":"","background-media":"","overlay-type":"","overlay-color":"","overlay-opacity":"","overlay-gradient":""}},"ast-content-background-meta":{"desktop":{"background-color":"var(--ast-global-color-5)","background-image":"","background-repeat":"repeat","background-position":"center center","background-size":"auto","background-attachment":"scroll","background-type":"","background-media":"","overlay-type":"","overlay-color":"","overlay-opacity":"","overlay-gradient":""},"tablet":{"background-color":"var(--ast-global-color-5)","background-image":"","background-repeat":"repeat","background-position":"center center","background-size":"auto","background-attachment":"scroll","background-type":"","background-media":"","overlay-type":"","overlay-color":"","overlay-opacity":"","overlay-gradient":""},"mobile":{"background-color":"var(--ast-global-color-5)","background-image":"","background-repeat":"repeat","background-position":"center center","background-size":"auto","background-attachment":"scroll","background-type":"","background-media":"","overlay-type":"","overlay-color":"","overlay-opacity":"","overlay-gradient":""}},"footnotes":""},"categories":[15,44],"tags":[62],"class_list":["post-7722","post","type-post","status-publish","format-standard","has-post-thumbnail","hentry","category-6e","category-ciclesuperior","tag-6e"],"post_mailing_queue_ids":[],"_links":{"self":[{"href":"https:\/\/agora.xtec.cat\/escola-agora\/wp-json\/wp\/v2\/posts\/7722","targetHints":{"allow":["GET"]}}],"collection":[{"href":"https:\/\/agora.xtec.cat\/escola-agora\/wp-json\/wp\/v2\/posts"}],"about":[{"href":"https:\/\/agora.xtec.cat\/escola-agora\/wp-json\/wp\/v2\/types\/post"}],"author":[{"embeddable":true,"href":"https:\/\/agora.xtec.cat\/escola-agora\/wp-json\/wp\/v2\/users\/1"}],"replies":[{"embeddable":true,"href":"https:\/\/agora.xtec.cat\/escola-agora\/wp-json\/wp\/v2\/comments?post=7722"}],"version-history":[{"count":1,"href":"https:\/\/agora.xtec.cat\/escola-agora\/wp-json\/wp\/v2\/posts\/7722\/revisions"}],"predecessor-version":[{"id":7723,"href":"https:\/\/agora.xtec.cat\/escola-agora\/wp-json\/wp\/v2\/posts\/7722\/revisions\/7723"}],"wp:featuredmedia":[{"embeddable":true,"href":"https:\/\/agora.xtec.cat\/escola-agora\/wp-json\/wp\/v2\/media\/7721"}],"wp:attachment":[{"href":"https:\/\/agora.xtec.cat\/escola-agora\/wp-json\/wp\/v2\/media?parent=7722"}],"wp:term":[{"taxonomy":"category","embeddable":true,"href":"https:\/\/agora.xtec.cat\/escola-agora\/wp-json\/wp\/v2\/categories?post=7722"},{"taxonomy":"post_tag","embeddable":true,"href":"https:\/\/agora.xtec.cat\/escola-agora\/wp-json\/wp\/v2\/tags?post=7722"}],"curies":[{"name":"wp","href":"https:\/\/api.w.org\/{rel}","templated":true}]}}