{"id":7583,"date":"2020-12-12T09:45:31","date_gmt":"2020-12-12T08:45:31","guid":{"rendered":"http:\/\/agora.xtec.cat\/escola-agora\/?p=7583"},"modified":"2020-12-12T09:45:31","modified_gmt":"2020-12-12T08:45:31","slug":"seguim-amb-el-projecte-de-la-roba","status":"publish","type":"post","link":"https:\/\/agora.xtec.cat\/escola-agora\/cicleinicial\/seguim-amb-el-projecte-de-la-roba\/","title":{"rendered":"SEGUIM AMB EL PROJECTE DE LA ROBA"},"content":{"rendered":"<p id=\"m_7801794439893102968m_2096243200051436055gmail-docs-internal-guid-0e5c35a6-7fff-0cde-9eff-7b91a83aa3eb\" dir=\"ltr\"><strong><span style=\"font-size: large;\">Exposicions: qu\u00e8 tenim a casa? <\/span><\/strong><\/p>\n<p dir=\"ltr\">A principis del projecte, els nens i nenes van poder exposar als companys el que havien portat de casa relacionat amb la roba: agulles i fils de cosir, didals, fotografies de tallers i f\u00e0briques de roba, llibres de costura, mostres de diverses teles, cartells sobre el reciclatge de la roba, contes i imatges sobre la roba, tints per tenyir, etiquetes de roba\u2026. <b>Ho vam documentar tot amb els Ipads<\/b>!<\/p>\n<table>\n<tbody>\n<tr>\n<td><a href=\"https:\/\/agora.xtec.cat\/escola-agora\/wp-content\/uploads\/usu616\/2020\/12\/20201021_153419.jpg\"><img loading=\"lazy\" decoding=\"async\" class=\"alignleft size-medium wp-image-7582\" src=\"https:\/\/agora.xtec.cat\/escola-agora\/wp-content\/uploads\/usu616\/2020\/12\/20201021_153419-300x225.jpg\" alt=\"\" width=\"300\" height=\"225\" srcset=\"https:\/\/agora.xtec.cat\/escola-agora\/wp-content\/uploads\/usu616\/2020\/12\/20201021_153419-300x225.jpg 300w, https:\/\/agora.xtec.cat\/escola-agora\/wp-content\/uploads\/usu616\/2020\/12\/20201021_153419-768x576.jpg 768w, https:\/\/agora.xtec.cat\/escola-agora\/wp-content\/uploads\/usu616\/2020\/12\/20201021_153419-1024x768.jpg 1024w, https:\/\/agora.xtec.cat\/escola-agora\/wp-content\/uploads\/usu616\/2020\/12\/20201021_153419-200x150.jpg 200w\" sizes=\"auto, (max-width: 300px) 100vw, 300px\" \/><\/a><\/td>\n<td><a href=\"https:\/\/agora.xtec.cat\/escola-agora\/wp-content\/uploads\/usu616\/2020\/12\/20201021_153731-e1607761255822.jpg\"><img loading=\"lazy\" decoding=\"async\" class=\"alignleft size-medium wp-image-7581\" src=\"https:\/\/agora.xtec.cat\/escola-agora\/wp-content\/uploads\/usu616\/2020\/12\/20201021_153731-e1607761255822-300x225.jpg\" alt=\"\" width=\"300\" height=\"225\" srcset=\"https:\/\/agora.xtec.cat\/escola-agora\/wp-content\/uploads\/usu616\/2020\/12\/20201021_153731-e1607761255822-300x225.jpg 300w, https:\/\/agora.xtec.cat\/escola-agora\/wp-content\/uploads\/usu616\/2020\/12\/20201021_153731-e1607761255822-768x576.jpg 768w, https:\/\/agora.xtec.cat\/escola-agora\/wp-content\/uploads\/usu616\/2020\/12\/20201021_153731-e1607761255822-1024x768.jpg 1024w, https:\/\/agora.xtec.cat\/escola-agora\/wp-content\/uploads\/usu616\/2020\/12\/20201021_153731-e1607761255822-200x150.jpg 200w\" sizes=\"auto, (max-width: 300px) 100vw, 300px\" \/><\/a><\/td>\n<td><a href=\"https:\/\/agora.xtec.cat\/escola-agora\/wp-content\/uploads\/usu616\/2020\/12\/20201021_153519-e1607761270101.jpg\"><img loading=\"lazy\" decoding=\"async\" class=\"alignleft size-medium wp-image-7580\" src=\"https:\/\/agora.xtec.cat\/escola-agora\/wp-content\/uploads\/usu616\/2020\/12\/20201021_153519-e1607761270101-225x300.jpg\" alt=\"\" width=\"225\" height=\"300\" srcset=\"https:\/\/agora.xtec.cat\/escola-agora\/wp-content\/uploads\/usu616\/2020\/12\/20201021_153519-e1607761270101-225x300.jpg 225w, https:\/\/agora.xtec.cat\/escola-agora\/wp-content\/uploads\/usu616\/2020\/12\/20201021_153519-e1607761270101-768x1024.jpg 768w\" sizes=\"auto, (max-width: 225px) 100vw, 225px\" \/><\/a><\/td>\n<\/tr>\n<tr>\n<td><a href=\"https:\/\/agora.xtec.cat\/escola-agora\/wp-content\/uploads\/usu616\/2020\/12\/20201021_1535111.jpg\"><img loading=\"lazy\" decoding=\"async\" class=\"alignleft size-medium wp-image-7579\" src=\"https:\/\/agora.xtec.cat\/escola-agora\/wp-content\/uploads\/usu616\/2020\/12\/20201021_1535111-300x225.jpg\" alt=\"\" width=\"300\" height=\"225\" srcset=\"https:\/\/agora.xtec.cat\/escola-agora\/wp-content\/uploads\/usu616\/2020\/12\/20201021_1535111-300x225.jpg 300w, https:\/\/agora.xtec.cat\/escola-agora\/wp-content\/uploads\/usu616\/2020\/12\/20201021_1535111-768x576.jpg 768w, https:\/\/agora.xtec.cat\/escola-agora\/wp-content\/uploads\/usu616\/2020\/12\/20201021_1535111-1024x768.jpg 1024w, https:\/\/agora.xtec.cat\/escola-agora\/wp-content\/uploads\/usu616\/2020\/12\/20201021_1535111-200x150.jpg 200w\" sizes=\"auto, (max-width: 300px) 100vw, 300px\" \/><\/a><\/td>\n<td><a href=\"https:\/\/agora.xtec.cat\/escola-agora\/wp-content\/uploads\/usu616\/2020\/12\/20201021_153931-e1607761286773.jpg\"><img loading=\"lazy\" decoding=\"async\" class=\"alignleft size-medium wp-image-7578\" src=\"https:\/\/agora.xtec.cat\/escola-agora\/wp-content\/uploads\/usu616\/2020\/12\/20201021_153931-e1607761286773-300x225.jpg\" alt=\"\" width=\"300\" height=\"225\" srcset=\"https:\/\/agora.xtec.cat\/escola-agora\/wp-content\/uploads\/usu616\/2020\/12\/20201021_153931-e1607761286773-300x225.jpg 300w, https:\/\/agora.xtec.cat\/escola-agora\/wp-content\/uploads\/usu616\/2020\/12\/20201021_153931-e1607761286773-768x576.jpg 768w, https:\/\/agora.xtec.cat\/escola-agora\/wp-content\/uploads\/usu616\/2020\/12\/20201021_153931-e1607761286773-1024x768.jpg 1024w, https:\/\/agora.xtec.cat\/escola-agora\/wp-content\/uploads\/usu616\/2020\/12\/20201021_153931-e1607761286773-200x150.jpg 200w\" sizes=\"auto, (max-width: 300px) 100vw, 300px\" \/><\/a><\/td>\n<td><a href=\"https:\/\/agora.xtec.cat\/escola-agora\/wp-content\/uploads\/usu616\/2020\/12\/20201021_154057.jpg\"><img loading=\"lazy\" decoding=\"async\" class=\"alignleft size-medium wp-image-7577\" src=\"https:\/\/agora.xtec.cat\/escola-agora\/wp-content\/uploads\/usu616\/2020\/12\/20201021_154057-300x225.jpg\" alt=\"\" width=\"300\" height=\"225\" srcset=\"https:\/\/agora.xtec.cat\/escola-agora\/wp-content\/uploads\/usu616\/2020\/12\/20201021_154057-300x225.jpg 300w, https:\/\/agora.xtec.cat\/escola-agora\/wp-content\/uploads\/usu616\/2020\/12\/20201021_154057-768x576.jpg 768w, https:\/\/agora.xtec.cat\/escola-agora\/wp-content\/uploads\/usu616\/2020\/12\/20201021_154057-1024x768.jpg 1024w, https:\/\/agora.xtec.cat\/escola-agora\/wp-content\/uploads\/usu616\/2020\/12\/20201021_154057-200x150.jpg 200w\" sizes=\"auto, (max-width: 300px) 100vw, 300px\" \/><\/a><\/td>\n<\/tr>\n<tr>\n<td><a href=\"https:\/\/agora.xtec.cat\/escola-agora\/wp-content\/uploads\/usu616\/2020\/12\/20201021_153700-e1607761303220.jpg\"><img loading=\"lazy\" decoding=\"async\" class=\"alignleft size-medium wp-image-7576\" src=\"https:\/\/agora.xtec.cat\/escola-agora\/wp-content\/uploads\/usu616\/2020\/12\/20201021_153700-e1607761303220-300x225.jpg\" alt=\"\" width=\"300\" height=\"225\" srcset=\"https:\/\/agora.xtec.cat\/escola-agora\/wp-content\/uploads\/usu616\/2020\/12\/20201021_153700-e1607761303220-300x225.jpg 300w, https:\/\/agora.xtec.cat\/escola-agora\/wp-content\/uploads\/usu616\/2020\/12\/20201021_153700-e1607761303220-768x576.jpg 768w, https:\/\/agora.xtec.cat\/escola-agora\/wp-content\/uploads\/usu616\/2020\/12\/20201021_153700-e1607761303220-1024x768.jpg 1024w, https:\/\/agora.xtec.cat\/escola-agora\/wp-content\/uploads\/usu616\/2020\/12\/20201021_153700-e1607761303220-200x150.jpg 200w\" sizes=\"auto, (max-width: 300px) 100vw, 300px\" \/><\/a><\/td>\n<td><a href=\"https:\/\/agora.xtec.cat\/escola-agora\/wp-content\/uploads\/usu616\/2020\/12\/20201021_155302-e1607761317645.jpg\"><img loading=\"lazy\" decoding=\"async\" class=\"alignleft size-medium wp-image-7575\" src=\"https:\/\/agora.xtec.cat\/escola-agora\/wp-content\/uploads\/usu616\/2020\/12\/20201021_155302-e1607761317645-300x225.jpg\" alt=\"\" width=\"300\" height=\"225\" srcset=\"https:\/\/agora.xtec.cat\/escola-agora\/wp-content\/uploads\/usu616\/2020\/12\/20201021_155302-e1607761317645-300x225.jpg 300w, https:\/\/agora.xtec.cat\/escola-agora\/wp-content\/uploads\/usu616\/2020\/12\/20201021_155302-e1607761317645-768x576.jpg 768w, https:\/\/agora.xtec.cat\/escola-agora\/wp-content\/uploads\/usu616\/2020\/12\/20201021_155302-e1607761317645-1024x768.jpg 1024w, https:\/\/agora.xtec.cat\/escola-agora\/wp-content\/uploads\/usu616\/2020\/12\/20201021_155302-e1607761317645-200x150.jpg 200w\" sizes=\"auto, (max-width: 300px) 100vw, 300px\" \/><\/a><\/td>\n<td><a href=\"https:\/\/agora.xtec.cat\/escola-agora\/wp-content\/uploads\/usu616\/2020\/12\/unnamed-1.jpg\"><img loading=\"lazy\" decoding=\"async\" class=\"alignleft size-medium wp-image-7574\" src=\"https:\/\/agora.xtec.cat\/escola-agora\/wp-content\/uploads\/usu616\/2020\/12\/unnamed-1-225x300.jpg\" alt=\"\" width=\"225\" height=\"300\" srcset=\"https:\/\/agora.xtec.cat\/escola-agora\/wp-content\/uploads\/usu616\/2020\/12\/unnamed-1-225x300.jpg 225w, https:\/\/agora.xtec.cat\/escola-agora\/wp-content\/uploads\/usu616\/2020\/12\/unnamed-1-768x1024.jpg 768w\" sizes=\"auto, (max-width: 225px) 100vw, 225px\" \/><\/a><\/td>\n<\/tr>\n<\/tbody>\n<\/table>\n<p><a href=\"https:\/\/agora.xtec.cat\/escola-agora\/wp-content\/uploads\/usu616\/2020\/12\/20201021_155342-e1607761332100.jpg\"><img loading=\"lazy\" decoding=\"async\" class=\"alignleft size-medium wp-image-7573\" src=\"https:\/\/agora.xtec.cat\/escola-agora\/wp-content\/uploads\/usu616\/2020\/12\/20201021_155342-e1607761332100-300x225.jpg\" alt=\"\" width=\"300\" height=\"225\" srcset=\"https:\/\/agora.xtec.cat\/escola-agora\/wp-content\/uploads\/usu616\/2020\/12\/20201021_155342-e1607761332100-300x225.jpg 300w, https:\/\/agora.xtec.cat\/escola-agora\/wp-content\/uploads\/usu616\/2020\/12\/20201021_155342-e1607761332100-768x576.jpg 768w, https:\/\/agora.xtec.cat\/escola-agora\/wp-content\/uploads\/usu616\/2020\/12\/20201021_155342-e1607761332100-1024x768.jpg 1024w, https:\/\/agora.xtec.cat\/escola-agora\/wp-content\/uploads\/usu616\/2020\/12\/20201021_155342-e1607761332100-200x150.jpg 200w\" sizes=\"auto, (max-width: 300px) 100vw, 300px\" \/><\/a><\/p>\n<p>Despr\u00e9s les mestres van muntar una <strong>exposici\u00f3 al passad\u00eds<\/strong> per poder seguir descobrint!<a href=\"https:\/\/agora.xtec.cat\/escola-agora\/wp-content\/uploads\/usu616\/2020\/12\/20201021_174045.jpg\"><img loading=\"lazy\" decoding=\"async\" class=\"alignright size-medium wp-image-7585\" src=\"https:\/\/agora.xtec.cat\/escola-agora\/wp-content\/uploads\/usu616\/2020\/12\/20201021_174045-300x225.jpg\" alt=\"\" width=\"300\" height=\"225\" srcset=\"https:\/\/agora.xtec.cat\/escola-agora\/wp-content\/uploads\/usu616\/2020\/12\/20201021_174045-300x225.jpg 300w, https:\/\/agora.xtec.cat\/escola-agora\/wp-content\/uploads\/usu616\/2020\/12\/20201021_174045-768x576.jpg 768w, https:\/\/agora.xtec.cat\/escola-agora\/wp-content\/uploads\/usu616\/2020\/12\/20201021_174045-1024x768.jpg 1024w, https:\/\/agora.xtec.cat\/escola-agora\/wp-content\/uploads\/usu616\/2020\/12\/20201021_174045-200x150.jpg 200w\" sizes=\"auto, (max-width: 300px) 100vw, 300px\" \/><\/a><\/p>\n<p>&nbsp;<\/p>\n<p>&nbsp;<\/p>\n<p>&nbsp;<\/p>\n<p>&nbsp;<\/p>\n<p>&nbsp;<\/p>\n<p id=\"m_7801794439893102968gmail-docs-internal-guid-6341c75e-7fff-ef1a-6c06-b8fb99d58344\" dir=\"ltr\"><strong><span style=\"font-size: large;\">De qu\u00e8 est\u00e0 feta la roba que portem? Tipus de teles<\/span><\/strong><\/p>\n<p dir=\"ltr\">A principis de novembre vam comen\u00e7ar a aprendre sobre el t\u00e8xtil.<\/p>\n<p dir=\"ltr\">Hem fet <b>sessions d\u2019experimentaci\u00f3<\/b>, on hem tocat amb les mans diferents tipus de teles\u2026 i segons les seves caracter\u00edstiques pensar de qu\u00e8 estan fetes.<\/p>\n<figure id=\"attachment_7589\" aria-describedby=\"caption-attachment-7589\" style=\"width: 580px\" class=\"wp-caption alignnone\"><a href=\"https:\/\/agora.xtec.cat\/escola-agora\/wp-content\/uploads\/usu616\/2020\/12\/fibras_textiles.png\"><img loading=\"lazy\" decoding=\"async\" class=\"wp-image-7589 size-full\" src=\"https:\/\/agora.xtec.cat\/escola-agora\/wp-content\/uploads\/usu616\/2020\/12\/fibras_textiles.png\" alt=\"\" width=\"580\" height=\"187\" srcset=\"https:\/\/agora.xtec.cat\/escola-agora\/wp-content\/uploads\/usu616\/2020\/12\/fibras_textiles.png 580w, https:\/\/agora.xtec.cat\/escola-agora\/wp-content\/uploads\/usu616\/2020\/12\/fibras_textiles-300x97.png 300w\" sizes=\"auto, (max-width: 580px) 100vw, 580px\" \/><\/a><figcaption id=\"caption-attachment-7589\" class=\"wp-caption-text\">[gruixut, prim, el\u00e0stic, dur, suau, de punt, tenyit, llana, seda, cot\u00f3\u2026]<\/figcaption><\/figure>\n<p>Tamb\u00e9 hem fet <b>sessions on hem observat imatges<\/b> sobre proced\u00e8ncies de la tela <b>i v\u00eddeos<\/b> que ens han explicat el proc\u00e9s de fabricaci\u00f3 de la seda, del cot\u00f3 i de la llana.<\/p>\n<figure id=\"attachment_7591\" aria-describedby=\"caption-attachment-7591\" style=\"width: 1024px\" class=\"wp-caption alignright\"><a href=\"https:\/\/agora.xtec.cat\/escola-agora\/wp-content\/uploads\/usu616\/2020\/12\/Dise\u00f1o-sin-t\u00edtulo-6.jpg\"><img loading=\"lazy\" decoding=\"async\" class=\"size-large wp-image-7591\" src=\"https:\/\/agora.xtec.cat\/escola-agora\/wp-content\/uploads\/usu616\/2020\/12\/Dise\u00f1o-sin-t\u00edtulo-6-1024x768.jpg\" alt=\"\" width=\"1024\" height=\"768\" srcset=\"https:\/\/agora.xtec.cat\/escola-agora\/wp-content\/uploads\/usu616\/2020\/12\/Dise\u00f1o-sin-t\u00edtulo-6.jpg 1024w, https:\/\/agora.xtec.cat\/escola-agora\/wp-content\/uploads\/usu616\/2020\/12\/Dise\u00f1o-sin-t\u00edtulo-6-300x225.jpg 300w, https:\/\/agora.xtec.cat\/escola-agora\/wp-content\/uploads\/usu616\/2020\/12\/Dise\u00f1o-sin-t\u00edtulo-6-768x576.jpg 768w, https:\/\/agora.xtec.cat\/escola-agora\/wp-content\/uploads\/usu616\/2020\/12\/Dise\u00f1o-sin-t\u00edtulo-6-200x150.jpg 200w\" sizes=\"auto, (max-width: 1024px) 100vw, 1024px\" \/><\/a><figcaption id=\"caption-attachment-7591\" class=\"wp-caption-text\">[cucs de seda, capolls, cotoner, lli, ovelles, esquilar, filar\u2026]<\/figcaption><\/figure>\n<p>Us deixem amb un v\u00eddeo que ens va semblar molt interessant:<\/p>\n<p><iframe loading=\"lazy\" src=\"https:\/\/www.youtube.com\/embed\/G9U_neUPDgU\" width=\"560\" height=\"315\" frameborder=\"0\"><\/iframe><\/p>\n<p><strong>Aprenem vocabulari sobre la roba: treballem la lectoescriptura<\/strong><\/p>\n<p><a href=\"https:\/\/agora.xtec.cat\/escola-agora\/wp-content\/uploads\/usu616\/2020\/12\/20201109_111459.jpg\"><img loading=\"lazy\" decoding=\"async\" class=\"wp-image-7593 size-medium alignleft\" src=\"https:\/\/agora.xtec.cat\/escola-agora\/wp-content\/uploads\/usu616\/2020\/12\/20201109_111459-300x225.jpg\" alt=\"\" width=\"300\" height=\"225\" srcset=\"https:\/\/agora.xtec.cat\/escola-agora\/wp-content\/uploads\/usu616\/2020\/12\/20201109_111459-300x225.jpg 300w, https:\/\/agora.xtec.cat\/escola-agora\/wp-content\/uploads\/usu616\/2020\/12\/20201109_111459-768x576.jpg 768w, https:\/\/agora.xtec.cat\/escola-agora\/wp-content\/uploads\/usu616\/2020\/12\/20201109_111459-1024x768.jpg 1024w, https:\/\/agora.xtec.cat\/escola-agora\/wp-content\/uploads\/usu616\/2020\/12\/20201109_111459-200x150.jpg 200w\" sizes=\"auto, (max-width: 300px) 100vw, 300px\" \/><\/a><\/p>\n<p>&nbsp;<\/p>\n<p>Aquest any estem intentant treballar de forma globalitzada. Aix\u00f2 vol dir que unim el que fem a Medi amb altres \u00e0rees, com per exemple el Catal\u00e0!<\/p>\n<p>&nbsp;<\/p>\n<p>&nbsp;<\/p>\n<p>&nbsp;<\/p>\n<p><strong><span style=\"font-size: large;\">Som entrevistadors!<\/span><\/strong><\/p>\n<p dir=\"ltr\">En petit grup ens hem plantejat preguntes que ens criden la curiositat i de les que no tenim encara resposta.\u00a0Despr\u00e9s hem gravat v\u00eddeos que enviarem a les persones entrevistades.<\/p>\n<p dir=\"ltr\">Creiem que hem apr\u00e8s a fer entrevistes i tenim moltes ganes de saber les respostes\u2026 Moltes gr\u00e0cies a totes les mares, avis i treballadors que col\u00b7laboreu amb nosaltres en aquesta activitat!<br \/>\nStay tuned<img decoding=\"async\" class=\"CToWUd\" src=\"https:\/\/mail.google.com\/mail\/e\/1f514\" alt=\"\ud83d\udd14\" data-goomoji=\"1f514\" data-image-whitelisted=\"\" \/>. Seguim investigant i aprenent&#8230;<\/p>\n","protected":false},"excerpt":{"rendered":"<p>Exposicions: qu\u00e8 tenim a casa? A principis del projecte, els nens i nenes van poder exposar als companys el que havien portat de casa relacionat amb la roba: agulles i fils de cosir, didals, fotografies de tallers i f\u00e0briques de roba, llibres de costura, mostres de diverses teles, cartells sobre el reciclatge de la roba, [&hellip;]<\/p>\n","protected":false},"author":1,"featured_media":7581,"comment_status":"open","ping_status":"closed","sticky":false,"template":"","format":"standard","meta":{"_bbp_topic_count":0,"_bbp_reply_count":0,"_bbp_total_topic_count":0,"_bbp_total_reply_count":0,"_bbp_voice_count":0,"_bbp_anonymous_reply_count":0,"_bbp_topic_count_hidden":0,"_bbp_reply_count_hidden":0,"_bbp_forum_subforum_count":0,"site-sidebar-layout":"default","site-content-layout":"","ast-site-content-layout":"","site-content-style":"default","site-sidebar-style":"default","ast-global-header-display":"","ast-banner-title-visibility":"","ast-main-header-display":"","ast-hfb-above-header-display":"","ast-hfb-below-header-display":"","ast-hfb-mobile-header-display":"","site-post-title":"","ast-breadcrumbs-content":"","ast-featured-img":"","footer-sml-layout":"","theme-transparent-header-meta":"","adv-header-id-meta":"","stick-header-meta":"","header-above-stick-meta":"","header-main-stick-meta":"","header-below-stick-meta":"","astra-migrate-meta-layouts":"default","ast-page-background-enabled":"default","ast-page-background-meta":{"desktop":{"background-color":"var(--ast-global-color-4)","background-image":"","background-repeat":"repeat","background-position":"center center","background-size":"auto","background-attachment":"scroll","background-type":"","background-media":"","overlay-type":"","overlay-color":"","overlay-opacity":"","overlay-gradient":""},"tablet":{"background-color":"","background-image":"","background-repeat":"repeat","background-position":"center center","background-size":"auto","background-attachment":"scroll","background-type":"","background-media":"","overlay-type":"","overlay-color":"","overlay-opacity":"","overlay-gradient":""},"mobile":{"background-color":"","background-image":"","background-repeat":"repeat","background-position":"center center","background-size":"auto","background-attachment":"scroll","background-type":"","background-media":"","overlay-type":"","overlay-color":"","overlay-opacity":"","overlay-gradient":""}},"ast-content-background-meta":{"desktop":{"background-color":"var(--ast-global-color-5)","background-image":"","background-repeat":"repeat","background-position":"center center","background-size":"auto","background-attachment":"scroll","background-type":"","background-media":"","overlay-type":"","overlay-color":"","overlay-opacity":"","overlay-gradient":""},"tablet":{"background-color":"var(--ast-global-color-5)","background-image":"","background-repeat":"repeat","background-position":"center center","background-size":"auto","background-attachment":"scroll","background-type":"","background-media":"","overlay-type":"","overlay-color":"","overlay-opacity":"","overlay-gradient":""},"mobile":{"background-color":"var(--ast-global-color-5)","background-image":"","background-repeat":"repeat","background-position":"center center","background-size":"auto","background-attachment":"scroll","background-type":"","background-media":"","overlay-type":"","overlay-color":"","overlay-opacity":"","overlay-gradient":""}},"footnotes":""},"categories":[10,5],"tags":[55,113],"class_list":["post-7583","post","type-post","status-publish","format-standard","has-post-thumbnail","hentry","category-1r","category-cicleinicial","tag-1r","tag-projecte"],"post_mailing_queue_ids":[],"_links":{"self":[{"href":"https:\/\/agora.xtec.cat\/escola-agora\/wp-json\/wp\/v2\/posts\/7583","targetHints":{"allow":["GET"]}}],"collection":[{"href":"https:\/\/agora.xtec.cat\/escola-agora\/wp-json\/wp\/v2\/posts"}],"about":[{"href":"https:\/\/agora.xtec.cat\/escola-agora\/wp-json\/wp\/v2\/types\/post"}],"author":[{"embeddable":true,"href":"https:\/\/agora.xtec.cat\/escola-agora\/wp-json\/wp\/v2\/users\/1"}],"replies":[{"embeddable":true,"href":"https:\/\/agora.xtec.cat\/escola-agora\/wp-json\/wp\/v2\/comments?post=7583"}],"version-history":[{"count":3,"href":"https:\/\/agora.xtec.cat\/escola-agora\/wp-json\/wp\/v2\/posts\/7583\/revisions"}],"predecessor-version":[{"id":7594,"href":"https:\/\/agora.xtec.cat\/escola-agora\/wp-json\/wp\/v2\/posts\/7583\/revisions\/7594"}],"wp:featuredmedia":[{"embeddable":true,"href":"https:\/\/agora.xtec.cat\/escola-agora\/wp-json\/wp\/v2\/media\/7581"}],"wp:attachment":[{"href":"https:\/\/agora.xtec.cat\/escola-agora\/wp-json\/wp\/v2\/media?parent=7583"}],"wp:term":[{"taxonomy":"category","embeddable":true,"href":"https:\/\/agora.xtec.cat\/escola-agora\/wp-json\/wp\/v2\/categories?post=7583"},{"taxonomy":"post_tag","embeddable":true,"href":"https:\/\/agora.xtec.cat\/escola-agora\/wp-json\/wp\/v2\/tags?post=7583"}],"curies":[{"name":"wp","href":"https:\/\/api.w.org\/{rel}","templated":true}]}}