{"id":7333,"date":"2020-11-14T14:35:12","date_gmt":"2020-11-14T13:35:12","guid":{"rendered":"http:\/\/agora.xtec.cat\/escola-agora\/?p=7333"},"modified":"2021-01-18T11:39:53","modified_gmt":"2021-01-18T10:39:53","slug":"la-llibreta-del-poeta","status":"publish","type":"post","link":"https:\/\/agora.xtec.cat\/escola-agora\/ciclemitja\/3r\/la-llibreta-del-poeta\/","title":{"rendered":"La llibreta del poeta"},"content":{"rendered":"<p><a href=\"https:\/\/agora.xtec.cat\/escola-agora\/wp-content\/uploads\/usu616\/2020\/11\/lp2.jpg\"><img loading=\"lazy\" decoding=\"async\" class=\"alignleft size-medium wp-image-7314\" src=\"https:\/\/agora.xtec.cat\/escola-agora\/wp-content\/uploads\/usu616\/2020\/11\/lp2-300x169.jpg\" alt=\"\" width=\"300\" height=\"169\" srcset=\"https:\/\/agora.xtec.cat\/escola-agora\/wp-content\/uploads\/usu616\/2020\/11\/lp2-300x169.jpg 300w, https:\/\/agora.xtec.cat\/escola-agora\/wp-content\/uploads\/usu616\/2020\/11\/lp2-768x432.jpg 768w, https:\/\/agora.xtec.cat\/escola-agora\/wp-content\/uploads\/usu616\/2020\/11\/lp2-1024x576.jpg 1024w, https:\/\/agora.xtec.cat\/escola-agora\/wp-content\/uploads\/usu616\/2020\/11\/lp2.jpg 1599w\" sizes=\"auto, (max-width: 300px) 100vw, 300px\" \/><\/a>Com ja sabreu estem fent poesia. Ara comen\u00e7arem a observar l&#8217;entorn i ho estem fent en aquesta llibreta! Els versos van que volen!<br \/>\nPrimer hem d&#8217;observar i fer comparacions amb coses que tenen alguna caracter\u00edstica en com\u00fa, fent una comparaci\u00f3, despr\u00e9s convertir-la en una met\u00e0fora i a continuaci\u00f3 seguir el vers. Un exercici molt complicat que cal fer a poc a poc. Hem comen\u00e7at a practicar i aquests s\u00f3n alguns dels versos que hem escrit entre tota la classe:<\/p>\n<p><a href=\"https:\/\/agora.xtec.cat\/escola-agora\/wp-content\/uploads\/usu616\/2020\/11\/lp1.jpg\"><img loading=\"lazy\" decoding=\"async\" class=\"alignleft size-medium wp-image-7313\" src=\"https:\/\/agora.xtec.cat\/escola-agora\/wp-content\/uploads\/usu616\/2020\/11\/lp1-169x300.jpg\" alt=\"\" width=\"169\" height=\"300\" srcset=\"https:\/\/agora.xtec.cat\/escola-agora\/wp-content\/uploads\/usu616\/2020\/11\/lp1-169x300.jpg 169w, https:\/\/agora.xtec.cat\/escola-agora\/wp-content\/uploads\/usu616\/2020\/11\/lp1-768x1364.jpg 768w, https:\/\/agora.xtec.cat\/escola-agora\/wp-content\/uploads\/usu616\/2020\/11\/lp1-576x1024.jpg 576w, https:\/\/agora.xtec.cat\/escola-agora\/wp-content\/uploads\/usu616\/2020\/11\/lp1.jpg 900w\" sizes=\"auto, (max-width: 169px) 100vw, 169px\" \/><\/a><\/p>\n<p>&nbsp;<\/p>\n<p><span style=\"color: #008080;\">La neu s\u00f3n bombolles de sab\u00f3.<\/span><br \/>\n<span style=\"color: #008080;\">La neu \u00e9s sal.<\/span><br \/>\n<span style=\"color: #008080;\">La neu \u00e9s sucre que endolceix el carrer.<\/span><br \/>\n<span style=\"color: #008080;\">El n\u00favol \u00e9s una crispeta que mai peta!<\/span><br \/>\n<span style=\"color: #008080;\">El sol \u00e9s una &#8220;canica&#8221; que brilla.<\/span><br \/>\n<span style=\"color: #008080;\">Un caramel \u00e9s un regal molt dol\u00e7.<\/span><br \/>\n<span style=\"color: #008080;\">Les agulles del rellotge son cotxes que persegueixen el temps.<\/span><\/p>\n<p>&nbsp;<\/p>\n<p>&nbsp;<\/p>\n<p><a href=\"https:\/\/www.elsitiodelaspalabras.es\/cursos\/juego-lento-taller-poesia\/\"><img loading=\"lazy\" decoding=\"async\" class=\"alignleft size-medium wp-image-7826\" src=\"https:\/\/agora.xtec.cat\/escola-agora\/wp-content\/uploads\/usu616\/2021\/01\/a-juego-lento-215x300.jpg\" alt=\"\" width=\"215\" height=\"300\" srcset=\"https:\/\/agora.xtec.cat\/escola-agora\/wp-content\/uploads\/usu616\/2021\/01\/a-juego-lento-215x300.jpg 215w, https:\/\/agora.xtec.cat\/escola-agora\/wp-content\/uploads\/usu616\/2021\/01\/a-juego-lento.jpg 242w\" sizes=\"auto, (max-width: 215px) 100vw, 215px\" \/><\/a><\/p>\n<p>&nbsp;<\/p>\n<p>Activitat basada en el llibre <a href=\"https:\/\/www.elsitiodelaspalabras.es\/cursos\/juego-lento-taller-poesia\/\">A juego lento<\/a> de Mar Benegas.<\/p>\n","protected":false},"excerpt":{"rendered":"<p>Com ja sabreu estem fent poesia. Ara comen\u00e7arem a observar l&#8217;entorn i ho estem fent en aquesta llibreta! Els versos van que volen!Primer hem d&#8217;observar i fer comparacions<\/p>\n","protected":false},"author":1,"featured_media":7314,"comment_status":"open","ping_status":"closed","sticky":false,"template":"","format":"standard","meta":{"_bbp_topic_count":0,"_bbp_reply_count":0,"_bbp_total_topic_count":0,"_bbp_total_reply_count":0,"_bbp_voice_count":0,"_bbp_anonymous_reply_count":0,"_bbp_topic_count_hidden":0,"_bbp_reply_count_hidden":0,"_bbp_forum_subforum_count":0,"site-sidebar-layout":"default","site-content-layout":"","ast-site-content-layout":"","site-content-style":"default","site-sidebar-style":"default","ast-global-header-display":"","ast-banner-title-visibility":"","ast-main-header-display":"","ast-hfb-above-header-display":"","ast-hfb-below-header-display":"","ast-hfb-mobile-header-display":"","site-post-title":"","ast-breadcrumbs-content":"","ast-featured-img":"","footer-sml-layout":"","theme-transparent-header-meta":"","adv-header-id-meta":"","stick-header-meta":"","header-above-stick-meta":"","header-main-stick-meta":"","header-below-stick-meta":"","astra-migrate-meta-layouts":"default","ast-page-background-enabled":"default","ast-page-background-meta":{"desktop":{"background-color":"var(--ast-global-color-4)","background-image":"","background-repeat":"repeat","background-position":"center center","background-size":"auto","background-attachment":"scroll","background-type":"","background-media":"","overlay-type":"","overlay-color":"","overlay-opacity":"","overlay-gradient":""},"tablet":{"background-color":"","background-image":"","background-repeat":"repeat","background-position":"center center","background-size":"auto","background-attachment":"scroll","background-type":"","background-media":"","overlay-type":"","overlay-color":"","overlay-opacity":"","overlay-gradient":""},"mobile":{"background-color":"","background-image":"","background-repeat":"repeat","background-position":"center center","background-size":"auto","background-attachment":"scroll","background-type":"","background-media":"","overlay-type":"","overlay-color":"","overlay-opacity":"","overlay-gradient":""}},"ast-content-background-meta":{"desktop":{"background-color":"var(--ast-global-color-5)","background-image":"","background-repeat":"repeat","background-position":"center center","background-size":"auto","background-attachment":"scroll","background-type":"","background-media":"","overlay-type":"","overlay-color":"","overlay-opacity":"","overlay-gradient":""},"tablet":{"background-color":"var(--ast-global-color-5)","background-image":"","background-repeat":"repeat","background-position":"center center","background-size":"auto","background-attachment":"scroll","background-type":"","background-media":"","overlay-type":"","overlay-color":"","overlay-opacity":"","overlay-gradient":""},"mobile":{"background-color":"var(--ast-global-color-5)","background-image":"","background-repeat":"repeat","background-position":"center center","background-size":"auto","background-attachment":"scroll","background-type":"","background-media":"","overlay-type":"","overlay-color":"","overlay-opacity":"","overlay-gradient":""}},"footnotes":""},"categories":[12,43],"tags":[58,132],"class_list":["post-7333","post","type-post","status-publish","format-standard","has-post-thumbnail","hentry","category-3r","category-ciclemitja","tag-3r","tag-poesia"],"post_mailing_queue_ids":[],"_links":{"self":[{"href":"https:\/\/agora.xtec.cat\/escola-agora\/wp-json\/wp\/v2\/posts\/7333","targetHints":{"allow":["GET"]}}],"collection":[{"href":"https:\/\/agora.xtec.cat\/escola-agora\/wp-json\/wp\/v2\/posts"}],"about":[{"href":"https:\/\/agora.xtec.cat\/escola-agora\/wp-json\/wp\/v2\/types\/post"}],"author":[{"embeddable":true,"href":"https:\/\/agora.xtec.cat\/escola-agora\/wp-json\/wp\/v2\/users\/1"}],"replies":[{"embeddable":true,"href":"https:\/\/agora.xtec.cat\/escola-agora\/wp-json\/wp\/v2\/comments?post=7333"}],"version-history":[{"count":2,"href":"https:\/\/agora.xtec.cat\/escola-agora\/wp-json\/wp\/v2\/posts\/7333\/revisions"}],"predecessor-version":[{"id":7828,"href":"https:\/\/agora.xtec.cat\/escola-agora\/wp-json\/wp\/v2\/posts\/7333\/revisions\/7828"}],"wp:featuredmedia":[{"embeddable":true,"href":"https:\/\/agora.xtec.cat\/escola-agora\/wp-json\/wp\/v2\/media\/7314"}],"wp:attachment":[{"href":"https:\/\/agora.xtec.cat\/escola-agora\/wp-json\/wp\/v2\/media?parent=7333"}],"wp:term":[{"taxonomy":"category","embeddable":true,"href":"https:\/\/agora.xtec.cat\/escola-agora\/wp-json\/wp\/v2\/categories?post=7333"},{"taxonomy":"post_tag","embeddable":true,"href":"https:\/\/agora.xtec.cat\/escola-agora\/wp-json\/wp\/v2\/tags?post=7333"}],"curies":[{"name":"wp","href":"https:\/\/api.w.org\/{rel}","templated":true}]}}