{"id":7278,"date":"2020-11-11T08:08:54","date_gmt":"2020-11-11T07:08:54","guid":{"rendered":"http:\/\/agora.xtec.cat\/escola-agora\/?p=7278"},"modified":"2020-11-16T21:59:25","modified_gmt":"2020-11-16T20:59:25","slug":"trobada-amb-la-pili-autora-de-las-maletas-del-olvido","status":"publish","type":"post","link":"https:\/\/agora.xtec.cat\/escola-agora\/general\/trobada-amb-la-pili-autora-de-las-maletas-del-olvido\/","title":{"rendered":"Trobada amb la Pili, autora de Las maletas del olvido"},"content":{"rendered":"<div>\n<p><a href=\"https:\/\/agora.xtec.cat\/escola-agora\/wp-content\/uploads\/usu616\/2020\/11\/Foto.jpeg\"><img loading=\"lazy\" decoding=\"async\" class=\"alignleft size-medium wp-image-7277\" src=\"https:\/\/agora.xtec.cat\/escola-agora\/wp-content\/uploads\/usu616\/2020\/11\/Foto-169x300.jpeg\" alt=\"\" width=\"169\" height=\"300\" srcset=\"https:\/\/agora.xtec.cat\/escola-agora\/wp-content\/uploads\/usu616\/2020\/11\/Foto-169x300.jpeg 169w, https:\/\/agora.xtec.cat\/escola-agora\/wp-content\/uploads\/usu616\/2020\/11\/Foto-768x1366.jpeg 768w, https:\/\/agora.xtec.cat\/escola-agora\/wp-content\/uploads\/usu616\/2020\/11\/Foto-576x1024.jpeg 576w, https:\/\/agora.xtec.cat\/escola-agora\/wp-content\/uploads\/usu616\/2020\/11\/Foto.jpeg 899w\" sizes=\"auto, (max-width: 169px) 100vw, 169px\" \/><\/a>La Pili, la cuinera de l&#8217;escola, ha publicat &#8220;Las maletas del olvido&#8221; (Ediciones Vers\u00e1til, 2020), la seva segona novel\u00b7la. Et convidem a assistir a la conversa i xerrada virtual que farem amb la Pili el dimecres 25 de novembre a les 17&#8217;15h.<\/p>\n<p>En aquesta trobada (videoconfer\u00e8ncia) presentarem el llibre i podr\u00e0s preguntar a l&#8217;autora sobre el proc\u00e9s de creaci\u00f3, de publicaci\u00f3, d&#8217;escriptura&#8230;<br \/>\nNo deixis passar aquesta oportunitat! \u00c9s una sort que l&#8217;escola pugui comptar amb una escriptora com ella.<\/p>\n<p>No cal que t&#8217;hagis llegit el llibre per assistir a aquesta trobada.<br \/>\nPer a poder participar de l&#8217;activitat cal que t&#8217;inscriguis responent aquest curt formulari:<\/p>\n<\/div>\n<div><\/div>\n<div><a href=\"https:\/\/docs.google.com\/forms\/d\/e\/1FAIpQLSfcxjaQYj-6z0jHAnnJUBoV_hA5y6dtM8Ck2g1n4NcdXV3iIg\/viewform\" target=\"_blank\" rel=\"noopener noreferrer\" data-saferedirecturl=\"https:\/\/www.google.com\/url?q=https:\/\/docs.google.com\/forms\/d\/e\/1FAIpQLSfcxjaQYj-6z0jHAnnJUBoV_hA5y6dtM8Ck2g1n4NcdXV3iIg\/viewform&amp;source=gmail&amp;ust=1605164212791000&amp;usg=AFQjCNGPvGK7Cnbd6_1OqbZpThefxSdqFQ\">https:\/\/docs.google.com\/forms\/<wbr \/>d\/e\/1FAIpQLSfcxjaQYj-<wbr \/>6z0jHAnnJUBoV_<wbr \/>hA5y6dtM8Ck2g1n4NcdXV3iIg\/<wbr \/>viewform<\/a><\/div>\n<div>\n<p>La trobada tindr\u00e0 una durada m\u00e0xima d&#8217;una hora.Dies abans de la trobada rebr\u00e0s un mail amb la confirmaci\u00f3 de la inscripci\u00f3 i l&#8217;enlla\u00e7 per poder-te connectar a la videoconfer\u00e8ncia.<\/p>\n<\/div>\n<div><\/div>\n<div><iframe loading=\"lazy\" src=\"https:\/\/www.youtube.com\/embed\/2m_tN4Rs7Oc\" width=\"560\" height=\"315\" frameborder=\"0\"><\/iframe><\/div>\n","protected":false},"excerpt":{"rendered":"<p>La Pili, la cuinera de l&#8217;escola, ha publicat &#8220;Las maletas del olvido&#8221; (Ediciones Vers\u00e1til, 2020), la seva segona novel\u00b7la. Et convidem a assistir a la conversa i xerrada virtual que farem amb la Pili el dimecres 25 de novembre a les 17h.\u00e7<\/p>\n","protected":false},"author":1,"featured_media":7280,"comment_status":"open","ping_status":"closed","sticky":false,"template":"","format":"standard","meta":{"_bbp_topic_count":0,"_bbp_reply_count":0,"_bbp_total_topic_count":0,"_bbp_total_reply_count":0,"_bbp_voice_count":0,"_bbp_anonymous_reply_count":0,"_bbp_topic_count_hidden":0,"_bbp_reply_count_hidden":0,"_bbp_forum_subforum_count":0,"site-sidebar-layout":"default","site-content-layout":"","ast-site-content-layout":"","site-content-style":"default","site-sidebar-style":"default","ast-global-header-display":"","ast-banner-title-visibility":"","ast-main-header-display":"","ast-hfb-above-header-display":"","ast-hfb-below-header-display":"","ast-hfb-mobile-header-display":"","site-post-title":"","ast-breadcrumbs-content":"","ast-featured-img":"","footer-sml-layout":"","theme-transparent-header-meta":"","adv-header-id-meta":"","stick-header-meta":"","header-above-stick-meta":"","header-main-stick-meta":"","header-below-stick-meta":"","astra-migrate-meta-layouts":"default","ast-page-background-enabled":"default","ast-page-background-meta":{"desktop":{"background-color":"var(--ast-global-color-4)","background-image":"","background-repeat":"repeat","background-position":"center center","background-size":"auto","background-attachment":"scroll","background-type":"","background-media":"","overlay-type":"","overlay-color":"","overlay-opacity":"","overlay-gradient":""},"tablet":{"background-color":"","background-image":"","background-repeat":"repeat","background-position":"center center","background-size":"auto","background-attachment":"scroll","background-type":"","background-media":"","overlay-type":"","overlay-color":"","overlay-opacity":"","overlay-gradient":""},"mobile":{"background-color":"","background-image":"","background-repeat":"repeat","background-position":"center center","background-size":"auto","background-attachment":"scroll","background-type":"","background-media":"","overlay-type":"","overlay-color":"","overlay-opacity":"","overlay-gradient":""}},"ast-content-background-meta":{"desktop":{"background-color":"var(--ast-global-color-5)","background-image":"","background-repeat":"repeat","background-position":"center center","background-size":"auto","background-attachment":"scroll","background-type":"","background-media":"","overlay-type":"","overlay-color":"","overlay-opacity":"","overlay-gradient":""},"tablet":{"background-color":"var(--ast-global-color-5)","background-image":"","background-repeat":"repeat","background-position":"center center","background-size":"auto","background-attachment":"scroll","background-type":"","background-media":"","overlay-type":"","overlay-color":"","overlay-opacity":"","overlay-gradient":""},"mobile":{"background-color":"var(--ast-global-color-5)","background-image":"","background-repeat":"repeat","background-position":"center center","background-size":"auto","background-attachment":"scroll","background-type":"","background-media":"","overlay-type":"","overlay-color":"","overlay-opacity":"","overlay-gradient":""}},"footnotes":""},"categories":[45,1,4],"tags":[],"class_list":["post-7278","post","type-post","status-publish","format-standard","has-post-thumbnail","hentry","category-biblioteca","category-general","category-portada"],"post_mailing_queue_ids":[],"_links":{"self":[{"href":"https:\/\/agora.xtec.cat\/escola-agora\/wp-json\/wp\/v2\/posts\/7278","targetHints":{"allow":["GET"]}}],"collection":[{"href":"https:\/\/agora.xtec.cat\/escola-agora\/wp-json\/wp\/v2\/posts"}],"about":[{"href":"https:\/\/agora.xtec.cat\/escola-agora\/wp-json\/wp\/v2\/types\/post"}],"author":[{"embeddable":true,"href":"https:\/\/agora.xtec.cat\/escola-agora\/wp-json\/wp\/v2\/users\/1"}],"replies":[{"embeddable":true,"href":"https:\/\/agora.xtec.cat\/escola-agora\/wp-json\/wp\/v2\/comments?post=7278"}],"version-history":[{"count":3,"href":"https:\/\/agora.xtec.cat\/escola-agora\/wp-json\/wp\/v2\/posts\/7278\/revisions"}],"predecessor-version":[{"id":7337,"href":"https:\/\/agora.xtec.cat\/escola-agora\/wp-json\/wp\/v2\/posts\/7278\/revisions\/7337"}],"wp:featuredmedia":[{"embeddable":true,"href":"https:\/\/agora.xtec.cat\/escola-agora\/wp-json\/wp\/v2\/media\/7280"}],"wp:attachment":[{"href":"https:\/\/agora.xtec.cat\/escola-agora\/wp-json\/wp\/v2\/media?parent=7278"}],"wp:term":[{"taxonomy":"category","embeddable":true,"href":"https:\/\/agora.xtec.cat\/escola-agora\/wp-json\/wp\/v2\/categories?post=7278"},{"taxonomy":"post_tag","embeddable":true,"href":"https:\/\/agora.xtec.cat\/escola-agora\/wp-json\/wp\/v2\/tags?post=7278"}],"curies":[{"name":"wp","href":"https:\/\/api.w.org\/{rel}","templated":true}]}}