{"id":6583,"date":"2020-06-11T20:36:13","date_gmt":"2020-06-11T18:36:13","guid":{"rendered":"http:\/\/agora.xtec.cat\/escola-agora\/?p=6583"},"modified":"2020-06-11T20:40:06","modified_gmt":"2020-06-11T18:40:06","slug":"propostes-setmana-del-12-al-19-de-juny-2","status":"publish","type":"post","link":"https:\/\/agora.xtec.cat\/escola-agora\/eduacioinfantil\/i5\/propostes-setmana-del-12-al-19-de-juny-2\/","title":{"rendered":"Propostes. Setmana del 12 al 19 de juny"},"content":{"rendered":"<p>Benvolgudes fam\u00edlies,<\/p>\n<p>aquesta setmana i \u00faltima, el fil conductor ser\u00e0 <span style=\"color: #ff00ff;\">\u201cL\u2019Estiu\u201d<\/span>. Esperem que gaudiu molt realitzant les diferents propostes.<\/p>\n<p>Bon Estiu!!!!<\/p>\n<p><strong>Anem a la biblioteca<\/strong><\/p>\n<ul>\n<li style=\"list-style-type: none;\">\n<ul style=\"list-style-type: disc;\">\n<li>Conte: <a href=\"https:\/\/youtu.be\/lY-mz_7ntRo\">\u201cLa Nit de Sant Joan\u201d<\/a><\/li>\n<\/ul>\n<\/li>\n<\/ul>\n<p><a href=\"https:\/\/youtu.be\/lY-mz_7ntRo\"><img loading=\"lazy\" decoding=\"async\" class=\"alignleft wp-image-6584\" src=\"https:\/\/agora.xtec.cat\/escola-agora\/wp-content\/uploads\/usu616\/2020\/06\/La-nit-de-Sant-Joan.jpg\" alt=\"\" width=\"111\" height=\"111\" srcset=\"https:\/\/agora.xtec.cat\/escola-agora\/wp-content\/uploads\/usu616\/2020\/06\/La-nit-de-Sant-Joan.jpg 188w, https:\/\/agora.xtec.cat\/escola-agora\/wp-content\/uploads\/usu616\/2020\/06\/La-nit-de-Sant-Joan-150x150.jpg 150w\" sizes=\"auto, (max-width: 111px) 100vw, 111px\" \/><\/a><\/p>\n<p>Els infants han d\u2019escoltar i gaudir de l\u2019explicaci\u00f3 del conte, com si estigu\u00e9ssim a l\u2019escola.<\/p>\n<p>&nbsp;<\/p>\n<p>&nbsp;<\/p>\n<ul>\n<li style=\"list-style-type: none;\">\n<ul style=\"list-style-type: disc;\">\n<li>Fem focs artificials<\/li>\n<\/ul>\n<\/li>\n<\/ul>\n<p><img loading=\"lazy\" decoding=\"async\" class=\"alignleft wp-image-6585\" src=\"https:\/\/agora.xtec.cat\/escola-agora\/wp-content\/uploads\/usu616\/2020\/06\/Focs-artificials-300x227.jpg\" alt=\"\" width=\"209\" height=\"158\" srcset=\"https:\/\/agora.xtec.cat\/escola-agora\/wp-content\/uploads\/usu616\/2020\/06\/Focs-artificials-300x227.jpg 300w, https:\/\/agora.xtec.cat\/escola-agora\/wp-content\/uploads\/usu616\/2020\/06\/Focs-artificials-200x150.jpg 200w, https:\/\/agora.xtec.cat\/escola-agora\/wp-content\/uploads\/usu616\/2020\/06\/Focs-artificials.jpg 332w\" sizes=\"auto, (max-width: 209px) 100vw, 209px\" \/><\/p>\n<p>Els infants hauran de fer el seu dibuix, de la Revetlla de Sant Joan, utilitzant una de les t\u00e8cniques que surten a l\u2019<a href=\"https:\/\/es.wikihow.com\/pintar-fuegos-artificiales\">enlla\u00e7<\/a>.<\/p>\n<p>A dalt hauran de fer els seus focs artificials i a sota dibuixar-se, gaudint d\u2019aquesta gran festa.<\/p>\n<p>Aquesta proposta ha de tenir un retorn, <span style=\"color: #ff0000;\">feu una foto i pengeu-la al Drive<\/span> compartit.<\/p>\n<p>&nbsp;<\/p>\n<p><strong>Fem de lectors i lectores<\/strong><\/p>\n<ul>\n<li style=\"list-style-type: none;\">\n<ul style=\"list-style-type: disc;\">\n<li><a href=\"https:\/\/agora.xtec.cat\/escola-agora\/wp-content\/uploads\/usu616\/2020\/06\/PUZZLE-ESTIU.pdf\">Puzle estiu<\/a><\/li>\n<\/ul>\n<\/li>\n<\/ul>\n<p><img loading=\"lazy\" decoding=\"async\" class=\"alignleft wp-image-6586\" src=\"https:\/\/agora.xtec.cat\/escola-agora\/wp-content\/uploads\/usu616\/2020\/06\/Puzzle-estiu.jpg\" alt=\"\" width=\"156\" height=\"120\" \/><\/p>\n<p>Els infants hauran de relacionar cada imatge amb la paraula corresponent. D&#8217;aquesta manera, treballarem la lectura, l\u2019associaci\u00f3 i el vocabulari d\u2019estiu.<\/p>\n<p>&nbsp;<\/p>\n<p>&nbsp;<\/p>\n<p><strong>Fem matem\u00e0tiques<\/strong><\/p>\n<ul>\n<li style=\"list-style-type: none;\">\n<ul style=\"list-style-type: disc;\">\n<li>A comptar!<\/li>\n<\/ul>\n<\/li>\n<\/ul>\n<p style=\"padding-left: 40px;\">Observa les <a href=\"https:\/\/agora.xtec.cat\/escola-agora\/wp-content\/uploads\/usu616\/2020\/06\/Mates-numeraci\u00f3-estiu.pdf\">targetes<\/a>, compta quants elements\/objectes hi ha i encercla, ratlla, posa una pin\u00e7a\/fitxa&#8230;damunt l\u2019opci\u00f3 correcta.<\/p>\n<p><img loading=\"lazy\" decoding=\"async\" class=\"aligncenter wp-image-6587 \" src=\"https:\/\/agora.xtec.cat\/escola-agora\/wp-content\/uploads\/usu616\/2020\/06\/Mates.jpg\" alt=\"\" width=\"510\" height=\"276\" srcset=\"https:\/\/agora.xtec.cat\/escola-agora\/wp-content\/uploads\/usu616\/2020\/06\/Mates.jpg 688w, https:\/\/agora.xtec.cat\/escola-agora\/wp-content\/uploads\/usu616\/2020\/06\/Mates-300x162.jpg 300w\" sizes=\"auto, (max-width: 510px) 100vw, 510px\" \/><\/p>\n<p style=\"padding-left: 40px;\">Per fer l\u2019activitat no \u00e9s necessari imprimir el material, podeu utilitzar la tauleta i\/o el m\u00f2bil i amb fitxes del parx\u00eds, de plastilina o qualsevol altre material assenyalar el nombre correcte. Quan ho tingueu <span style=\"color: #ff0000;\">feu una foto<\/span>, amb les opcions marcades, i <span style=\"color: #ff0000;\">pengeu-la al Drive.<\/span><\/p>\n<ul>\n<li style=\"list-style-type: none;\">\n<ul style=\"list-style-type: disc;\">\n<li>Gelat matem\u00e0tic<\/li>\n<\/ul>\n<\/li>\n<\/ul>\n<p style=\"padding-left: 40px;\">Us proposem un joc per treballar l\u2019observaci\u00f3, l\u2019atenci\u00f3, la motricitat fina i la l\u00f2gica. Els infants, en un primer moment, hauran de crear el seu gelat amb uns taps d\u2019ampolla i un cartr\u00f3\/cartolina. Despr\u00e9s, podran jugar <a href=\"https:\/\/agora.xtec.cat\/escola-agora\/wp-content\/uploads\/usu616\/2020\/06\/Gelat-matem\u00e0tic.pdf\">reproduint els patrons o creant els seus<\/a>. En el seg\u00fcent <a href=\"https:\/\/youtu.be\/_Sfni9l2xCY\">v\u00eddeo<\/a> mostrem als infants com fer el seu gelat i jugar.<\/p>\n<p><a href=\"https:\/\/youtu.be\/_Sfni9l2xCY\"><img loading=\"lazy\" decoding=\"async\" class=\"aligncenter wp-image-6588\" src=\"https:\/\/agora.xtec.cat\/escola-agora\/wp-content\/uploads\/usu616\/2020\/06\/Gelat-matem\u00e0tic-300x222.jpg\" alt=\"\" width=\"273\" height=\"201\" srcset=\"https:\/\/agora.xtec.cat\/escola-agora\/wp-content\/uploads\/usu616\/2020\/06\/Gelat-matem\u00e0tic-300x222.jpg 300w, https:\/\/agora.xtec.cat\/escola-agora\/wp-content\/uploads\/usu616\/2020\/06\/Gelat-matem\u00e0tic.jpg 329w\" sizes=\"auto, (max-width: 273px) 100vw, 273px\" \/><\/a><\/p>\n<p><strong>Fem d\u2019artistes<\/strong><\/p>\n<ul>\n<li style=\"list-style-type: none;\">\n<ul style=\"list-style-type: disc;\">\n<li>A Pescar!!!<\/li>\n<\/ul>\n<\/li>\n<\/ul>\n<p style=\"padding-left: 40px;\">Els infants han de crear el seu propi joc de pesca, el poden fer amb els materials que tinguin a casa (ampolla, retoladors, pintura, paper\u2026).<\/p>\n<p style=\"padding-left: 40px;\">Poden fer el model que m\u00e9s els hi agradi. Us deixem uns exemples.<\/p>\n<p style=\"text-align: center;\">Exemples<\/p>\n<p><img loading=\"lazy\" decoding=\"async\" class=\" wp-image-6589 aligncenter\" src=\"https:\/\/agora.xtec.cat\/escola-agora\/wp-content\/uploads\/usu616\/2020\/06\/A-pescar-300x198.jpg\" alt=\"\" width=\"339\" height=\"224\" srcset=\"https:\/\/agora.xtec.cat\/escola-agora\/wp-content\/uploads\/usu616\/2020\/06\/A-pescar-300x198.jpg 300w, https:\/\/agora.xtec.cat\/escola-agora\/wp-content\/uploads\/usu616\/2020\/06\/A-pescar.jpg 527w\" sizes=\"auto, (max-width: 339px) 100vw, 339px\" \/><\/p>\n<p style=\"padding-left: 40px;\">Aquesta proposta ha de tenir un retorn, <span style=\"color: #ff0000;\">feu una foto i pengeu-la al Drive<\/span> compartit.<\/p>\n<p><strong>Fem TAC<\/strong><\/p>\n<ul>\n<li style=\"list-style-type: none;\">\n<ul style=\"list-style-type: disc;\">\n<li>Fem una <a href=\"https:\/\/clic.xtec.cat\/projects\/estacio2\/estiu\/jclic.js\/index.html\">activitat de llengua<\/a> sobre l\u2019estiu.<\/li>\n<li>Us proposem un altre <a href=\"https:\/\/clic.xtec.cat\/projects\/stjoan\/jclic.js\/index.html\">JClic<\/a> per fer puzles i jocs de mem\u00f2ria sobre la revetlla de Sant Joan.<\/li>\n<\/ul>\n<\/li>\n<\/ul>\n<p><strong>Let\u2019s sing in english<\/strong><\/p>\n<ul>\n<li style=\"list-style-type: none;\">\n<ul style=\"list-style-type: disc;\">\n<li>Song \u2192 <a href=\"https:\/\/www.youtube.com\/watch?v=Xg5i9rxxuJM\">I love Summertime<\/a><\/li>\n<li>Vocabulary \u2192 <a href=\"https:\/\/www.youtube.com\/watch?v=H78LRzQYo_s\">Summer<\/a><\/li>\n<\/ul>\n<\/li>\n<\/ul>\n<p style=\"padding-left: 40px;\">Aquestes propostes s\u00f3n, per a qu\u00e8 els infants, continu\u00efn familiaritzant-se amb la llengua anglesa.<\/p>\n<p><strong>A ballar!<\/strong><\/p>\n<ul>\n<li style=\"list-style-type: none;\">\n<ul style=\"list-style-type: disc;\">\n<li>Per acabar volem desitjar-vos un molt bon estiu amb la can\u00e7\u00f3 <a href=\"https:\/\/www.youtube.com\/watch?v=NC4A97nuZZY\"><em>Viu l\u2019estiu!<\/em><\/a> del Pot Petit, que balleu i gaudiu molt en fam\u00edlia : )<\/li>\n<\/ul>\n<\/li>\n<\/ul>\n<p><a href=\"https:\/\/www.youtube.com\/watch?v=NC4A97nuZZY\"><img loading=\"lazy\" decoding=\"async\" class=\"aligncenter wp-image-6590 size-medium\" src=\"https:\/\/agora.xtec.cat\/escola-agora\/wp-content\/uploads\/usu616\/2020\/06\/Viu-lestiu-300x222.jpg\" alt=\"\" width=\"300\" height=\"222\" srcset=\"https:\/\/agora.xtec.cat\/escola-agora\/wp-content\/uploads\/usu616\/2020\/06\/Viu-lestiu-300x222.jpg 300w, https:\/\/agora.xtec.cat\/escola-agora\/wp-content\/uploads\/usu616\/2020\/06\/Viu-lestiu.jpg 404w\" sizes=\"auto, (max-width: 300px) 100vw, 300px\" \/><\/a><\/p>\n<p>Esperem que us agradin i gaudiu de les propostes d\u2019aquesta setmana.<\/p>\n<p>Moltes abra\u00e7ades i petons<\/p>\n<p>Bon estiu!!!<\/p>\n<p>Sara i Aida<\/p>\n<p><strong><u>RECORDATORI:<\/u><\/strong><\/p>\n<ul>\n<li>Totes les activitats proposades es poden realitzar amb materials que teniu a casa, no fa falta la seva impressi\u00f3. Es poden dibuixar, calcar, imprimir, utilitzar la tauleta o el m\u00f2bil com a taulell i\/o obrir els documents des de l\u2019<em>editor PDF<\/em> o l&#8217;aplicaci\u00f3 <em>Paint<\/em> de la tauleta o l\u2019ordinador i fer les activitats digitalment.<\/li>\n<li>Recordeu de penjar totes les propostes demanades a la carpeta del DRIVE compartida, ja sigui una foto o un petit v\u00eddeo. Sempre posant el nom de l&#8217;infant.<\/li>\n<\/ul>\n<p>&nbsp;<\/p>\n<p>&nbsp;<\/p>\n<p>&nbsp;<\/p>\n<p>&nbsp;<\/p>\n<p>&nbsp;<\/p>\n","protected":false},"excerpt":{"rendered":"<p>Benvolgudes fam\u00edlies, aquesta setmana i \u00faltima, el fil conductor ser\u00e0 \u201cL\u2019Estiu\u201d. Esperem que gaudiu molt realitzant les diferents propostes. Bon Estiu!!!! Anem a la biblioteca Conte: \u201cLa Nit de Sant Joan\u201d Els infants han d\u2019escoltar i gaudir de l\u2019explicaci\u00f3 del conte, com si estigu\u00e9ssim a l\u2019escola. &nbsp; &nbsp; Fem focs artificials Els infants hauran de [&hellip;]<\/p>\n","protected":false},"author":1,"featured_media":6595,"comment_status":"open","ping_status":"closed","sticky":false,"template":"","format":"standard","meta":{"_bbp_topic_count":0,"_bbp_reply_count":0,"_bbp_total_topic_count":0,"_bbp_total_reply_count":0,"_bbp_voice_count":0,"_bbp_anonymous_reply_count":0,"_bbp_topic_count_hidden":0,"_bbp_reply_count_hidden":0,"_bbp_forum_subforum_count":0,"site-sidebar-layout":"default","site-content-layout":"","ast-site-content-layout":"","site-content-style":"default","site-sidebar-style":"default","ast-global-header-display":"","ast-banner-title-visibility":"","ast-main-header-display":"","ast-hfb-above-header-display":"","ast-hfb-below-header-display":"","ast-hfb-mobile-header-display":"","site-post-title":"","ast-breadcrumbs-content":"","ast-featured-img":"","footer-sml-layout":"","theme-transparent-header-meta":"","adv-header-id-meta":"","stick-header-meta":"","header-above-stick-meta":"","header-main-stick-meta":"","header-below-stick-meta":"","astra-migrate-meta-layouts":"default","ast-page-background-enabled":"default","ast-page-background-meta":{"desktop":{"background-color":"var(--ast-global-color-4)","background-image":"","background-repeat":"repeat","background-position":"center center","background-size":"auto","background-attachment":"scroll","background-type":"","background-media":"","overlay-type":"","overlay-color":"","overlay-opacity":"","overlay-gradient":""},"tablet":{"background-color":"","background-image":"","background-repeat":"repeat","background-position":"center center","background-size":"auto","background-attachment":"scroll","background-type":"","background-media":"","overlay-type":"","overlay-color":"","overlay-opacity":"","overlay-gradient":""},"mobile":{"background-color":"","background-image":"","background-repeat":"repeat","background-position":"center center","background-size":"auto","background-attachment":"scroll","background-type":"","background-media":"","overlay-type":"","overlay-color":"","overlay-opacity":"","overlay-gradient":""}},"ast-content-background-meta":{"desktop":{"background-color":"var(--ast-global-color-5)","background-image":"","background-repeat":"repeat","background-position":"center center","background-size":"auto","background-attachment":"scroll","background-type":"","background-media":"","overlay-type":"","overlay-color":"","overlay-opacity":"","overlay-gradient":""},"tablet":{"background-color":"var(--ast-global-color-5)","background-image":"","background-repeat":"repeat","background-position":"center center","background-size":"auto","background-attachment":"scroll","background-type":"","background-media":"","overlay-type":"","overlay-color":"","overlay-opacity":"","overlay-gradient":""},"mobile":{"background-color":"var(--ast-global-color-5)","background-image":"","background-repeat":"repeat","background-position":"center center","background-size":"auto","background-attachment":"scroll","background-type":"","background-media":"","overlay-type":"","overlay-color":"","overlay-opacity":"","overlay-gradient":""}},"footnotes":""},"categories":[9],"tags":[],"class_list":["post-6583","post","type-post","status-publish","format-standard","has-post-thumbnail","hentry","category-i5"],"post_mailing_queue_ids":[],"_links":{"self":[{"href":"https:\/\/agora.xtec.cat\/escola-agora\/wp-json\/wp\/v2\/posts\/6583","targetHints":{"allow":["GET"]}}],"collection":[{"href":"https:\/\/agora.xtec.cat\/escola-agora\/wp-json\/wp\/v2\/posts"}],"about":[{"href":"https:\/\/agora.xtec.cat\/escola-agora\/wp-json\/wp\/v2\/types\/post"}],"author":[{"embeddable":true,"href":"https:\/\/agora.xtec.cat\/escola-agora\/wp-json\/wp\/v2\/users\/1"}],"replies":[{"embeddable":true,"href":"https:\/\/agora.xtec.cat\/escola-agora\/wp-json\/wp\/v2\/comments?post=6583"}],"version-history":[{"count":2,"href":"https:\/\/agora.xtec.cat\/escola-agora\/wp-json\/wp\/v2\/posts\/6583\/revisions"}],"predecessor-version":[{"id":6597,"href":"https:\/\/agora.xtec.cat\/escola-agora\/wp-json\/wp\/v2\/posts\/6583\/revisions\/6597"}],"wp:featuredmedia":[{"embeddable":true,"href":"https:\/\/agora.xtec.cat\/escola-agora\/wp-json\/wp\/v2\/media\/6595"}],"wp:attachment":[{"href":"https:\/\/agora.xtec.cat\/escola-agora\/wp-json\/wp\/v2\/media?parent=6583"}],"wp:term":[{"taxonomy":"category","embeddable":true,"href":"https:\/\/agora.xtec.cat\/escola-agora\/wp-json\/wp\/v2\/categories?post=6583"},{"taxonomy":"post_tag","embeddable":true,"href":"https:\/\/agora.xtec.cat\/escola-agora\/wp-json\/wp\/v2\/tags?post=6583"}],"curies":[{"name":"wp","href":"https:\/\/api.w.org\/{rel}","templated":true}]}}