{"id":6466,"date":"2020-06-05T09:24:26","date_gmt":"2020-06-05T07:24:26","guid":{"rendered":"http:\/\/agora.xtec.cat\/escola-agora\/?p=6466"},"modified":"2020-06-05T11:35:47","modified_gmt":"2020-06-05T09:35:47","slug":"propostes-de-la-setmana-5-12-juny","status":"publish","type":"post","link":"https:\/\/agora.xtec.cat\/escola-agora\/cicleinicial\/1r\/propostes-de-la-setmana-5-12-juny\/","title":{"rendered":"Propostes de la setmana (5-12 juny)"},"content":{"rendered":"<p>&nbsp;<\/p>\n<p>&nbsp;<\/p>\n<p><img loading=\"lazy\" decoding=\"async\" class=\"wp-image-6486 aligncenter\" src=\"https:\/\/agora.xtec.cat\/escola-agora\/wp-content\/uploads\/usu616\/2020\/06\/roooock.jpg\" alt=\"\" width=\"210\" height=\"258\" srcset=\"https:\/\/agora.xtec.cat\/escola-agora\/wp-content\/uploads\/usu616\/2020\/06\/roooock.jpg 515w, https:\/\/agora.xtec.cat\/escola-agora\/wp-content\/uploads\/usu616\/2020\/06\/roooock-244x300.jpg 244w\" sizes=\"auto, (max-width: 210px) 100vw, 210px\" \/><\/p>\n<p>Hola fam\u00edlies i nens i nenes de la classe del Rock!!<\/p>\n<p>Vuitena setmana!!!!<\/p>\n<p>Ja queda poc per acabar el curs i estem molt contentes de com ha anat tot aquestes setmanes. Aqu\u00ed teniu les propostes de la setmana:<\/p>\n<p><strong>Catal\u00e0:<\/strong> <a href=\"https:\/\/agora.xtec.cat\/escola-agora\/wp-content\/uploads\/usu616\/2020\/06\/catal\u00e0-5-12juny.docx\">catal\u00e0 5-12juny<\/a> &#8211;\u00a0 <a href=\"https:\/\/agora.xtec.cat\/escola-agora\/wp-content\/uploads\/usu616\/2020\/06\/catal\u00e0-5-12-juny.pdf\">catal\u00e0 5-12 juny<\/a><\/p>\n<p><strong>Castellano:<\/strong> <a href=\"https:\/\/agora.xtec.cat\/escola-agora\/wp-content\/uploads\/usu616\/2020\/06\/Castell\u00e0-5-12-juny.docx\">Castell\u00e0 5-12 juny<\/a> &#8211;\u00a0 <a href=\"https:\/\/agora.xtec.cat\/escola-agora\/wp-content\/uploads\/usu616\/2020\/06\/Castell\u00e0-5-12-juny.pdf\">Castell\u00e0 5-12 juny<\/a><\/p>\n<p><strong>English:<\/strong> <a href=\"https:\/\/agora.xtec.cat\/escola-agora\/wp-content\/uploads\/usu616\/2020\/06\/colouring-spring.pdf\">colouring-spring<\/a> &#8211;\u00a0 <a href=\"https:\/\/agora.xtec.cat\/escola-agora\/wp-content\/uploads\/usu616\/2020\/06\/8a-setmana-angl\u00e8s.docx\">8a setmana-angl\u00e8s<\/a>&#8211;<\/p>\n<p><a href=\"https:\/\/agora.xtec.cat\/escola-agora\/wp-content\/uploads\/usu616\/2020\/06\/8a-setmana-lletra-can\u00e7\u00f3.pdf\">8a setmana lletra can\u00e7\u00f3<\/a> &#8211;\u00a0 <a href=\"https:\/\/agora.xtec.cat\/escola-agora\/wp-content\/uploads\/usu616\/2020\/06\/8a-setmana-angl\u00e8s.pdf\">8a setmana angl\u00e8s<\/a> &#8211; <a href=\"https:\/\/agora.xtec.cat\/escola-agora\/wp-content\/uploads\/usu616\/2020\/06\/8a-setmana-autocorrecci\u00f3.pdf\">8a setmana autocorrecci\u00f3<\/a><\/p>\n<p><strong>Matem\u00e0tiques:<\/strong> <a href=\"https:\/\/agora.xtec.cat\/escola-agora\/wp-content\/uploads\/usu616\/2020\/06\/Mates-5-12-juny.docx\">Mates 5-12 juny<\/a> &#8211;\u00a0 <a href=\"https:\/\/agora.xtec.cat\/escola-agora\/wp-content\/uploads\/usu616\/2020\/06\/Mates-5-12-juny.pdf\">Mates 5-12 juny<\/a><\/p>\n<p><strong>Medi:<\/strong> <a href=\"https:\/\/agora.xtec.cat\/escola-agora\/wp-content\/uploads\/usu616\/2020\/06\/medi-5-12-juny.docx\">medi 5-12 juny<\/a> &#8211;\u00a0 <a href=\"https:\/\/agora.xtec.cat\/escola-agora\/wp-content\/uploads\/usu616\/2020\/06\/medi-5-12-juny.pdf\">medi 5-12 juny<\/a><\/p>\n<p><strong>Pycto:<\/strong> <a href=\"https:\/\/agora.xtec.cat\/escola-agora\/wp-content\/uploads\/usu616\/2020\/06\/PICTO-8-SETMANA.docx\">PICTO 8 SETMANA<\/a> &#8211;\u00a0 <a href=\"https:\/\/agora.xtec.cat\/escola-agora\/wp-content\/uploads\/usu616\/2020\/06\/PICTO-8-SETMANA.pdf\">PICTO 8 SETMANA<\/a><\/p>\n<p><strong>Tutoria\/Valors:<\/strong> <a href=\"https:\/\/agora.xtec.cat\/escola-agora\/wp-content\/uploads\/usu616\/2020\/06\/Tutoria-La-noti\u0301cia-escola_CI.docx\">Tutoria-La-noti\u0301cia-escola_CI<\/a> &#8211;\u00a0 <a href=\"https:\/\/agora.xtec.cat\/escola-agora\/wp-content\/uploads\/usu616\/2020\/06\/Tutoria-La-noti\u0301cia-escola_CI.pdf\">Tutoria-La-noti\u0301cia-escola_CI<\/a><\/p>\n<p><strong>M\u00fasica:<\/strong> <a href=\"https:\/\/agora.xtec.cat\/escola-agora\/wp-content\/uploads\/usu616\/2020\/06\/1r-MUSICA-8\u00aa-setmana.pdf\">1r-MUSICA-8\u00aa-setmana<\/a><\/p>\n<p><strong>Educaci\u00f3 F\u00edsica:<\/strong> <a href=\"https:\/\/view.genial.ly\/5ed9f7e9831ba00d93a96c05\/vertical-infographic-list-sortim-al-carrer\">Sortim al carrer!!!<\/a><\/p>\n<p><strong>Recordar-vos que les activitats d\u2019educaci\u00f3 f\u00edsica i m\u00fasica no cal entregar-les. Pel que fa a l\u2019ANGL\u00c8S, no cal enviar foto, podeu anar fent un recull (tipus dossier).<\/strong><\/p>\n<p>La resta de mat\u00e8ries quan tingueu acabada la tasca, feu una foto i ens ho envieu. Moltes gr\u00e0cies!<\/p>\n<p>Tamb\u00e9 us volem recordar que <strong>mireu a la web la carpeta d\u2019escola<\/strong> on cada setmana trobareu diferents propostes generals d\u2019escola per fer amb els nens i nenes si us ve de gust.<\/p>\n<p><a href=\"https:\/\/play.google.com\/store\/apps\/details?id=com.intsig.camscanner\">https:\/\/play.google.com\/store\/apps\/details?id=com.intsig.camscanner<\/a> (si us descarregueu aquesta aplicaci\u00f3 serveix per escanejar documents amb el m\u00f2bil i enviar-los)<\/p>\n<p>Les fotos dels documents ens els podeu enviar a:<\/p>\n<ul>\n<li><a href=\"mailto:mireia@escola-agora.net\">mireia@escola-agora.net<\/a> i <a href=\"mailto:sandra@escola-agora.net\">sandra@escola-agora.net<\/a><\/li>\n<\/ul>\n<p style=\"text-align: center;\">Abra\u00e7ades i petons!!<\/p>\n<p style=\"text-align: center;\">Mireia i Sandra<\/p>\n<p>&nbsp;<\/p>\n<p><img loading=\"lazy\" decoding=\"async\" class=\"size-full wp-image-6487 aligncenter\" src=\"https:\/\/agora.xtec.cat\/escola-agora\/wp-content\/uploads\/usu616\/2020\/06\/tot-anira-be.jpg\" alt=\"\" width=\"192\" height=\"141\" \/><\/p>\n","protected":false},"excerpt":{"rendered":"<p>&nbsp; &nbsp; Hola fam\u00edlies i nens i nenes de la classe del Rock!! Vuitena setmana!!!! Ja queda poc per acabar el curs i estem molt contentes de com ha anat tot aquestes setmanes. Aqu\u00ed teniu les propostes de la setmana: Catal\u00e0: catal\u00e0 5-12juny &#8211;\u00a0 catal\u00e0 5-12 juny Castellano: Castell\u00e0 5-12 juny &#8211;\u00a0 Castell\u00e0 5-12 juny [&hellip;]<\/p>\n","protected":false},"author":1,"featured_media":0,"comment_status":"open","ping_status":"closed","sticky":false,"template":"","format":"standard","meta":{"_bbp_topic_count":0,"_bbp_reply_count":0,"_bbp_total_topic_count":0,"_bbp_total_reply_count":0,"_bbp_voice_count":0,"_bbp_anonymous_reply_count":0,"_bbp_topic_count_hidden":0,"_bbp_reply_count_hidden":0,"_bbp_forum_subforum_count":0,"site-sidebar-layout":"default","site-content-layout":"","ast-site-content-layout":"","site-content-style":"default","site-sidebar-style":"default","ast-global-header-display":"","ast-banner-title-visibility":"","ast-main-header-display":"","ast-hfb-above-header-display":"","ast-hfb-below-header-display":"","ast-hfb-mobile-header-display":"","site-post-title":"","ast-breadcrumbs-content":"","ast-featured-img":"","footer-sml-layout":"","theme-transparent-header-meta":"","adv-header-id-meta":"","stick-header-meta":"","header-above-stick-meta":"","header-main-stick-meta":"","header-below-stick-meta":"","astra-migrate-meta-layouts":"default","ast-page-background-enabled":"default","ast-page-background-meta":{"desktop":{"background-color":"var(--ast-global-color-4)","background-image":"","background-repeat":"repeat","background-position":"center center","background-size":"auto","background-attachment":"scroll","background-type":"","background-media":"","overlay-type":"","overlay-color":"","overlay-opacity":"","overlay-gradient":""},"tablet":{"background-color":"","background-image":"","background-repeat":"repeat","background-position":"center center","background-size":"auto","background-attachment":"scroll","background-type":"","background-media":"","overlay-type":"","overlay-color":"","overlay-opacity":"","overlay-gradient":""},"mobile":{"background-color":"","background-image":"","background-repeat":"repeat","background-position":"center center","background-size":"auto","background-attachment":"scroll","background-type":"","background-media":"","overlay-type":"","overlay-color":"","overlay-opacity":"","overlay-gradient":""}},"ast-content-background-meta":{"desktop":{"background-color":"var(--ast-global-color-5)","background-image":"","background-repeat":"repeat","background-position":"center center","background-size":"auto","background-attachment":"scroll","background-type":"","background-media":"","overlay-type":"","overlay-color":"","overlay-opacity":"","overlay-gradient":""},"tablet":{"background-color":"var(--ast-global-color-5)","background-image":"","background-repeat":"repeat","background-position":"center center","background-size":"auto","background-attachment":"scroll","background-type":"","background-media":"","overlay-type":"","overlay-color":"","overlay-opacity":"","overlay-gradient":""},"mobile":{"background-color":"var(--ast-global-color-5)","background-image":"","background-repeat":"repeat","background-position":"center center","background-size":"auto","background-attachment":"scroll","background-type":"","background-media":"","overlay-type":"","overlay-color":"","overlay-opacity":"","overlay-gradient":""}},"footnotes":""},"categories":[10],"tags":[],"class_list":["post-6466","post","type-post","status-publish","format-standard","hentry","category-1r"],"post_mailing_queue_ids":[],"_links":{"self":[{"href":"https:\/\/agora.xtec.cat\/escola-agora\/wp-json\/wp\/v2\/posts\/6466","targetHints":{"allow":["GET"]}}],"collection":[{"href":"https:\/\/agora.xtec.cat\/escola-agora\/wp-json\/wp\/v2\/posts"}],"about":[{"href":"https:\/\/agora.xtec.cat\/escola-agora\/wp-json\/wp\/v2\/types\/post"}],"author":[{"embeddable":true,"href":"https:\/\/agora.xtec.cat\/escola-agora\/wp-json\/wp\/v2\/users\/1"}],"replies":[{"embeddable":true,"href":"https:\/\/agora.xtec.cat\/escola-agora\/wp-json\/wp\/v2\/comments?post=6466"}],"version-history":[{"count":3,"href":"https:\/\/agora.xtec.cat\/escola-agora\/wp-json\/wp\/v2\/posts\/6466\/revisions"}],"predecessor-version":[{"id":6502,"href":"https:\/\/agora.xtec.cat\/escola-agora\/wp-json\/wp\/v2\/posts\/6466\/revisions\/6502"}],"wp:attachment":[{"href":"https:\/\/agora.xtec.cat\/escola-agora\/wp-json\/wp\/v2\/media?parent=6466"}],"wp:term":[{"taxonomy":"category","embeddable":true,"href":"https:\/\/agora.xtec.cat\/escola-agora\/wp-json\/wp\/v2\/categories?post=6466"},{"taxonomy":"post_tag","embeddable":true,"href":"https:\/\/agora.xtec.cat\/escola-agora\/wp-json\/wp\/v2\/tags?post=6466"}],"curies":[{"name":"wp","href":"https:\/\/api.w.org\/{rel}","templated":true}]}}