{"id":6440,"date":"2020-06-04T21:59:00","date_gmt":"2020-06-04T19:59:00","guid":{"rendered":"http:\/\/agora.xtec.cat\/escola-agora\/?p=6440"},"modified":"2020-06-05T12:11:21","modified_gmt":"2020-06-05T10:11:21","slug":"proposta-dactivitats-setmana-del-5-al-12-de-juny","status":"publish","type":"post","link":"https:\/\/agora.xtec.cat\/escola-agora\/eduacioinfantil\/i3\/proposta-dactivitats-setmana-del-5-al-12-de-juny\/","title":{"rendered":"Proposta d\u2019activitats setmana del 5 al 12 de Juny:"},"content":{"rendered":"<p>&nbsp;<\/p>\n<p>Benvolgudes fam\u00edlies i bateries, com us trobeu? Desitgem de tot cor que estigueu tots b\u00e9! \ud83d\ude42 De nou com cada setmana, us proposem tot un seguit d\u2019activitats per a que feu durant aquesta setmana. Aquest cop el fil conductor s\u00f3n les <span style=\"color: #3366ff;\">V<\/span><span style=\"color: #ffcc00;\"><strong>O<\/strong><\/span><span style=\"color: #00ccff;\">C<\/span><span style=\"color: #ff99cc;\"><strong>A<\/strong><\/span><span style=\"color: #33cccc;\">L<\/span><span style=\"color: #99ccff;\">S<\/span> i les <span style=\"color: #99ccff;\">LL<\/span><span style=\"color: #00ff00;\">E<\/span><span style=\"color: #3366ff;\">T<\/span><span style=\"color: #4988e6;\">R<\/span><span style=\"color: #00ff00;\">E<\/span><span style=\"color: #24ada9;\">S<\/span>. Esperem que gaudiu molt fent-les i tamb\u00e9 que seguiu aprenent molt com fins ara! Us animem a seguir en aquest cam\u00ed, ho esteu fent veritablement b\u00e9, ja queda poc campiones i campions!!<\/p>\n<p>&nbsp;<\/p>\n<p><span style=\"color: #ff00ff;\"><strong><u>Activitat 1, M\u00daSICA I LLENGUA:<\/u><\/strong><\/span><\/p>\n<p>Per a comen\u00e7ar aquest bloc d\u2019activitats us proposem escoltar i visualitzar la seg\u00fcent can\u00e7\u00f3 tant escoltada per molts de vosaltres que canta la Damaris Gelabert, les vocals. Esperem que la gaudiu molt! \ud83d\ude42<\/p>\n<p style=\"text-align: center;\">Cliqueu sobre la imatge per a poder accedir al v\u00eddeo:<\/p>\n<p><a href=\"https:\/\/www.youtube.com\/watch?v=whuKasZzqDU&amp;list=RDwhuKasZzqDU&amp;start_radio=1\"><img loading=\"lazy\" decoding=\"async\" class=\"wp-image-6442 aligncenter\" src=\"https:\/\/agora.xtec.cat\/escola-agora\/wp-content\/uploads\/usu616\/2020\/06\/can\u00e7\u00f3-vocals.jpg\" alt=\"\" width=\"758\" height=\"396\" srcset=\"https:\/\/agora.xtec.cat\/escola-agora\/wp-content\/uploads\/usu616\/2020\/06\/can\u00e7\u00f3-vocals.jpg 1295w, https:\/\/agora.xtec.cat\/escola-agora\/wp-content\/uploads\/usu616\/2020\/06\/can\u00e7\u00f3-vocals-300x157.jpg 300w, https:\/\/agora.xtec.cat\/escola-agora\/wp-content\/uploads\/usu616\/2020\/06\/can\u00e7\u00f3-vocals-768x401.jpg 768w, https:\/\/agora.xtec.cat\/escola-agora\/wp-content\/uploads\/usu616\/2020\/06\/can\u00e7\u00f3-vocals-1024x535.jpg 1024w\" sizes=\"auto, (max-width: 758px) 100vw, 758px\" \/><\/a><\/p>\n<p>Despr\u00e9s de veure el v\u00eddeo els infants poden escriure el seu nom (ja sabeu, si poden fer-ho sols o sin\u00f3 repassant el que vosaltres els hi escriviu), localitzar les vocals que hi ha al seu nom i comptar quantes en t\u00e9 i si estan repetides o no (podeu comptar les repetides). Podeu repassar amb els nens els sons de cada vocal mostrant-los-hi (podeu assenyalar tamb\u00e9 les lletres dels vostres noms o noms de companys de classe). Fins i tot podeu fer servir les frases que s\u2019utilitzen a la can\u00e7\u00f3: <em>Quin so fem quan ens espantem? \u201cAaaaaaaaaaa\u201d, Quin so fem si volem avisar? \u201cEeeeeeeeeeeee\u201d, Quin so fan els cavalls? \u201cIiiiiiiiiiiiiiiiii\u201d, Quin so fem si rebem un regal? \u201cOooooooooooooo\u201d i Quin so fa el fantasma? \u201cUuuuuuuuuu\u201d.<\/em><\/p>\n<p>&nbsp;<\/p>\n<p><span style=\"color: #c529d6;\"><strong><u>Activitat 2, PL\u00c0STICA:<\/u><\/strong><\/span><\/p>\n<p>Per tal de seguir treballant en relaci\u00f3 amb les lletres i amb el concepte de la inicial del nom com est\u00e0vem fent a l\u2019escola, us proposem que els hi pregunteu als infants quina \u00e9s la inicial del seu nom i com es fa. Despr\u00e9s, podeu dibuixar-los-hi la seva inicial gran i ample sobre cartolina o cartr\u00f3 (per tal de que sigui m\u00e9s consistent) i preguntar-los-hi com podrien decorar-la. Podeu fer servir qualsevol tipus de material; pasta, papers de diferents colors i textures, cola amb sal, pintures, fent un collage, fent veure que \u00e9s un animal, un escenari, etc. L\u2019\u00fanic que cal \u00e9s vigilar no sortir-se dels marges i ser ben originals! Segur que ens sorprendreu amb les vostres magnifiques creacions! \ud83d\ude42<\/p>\n<p>&nbsp;<\/p>\n<p><img loading=\"lazy\" decoding=\"async\" class=\"size-full wp-image-6448 aligncenter\" src=\"https:\/\/agora.xtec.cat\/escola-agora\/wp-content\/uploads\/usu616\/2020\/06\/act-2.jpg\" alt=\"\" width=\"800\" height=\"389\" srcset=\"https:\/\/agora.xtec.cat\/escola-agora\/wp-content\/uploads\/usu616\/2020\/06\/act-2.jpg 800w, https:\/\/agora.xtec.cat\/escola-agora\/wp-content\/uploads\/usu616\/2020\/06\/act-2-300x146.jpg 300w, https:\/\/agora.xtec.cat\/escola-agora\/wp-content\/uploads\/usu616\/2020\/06\/act-2-768x373.jpg 768w\" sizes=\"auto, (max-width: 800px) 100vw, 800px\" \/><\/p>\n<p style=\"text-align: center;\"><strong><u>Aquesta activitat \u00e9s una de les feines que us demanem el retorn. Caldr\u00e0 que feu una foto de la creaci\u00f3 que han fet els infants. <\/u><\/strong>Quan hagueu acabat de fer-ho, <strong><u>entreu a la carpeta compartida del drive de la setmana corresponent i deseu la feina.<\/u><\/strong><\/p>\n<p>&nbsp;<\/p>\n<p><span style=\"color: #ffcc00;\"><strong><u>Activitat 3, LLENGUA i MATEM\u00c0TIQUES:<\/u><\/strong><\/span><\/p>\n<p>Per comen\u00e7ar a realitzar l\u2019activitat caldr\u00e0 que els hi escriviu pr\u00e8viament les 5 vocals, cadascuna en un paper diferent. Despr\u00e9s els hi proporcioneu o els hi ensenyeu les seg\u00fcents imatges, o b\u00e9 els hi feu vosaltres uns r\u00e8tols semblants a aquests:<\/p>\n<p>&nbsp;<\/p>\n<p><img loading=\"lazy\" decoding=\"async\" class=\" wp-image-6449 aligncenter\" src=\"https:\/\/agora.xtec.cat\/escola-agora\/wp-content\/uploads\/usu616\/2020\/06\/activitat-3-dibuix.jpg\" alt=\"\" width=\"558\" height=\"400\" srcset=\"https:\/\/agora.xtec.cat\/escola-agora\/wp-content\/uploads\/usu616\/2020\/06\/activitat-3-dibuix.jpg 605w, https:\/\/agora.xtec.cat\/escola-agora\/wp-content\/uploads\/usu616\/2020\/06\/activitat-3-dibuix-300x215.jpg 300w\" sizes=\"auto, (max-width: 558px) 100vw, 558px\" \/><\/p>\n<p>&nbsp;<\/p>\n<p>Es tracta de que observin cada r\u00e8tol, els hi llegiu que hi diu i despr\u00e9s hauran d\u2019identificar quina \u00e9s la vocal que apareix i l\u2019hauran de col\u00b7locar sota la seva vocal corresponent.<\/p>\n<p style=\"text-align: center;\"><strong><u>Trobareu el document amb els r\u00e8tols per a que el pugueu fer servir dins la carpeta corresponent del drive anomenat \u201cACTIVITAT 3 CLASSIFICACI\u00d3\u201d.<\/u><\/strong><\/p>\n<p><img loading=\"lazy\" decoding=\"async\" class=\"alignleft size-full wp-image-6450\" src=\"https:\/\/agora.xtec.cat\/escola-agora\/wp-content\/uploads\/usu616\/2020\/06\/ACTIVITAT-3.jpg\" alt=\"\" width=\"1335\" height=\"337\" srcset=\"https:\/\/agora.xtec.cat\/escola-agora\/wp-content\/uploads\/usu616\/2020\/06\/ACTIVITAT-3.jpg 1335w, https:\/\/agora.xtec.cat\/escola-agora\/wp-content\/uploads\/usu616\/2020\/06\/ACTIVITAT-3-300x76.jpg 300w, https:\/\/agora.xtec.cat\/escola-agora\/wp-content\/uploads\/usu616\/2020\/06\/ACTIVITAT-3-768x194.jpg 768w, https:\/\/agora.xtec.cat\/escola-agora\/wp-content\/uploads\/usu616\/2020\/06\/ACTIVITAT-3-1024x258.jpg 1024w\" sizes=\"auto, (max-width: 1335px) 100vw, 1335px\" \/><\/p>\n<p>&nbsp;<\/p>\n<p>&nbsp;<\/p>\n<p><strong style=\"font-family: inherit; font-size: 1em; color: #99cc00;\"><u>Activitat 4, LLENGUA I MATEM\u00c0TIQUES:<\/u><\/strong><\/p>\n<p>En aquesta activitat fareu servir una peixera en la que els infants hauran de pescar vocals. Dins la peixera hi haur\u00e0 les 5 vocals repetides certs cops (preferiblement que siguin diferents quantitats, per exemple: 2 vegades A, 3 vegades E, 1 vegada I, 4 vegades O, 5 vegades U). Es tracta de posar al costat de la peixera dins un requadre, una de les vocals (podeu aprofitar per treballar el so que fa cadascuna i que ells ho repeteixin) i que els infants les hagin de localitzar, comptar i encerclar. Un cop fet aix\u00f2, es canvia de vocal i es fa el mateix procediment. Podeu fer la peixera igual diversos cops o fer-ne una i posar un pl\u00e0stic transparent a sobre o un tros de paper de film per a que puguin encerclar les vocals amb retolador i despr\u00e9s es pugui esborrar i\/o canviar el tros de film.<\/p>\n<p><img loading=\"lazy\" decoding=\"async\" class=\"size-full wp-image-6451 aligncenter\" src=\"https:\/\/agora.xtec.cat\/escola-agora\/wp-content\/uploads\/usu616\/2020\/06\/activitat-4-peixera.jpg\" alt=\"\" width=\"474\" height=\"400\" srcset=\"https:\/\/agora.xtec.cat\/escola-agora\/wp-content\/uploads\/usu616\/2020\/06\/activitat-4-peixera.jpg 474w, https:\/\/agora.xtec.cat\/escola-agora\/wp-content\/uploads\/usu616\/2020\/06\/activitat-4-peixera-300x253.jpg 300w\" sizes=\"auto, (max-width: 474px) 100vw, 474px\" \/><\/p>\n<p>&nbsp;<\/p>\n<p><span style=\"color: #ff9900;\"><strong><u>Activitat 5, TRA\u00c7:<\/u><\/strong><\/span><\/p>\n<p>En aquesta activitat els infants podran treballar el tra\u00e7. Aprofitant aquest fil conductor, els hi podeu dibuixar sobre un paper una de les vocals repetidament (podeu fer-ne de m\u00e9s vocals en altres papers). Es tracta de que els infants dibuixin un cam\u00ed (els que ells creguin oport\u00fa) unint les vocals entre s\u00ed.<\/p>\n<p style=\"text-align: center;\"><strong><u>Us facilitem per si voleu unes plantilles per si les voleu fer servir, estan penjades al drive dins la carpeta compartida de la setmana corresponent anomenades \u201cACTIVITAT 5 PLANTILLES TRA\u00c7\u201d.<\/u><\/strong><\/p>\n<p><img loading=\"lazy\" decoding=\"async\" class=\"size-full wp-image-6452 aligncenter\" src=\"https:\/\/agora.xtec.cat\/escola-agora\/wp-content\/uploads\/usu616\/2020\/06\/ACTIVITAT-5.jpg\" alt=\"\" width=\"766\" height=\"542\" srcset=\"https:\/\/agora.xtec.cat\/escola-agora\/wp-content\/uploads\/usu616\/2020\/06\/ACTIVITAT-5.jpg 766w, https:\/\/agora.xtec.cat\/escola-agora\/wp-content\/uploads\/usu616\/2020\/06\/ACTIVITAT-5-300x212.jpg 300w\" sizes=\"auto, (max-width: 766px) 100vw, 766px\" \/><\/p>\n<p>&nbsp;<\/p>\n<p style=\"text-align: center;\"><strong><u>Aquesta activitat \u00e9s una de les feines que us demanem el retorn. Caldr\u00e0 que feu una foto de la tasca que han realitzat els infants (amb una \u00e9s suficient).<\/u> <\/strong>Quan hagueu acabat de fer-ho, <strong><u>entreu a la carpeta compartida del drive de la setmana corresponent i deseu la feina.<\/u><\/strong><\/p>\n<p>&nbsp;<\/p>\n<p><span style=\"color: #00ffff;\"><strong><u>Activitat 6, MATEM\u00c0TIQUES:<\/u><\/strong><\/span><\/p>\n<p>En aquesta activitat es presenten unes graelles en les quals apareixen diverses lletres. Es tracta de que els infants observin b\u00e9 la imatge de l\u2019esquerra i despr\u00e9s observin quina lletra falta a la imatge de la dreta (sempre ser\u00e0 una vocal, a cada requadre es tracta d\u2019una vocal diferent). Si teniu opci\u00f3 d\u2019imprimir-ho o fer-ho vosaltres mateixos poden encerclar-ho, sin\u00f3 poden simplement assenyalar-la.<\/p>\n<p style=\"text-align: center;\"><strong><u>Teniu el document complert penjat al drive dins la carpeta corresponent anomenat \u201cACTIVITAT 6 PERCEPCI\u00d3\u201d.<\/u><\/strong><\/p>\n<p><img loading=\"lazy\" decoding=\"async\" class=\"size-full wp-image-6453 aligncenter\" src=\"https:\/\/agora.xtec.cat\/escola-agora\/wp-content\/uploads\/usu616\/2020\/06\/activitat-6-quin-falta.jpg\" alt=\"\" width=\"571\" height=\"321\" srcset=\"https:\/\/agora.xtec.cat\/escola-agora\/wp-content\/uploads\/usu616\/2020\/06\/activitat-6-quin-falta.jpg 571w, https:\/\/agora.xtec.cat\/escola-agora\/wp-content\/uploads\/usu616\/2020\/06\/activitat-6-quin-falta-300x169.jpg 300w\" sizes=\"auto, (max-width: 571px) 100vw, 571px\" \/><\/p>\n<p>&nbsp;<\/p>\n<p><span style=\"color: #ff0000;\"><strong><u>Activitat 7, MATEM\u00c0TIQUES I LLENGUA:<\/u><\/strong><\/span><\/p>\n<p>Per tal de realitzar aquesta activitat haureu de crear als infants unes graelles amb diverses lletres escrites dins alguns dels quadrats. A m\u00e9s a m\u00e9s, els hi podeu preparar paperets amb lletres escrites o b\u00e9 fer servir lletres ja fetes (com per exemple les de la imatge ). Es tracta de que els infants vagin col\u00b7locant sobre les lletres escrites la lletra que li correspon, com si es tract\u00e9s d\u2019un trencaclosques.<\/p>\n<p><img loading=\"lazy\" decoding=\"async\" class=\"wp-image-6454 aligncenter\" src=\"https:\/\/agora.xtec.cat\/escola-agora\/wp-content\/uploads\/usu616\/2020\/06\/ACTIVITAT-7-TAULELL-LLETRES.jpg\" alt=\"\" width=\"651\" height=\"393\" srcset=\"https:\/\/agora.xtec.cat\/escola-agora\/wp-content\/uploads\/usu616\/2020\/06\/ACTIVITAT-7-TAULELL-LLETRES.jpg 1575w, https:\/\/agora.xtec.cat\/escola-agora\/wp-content\/uploads\/usu616\/2020\/06\/ACTIVITAT-7-TAULELL-LLETRES-300x181.jpg 300w, https:\/\/agora.xtec.cat\/escola-agora\/wp-content\/uploads\/usu616\/2020\/06\/ACTIVITAT-7-TAULELL-LLETRES-768x464.jpg 768w, https:\/\/agora.xtec.cat\/escola-agora\/wp-content\/uploads\/usu616\/2020\/06\/ACTIVITAT-7-TAULELL-LLETRES-1024x618.jpg 1024w\" sizes=\"auto, (max-width: 651px) 100vw, 651px\" \/><\/p>\n<p><span style=\"color: #ff6600;\"><strong><u>Activitat 8, PSICOMOTRICITAT:<\/u><\/strong><\/span><\/p>\n<p>Per aquesta setmana us animem a sortir al carrer i fer activitats a l&#8217;aire lliure!! Cliqueu sobre la imatge i veureu les propostes. A divertir-se!!!<\/p>\n<p><a href=\"https:\/\/view.genial.ly\/5ed9f7e9831ba00d93a96c05\/vertical-infographic-list-sortim-al-carrer\"><img loading=\"lazy\" decoding=\"async\" class=\"aligncenter wp-image-6506 size-full\" src=\"https:\/\/agora.xtec.cat\/escola-agora\/wp-content\/uploads\/usu616\/2020\/06\/Carrer.jpg\" alt=\"\" width=\"275\" height=\"183\" \/><\/a><\/p>\n<p><strong><u>RECORDATORI:<\/u><\/strong><\/p>\n<ul>\n<li>Totes les activitats proposades es poden realitzar amb materials que teniu a casa, no fa falta la seva impressi\u00f3. Es poden dibuixar, calcar, utilitzar la tauleta o m\u00f2bil com a taulell, imprimir, etc.<\/li>\n<li>Recordeu de penjar totes les propostes realitzades a la carpeta del DRIVE compartida, en el cas que us demanem una foto o un petit v\u00eddeo. Sempre posant el nom de l&#8217;infant.<\/li>\n<\/ul>\n<p>&nbsp;<\/p>\n<p style=\"text-align: center;\">Doncs res fam\u00edlies i bateries, aix\u00f2 \u00e9s tot per aquesta setmana! Esperem que apreneu i gaudiu molt de les activitats, molts \u00e0nims que ja queda ben poc per acabar i estar de vacances! \ud83d\ude42<\/p>\n<p style=\"text-align: center;\">Molts petons per a tots! :*<\/p>\n<p style=\"text-align: center;\">Us estimem!<\/p>\n<p style=\"text-align: center;\"><u>Alan i Laia.<\/u><\/p>\n","protected":false},"excerpt":{"rendered":"<p>&nbsp; Benvolgudes fam\u00edlies i bateries, com us trobeu? Desitgem de tot cor que estigueu tots b\u00e9! \ud83d\ude42 De nou com cada setmana, us proposem tot un seguit d\u2019activitats per a que feu durant aquesta setmana. Aquest cop el fil conductor s\u00f3n les VOCALS i les LLETRES. Esperem que gaudiu molt fent-les i tamb\u00e9 que seguiu [&hellip;]<\/p>\n","protected":false},"author":1,"featured_media":6441,"comment_status":"open","ping_status":"closed","sticky":false,"template":"","format":"standard","meta":{"_bbp_topic_count":0,"_bbp_reply_count":0,"_bbp_total_topic_count":0,"_bbp_total_reply_count":0,"_bbp_voice_count":0,"_bbp_anonymous_reply_count":0,"_bbp_topic_count_hidden":0,"_bbp_reply_count_hidden":0,"_bbp_forum_subforum_count":0,"site-sidebar-layout":"default","site-content-layout":"","ast-site-content-layout":"","site-content-style":"default","site-sidebar-style":"default","ast-global-header-display":"","ast-banner-title-visibility":"","ast-main-header-display":"","ast-hfb-above-header-display":"","ast-hfb-below-header-display":"","ast-hfb-mobile-header-display":"","site-post-title":"","ast-breadcrumbs-content":"","ast-featured-img":"","footer-sml-layout":"","theme-transparent-header-meta":"","adv-header-id-meta":"","stick-header-meta":"","header-above-stick-meta":"","header-main-stick-meta":"","header-below-stick-meta":"","astra-migrate-meta-layouts":"default","ast-page-background-enabled":"default","ast-page-background-meta":{"desktop":{"background-color":"var(--ast-global-color-4)","background-image":"","background-repeat":"repeat","background-position":"center center","background-size":"auto","background-attachment":"scroll","background-type":"","background-media":"","overlay-type":"","overlay-color":"","overlay-opacity":"","overlay-gradient":""},"tablet":{"background-color":"","background-image":"","background-repeat":"repeat","background-position":"center center","background-size":"auto","background-attachment":"scroll","background-type":"","background-media":"","overlay-type":"","overlay-color":"","overlay-opacity":"","overlay-gradient":""},"mobile":{"background-color":"","background-image":"","background-repeat":"repeat","background-position":"center center","background-size":"auto","background-attachment":"scroll","background-type":"","background-media":"","overlay-type":"","overlay-color":"","overlay-opacity":"","overlay-gradient":""}},"ast-content-background-meta":{"desktop":{"background-color":"var(--ast-global-color-5)","background-image":"","background-repeat":"repeat","background-position":"center center","background-size":"auto","background-attachment":"scroll","background-type":"","background-media":"","overlay-type":"","overlay-color":"","overlay-opacity":"","overlay-gradient":""},"tablet":{"background-color":"var(--ast-global-color-5)","background-image":"","background-repeat":"repeat","background-position":"center center","background-size":"auto","background-attachment":"scroll","background-type":"","background-media":"","overlay-type":"","overlay-color":"","overlay-opacity":"","overlay-gradient":""},"mobile":{"background-color":"var(--ast-global-color-5)","background-image":"","background-repeat":"repeat","background-position":"center center","background-size":"auto","background-attachment":"scroll","background-type":"","background-media":"","overlay-type":"","overlay-color":"","overlay-opacity":"","overlay-gradient":""}},"footnotes":""},"categories":[3],"tags":[],"class_list":["post-6440","post","type-post","status-publish","format-standard","has-post-thumbnail","hentry","category-i3"],"post_mailing_queue_ids":[],"_links":{"self":[{"href":"https:\/\/agora.xtec.cat\/escola-agora\/wp-json\/wp\/v2\/posts\/6440","targetHints":{"allow":["GET"]}}],"collection":[{"href":"https:\/\/agora.xtec.cat\/escola-agora\/wp-json\/wp\/v2\/posts"}],"about":[{"href":"https:\/\/agora.xtec.cat\/escola-agora\/wp-json\/wp\/v2\/types\/post"}],"author":[{"embeddable":true,"href":"https:\/\/agora.xtec.cat\/escola-agora\/wp-json\/wp\/v2\/users\/1"}],"replies":[{"embeddable":true,"href":"https:\/\/agora.xtec.cat\/escola-agora\/wp-json\/wp\/v2\/comments?post=6440"}],"version-history":[{"count":3,"href":"https:\/\/agora.xtec.cat\/escola-agora\/wp-json\/wp\/v2\/posts\/6440\/revisions"}],"predecessor-version":[{"id":6507,"href":"https:\/\/agora.xtec.cat\/escola-agora\/wp-json\/wp\/v2\/posts\/6440\/revisions\/6507"}],"wp:featuredmedia":[{"embeddable":true,"href":"https:\/\/agora.xtec.cat\/escola-agora\/wp-json\/wp\/v2\/media\/6441"}],"wp:attachment":[{"href":"https:\/\/agora.xtec.cat\/escola-agora\/wp-json\/wp\/v2\/media?parent=6440"}],"wp:term":[{"taxonomy":"category","embeddable":true,"href":"https:\/\/agora.xtec.cat\/escola-agora\/wp-json\/wp\/v2\/categories?post=6440"},{"taxonomy":"post_tag","embeddable":true,"href":"https:\/\/agora.xtec.cat\/escola-agora\/wp-json\/wp\/v2\/tags?post=6440"}],"curies":[{"name":"wp","href":"https:\/\/api.w.org\/{rel}","templated":true}]}}