{"id":6404,"date":"2020-06-04T20:32:42","date_gmt":"2020-06-04T18:32:42","guid":{"rendered":"http:\/\/agora.xtec.cat\/escola-agora\/?p=6404"},"modified":"2020-06-05T14:09:27","modified_gmt":"2020-06-05T12:09:27","slug":"propostes-setmana-del-5-al-12-de-juny","status":"publish","type":"post","link":"https:\/\/agora.xtec.cat\/escola-agora\/eduacioinfantil\/i5\/propostes-setmana-del-5-al-12-de-juny\/","title":{"rendered":"Propostes. Setmana del 5 al 12 de juny"},"content":{"rendered":"<p>Benvolgudes fam\u00edlies,<\/p>\n<p>aquesta setmana el fil conductor ser\u00e0 <span style=\"color: #99cc00;\">\u201cL\u2019Hort i les Plantes\u201d<\/span>, esperem que gaudiu molt realitzant les diferents propostes.<\/p>\n<p><strong>Fem de periodistes<\/strong><\/p>\n<ul>\n<li style=\"list-style-type: none;\">\n<ul style=\"list-style-type: disc;\">\n<li>Mirem un documental<\/li>\n<\/ul>\n<\/li>\n<\/ul>\n<p style=\"padding-left: 40px;\">Per tal de con\u00e8ixer el m\u00f3n de les plantes, els infants hauran de mirar un petit <a href=\"https:\/\/www.youtube.com\/watch?v=zIDVm8_aLDI\">documental<\/a>.<\/p>\n<p><a href=\"https:\/\/www.youtube.com\/watch?v=zIDVm8_aLDI\"><img loading=\"lazy\" decoding=\"async\" class=\"aligncenter wp-image-6405\" src=\"https:\/\/agora.xtec.cat\/escola-agora\/wp-content\/uploads\/usu616\/2020\/06\/documental.jpg\" alt=\"\" width=\"323\" height=\"178\" srcset=\"https:\/\/agora.xtec.cat\/escola-agora\/wp-content\/uploads\/usu616\/2020\/06\/documental.jpg 430w, https:\/\/agora.xtec.cat\/escola-agora\/wp-content\/uploads\/usu616\/2020\/06\/documental-300x165.jpg 300w\" sizes=\"auto, (max-width: 323px) 100vw, 323px\" \/><\/a><\/p>\n<p style=\"padding-left: 40px;\">Despr\u00e9s hauran d&#8217;omplir la seg\u00fcent <a href=\"https:\/\/agora.xtec.cat\/escola-agora\/wp-content\/uploads\/usu616\/2020\/06\/PARTS-DE-LA-PLANTA.pdf\">fitxa.<\/a><\/p>\n<p><a href=\"https:\/\/agora.xtec.cat\/escola-agora\/wp-content\/uploads\/usu616\/2020\/06\/Feina-les-parts-de-la-planta.jpg\"><img loading=\"lazy\" decoding=\"async\" class=\"aligncenter wp-image-6406\" src=\"https:\/\/agora.xtec.cat\/escola-agora\/wp-content\/uploads\/usu616\/2020\/06\/Feina-les-parts-de-la-planta.jpg\" alt=\"\" width=\"313\" height=\"216\" srcset=\"https:\/\/agora.xtec.cat\/escola-agora\/wp-content\/uploads\/usu616\/2020\/06\/Feina-les-parts-de-la-planta.jpg 373w, https:\/\/agora.xtec.cat\/escola-agora\/wp-content\/uploads\/usu616\/2020\/06\/Feina-les-parts-de-la-planta-300x207.jpg 300w\" sizes=\"auto, (max-width: 313px) 100vw, 313px\" \/><\/a><\/p>\n<p style=\"padding-left: 40px;\">Aquesta proposta ha de tenir un retorn, feu una <span style=\"color: #ff0000;\">foto i pengeu-la al Drive<\/span> compartit.<\/p>\n<p><strong>Plantem llavors<\/strong><\/p>\n<ul>\n<li style=\"list-style-type: none;\">\n<ul style=\"list-style-type: disc;\">\n<li>Us proposem fer l\u2019experiment de plantar una llavor de llentia, soja, cigr\u00f3, mongeta\u2026 Per fer-ho \u00fanicament heu de seguir les indicacions del <a href=\"https:\/\/youtu.be\/2JJdMIGe7Ek\">v\u00eddeo<\/a>.<\/li>\n<\/ul>\n<\/li>\n<\/ul>\n<p><a href=\"https:\/\/youtu.be\/2JJdMIGe7Ek\"><img loading=\"lazy\" decoding=\"async\" class=\"aligncenter wp-image-6407\" src=\"https:\/\/agora.xtec.cat\/escola-agora\/wp-content\/uploads\/usu616\/2020\/06\/v\u00eddeo-llavor.jpg\" alt=\"\" width=\"291\" height=\"206\" srcset=\"https:\/\/agora.xtec.cat\/escola-agora\/wp-content\/uploads\/usu616\/2020\/06\/v\u00eddeo-llavor.jpg 345w, https:\/\/agora.xtec.cat\/escola-agora\/wp-content\/uploads\/usu616\/2020\/06\/v\u00eddeo-llavor-300x213.jpg 300w\" sizes=\"auto, (max-width: 291px) 100vw, 291px\" \/><\/a><\/p>\n<p><a href=\"https:\/\/agora.xtec.cat\/escola-agora\/wp-content\/uploads\/usu616\/2020\/06\/Plantem-llavors-1.jpg\"><img loading=\"lazy\" decoding=\"async\" class=\"alignright wp-image-6415\" src=\"https:\/\/agora.xtec.cat\/escola-agora\/wp-content\/uploads\/usu616\/2020\/06\/Plantem-llavors-1.jpg\" alt=\"\" width=\"121\" height=\"163\" \/><\/a><\/p>\n<p style=\"padding-left: 40px;\">Per tal de tenir un recull i evid\u00e8ncia del proc\u00e9s, proposem que els infants facin el seu <a href=\"https:\/\/agora.xtec.cat\/escola-agora\/wp-content\/uploads\/usu616\/2020\/06\/DIARI-DOBSERVACI\u00d3.pdf\">diari d&#8217;observaci\u00f3 <\/a>on setmanalment vagin anotant les dades dels canvis que es produeixen, fent dibuixos, fotografies, escrivint les parts de la planta, mesurant amb dits, pams, etc.<\/p>\n<p style=\"padding-left: 40px;\">Podeu fer servir aquest model o crear el vostre.<\/p>\n<p>&nbsp;<\/p>\n<p><strong>Fem matem\u00e0tiques<\/strong><\/p>\n<ul>\n<li style=\"list-style-type: none;\">\n<ul style=\"list-style-type: disc;\">\n<li>Time Lapse: Germinaci\u00f3 d\u2019una planta<\/li>\n<\/ul>\n<\/li>\n<\/ul>\n<p style=\"padding-left: 40px;\">En un primer moment, els infants hauran de mirar el seg\u00fcent <a href=\"https:\/\/www.youtube.com\/watch?v=w77zPAtVTuI\">Time-Lapse<\/a> sobre la germinaci\u00f3 d\u2019una planta.<\/p>\n<p><a href=\"https:\/\/www.youtube.com\/embed\/w77zPAtVTuI?feature=oembed\"><img loading=\"lazy\" decoding=\"async\" class=\"aligncenter wp-image-6416\" src=\"https:\/\/agora.xtec.cat\/escola-agora\/wp-content\/uploads\/usu616\/2020\/06\/Time-Lapse.jpg\" alt=\"\" width=\"253\" height=\"191\" srcset=\"https:\/\/agora.xtec.cat\/escola-agora\/wp-content\/uploads\/usu616\/2020\/06\/Time-Lapse.jpg 357w, https:\/\/agora.xtec.cat\/escola-agora\/wp-content\/uploads\/usu616\/2020\/06\/Time-Lapse-300x226.jpg 300w, https:\/\/agora.xtec.cat\/escola-agora\/wp-content\/uploads\/usu616\/2020\/06\/Time-Lapse-200x150.jpg 200w\" sizes=\"auto, (max-width: 253px) 100vw, 253px\" \/><\/a><\/p>\n<p><a href=\"https:\/\/agora.xtec.cat\/escola-agora\/wp-content\/uploads\/usu616\/2020\/06\/Fitxa-Time-Lapse.jpg\"><img loading=\"lazy\" decoding=\"async\" class=\"alignright wp-image-6418\" src=\"https:\/\/agora.xtec.cat\/escola-agora\/wp-content\/uploads\/usu616\/2020\/06\/Fitxa-Time-Lapse.jpg\" alt=\"\" width=\"192\" height=\"149\" \/><\/a><\/p>\n<p style=\"padding-left: 40px;\">A continuaci\u00f3, hauran de fer la seg\u00fcent <a href=\"https:\/\/agora.xtec.cat\/escola-agora\/wp-content\/uploads\/usu616\/2020\/06\/Ordena-la-seq\u00fc\u00e8ncia.pdf\">fitxa<\/a> en la qual hauran d\u2019ordenar la seq\u00fc\u00e8ncia de germinaci\u00f3 d\u2019una planta. Poden retallar <span style=\"font-family: inherit; font-size: 1em;\">les<\/span><span style=\"font-family: inherit; font-size: 1em;\"> imatges i enganxar-les, dibuixar-les o relacionar cada imatge amb el requadre corresponent, segons el proc\u00e9s de creixement.<\/span><\/p>\n<p>&nbsp;<\/p>\n<ul>\n<li style=\"list-style-type: none;\">\n<ul style=\"list-style-type: disc;\">\n<li>S\u00edndria matem\u00e0tica<\/li>\n<\/ul>\n<\/li>\n<\/ul>\n<p style=\"padding-left: 40px;\">Us proposem fer unes s\u00edndries matem\u00e0tiques per treballar relacions qualitatives i quantitatives, mesura i sumes. En el <a href=\"https:\/\/youtu.be\/MWbOCsNQEkk\">v\u00eddeo<\/a> mostrem als infants com fer les seves s\u00edndries i com jugar (ordenant per mida, nombre de pipetes, sumant\u2026). En el seg\u00fcent <a href=\"https:\/\/agora.xtec.cat\/escola-agora\/wp-content\/uploads\/usu616\/2020\/06\/S\u00edndria-matem\u00e0tica.pdf\">enlla\u00e7 <\/a>podeu descarregar la plantilla de les s\u00edndries i imprimir, calcar o dibuixar les vostres.<\/p>\n<p><a href=\"https:\/\/youtu.be\/MWbOCsNQEkk\"><img loading=\"lazy\" decoding=\"async\" class=\"aligncenter wp-image-6421\" src=\"https:\/\/agora.xtec.cat\/escola-agora\/wp-content\/uploads\/usu616\/2020\/06\/V\u00eddeo-s\u00edndria.jpg\" alt=\"\" width=\"278\" height=\"208\" srcset=\"https:\/\/agora.xtec.cat\/escola-agora\/wp-content\/uploads\/usu616\/2020\/06\/V\u00eddeo-s\u00edndria.jpg 315w, https:\/\/agora.xtec.cat\/escola-agora\/wp-content\/uploads\/usu616\/2020\/06\/V\u00eddeo-s\u00edndria-300x225.jpg 300w, https:\/\/agora.xtec.cat\/escola-agora\/wp-content\/uploads\/usu616\/2020\/06\/V\u00eddeo-s\u00edndria-200x150.jpg 200w\" sizes=\"auto, (max-width: 278px) 100vw, 278px\" \/><\/a><\/p>\n<p><strong>Anem a la biblioteca<\/strong><\/p>\n<ul>\n<li style=\"list-style-type: none;\"><img loading=\"lazy\" decoding=\"async\" class=\"alignright wp-image-6423 size-full\" src=\"https:\/\/agora.xtec.cat\/escola-agora\/wp-content\/uploads\/usu616\/2020\/06\/Conte-Misteri-a-lhort.jpg\" alt=\"\" width=\"205\" height=\"171\" \/>\n<ul style=\"list-style-type: disc;\">\n<li>Conte: <a href=\"https:\/\/youtu.be\/e4jMha62XTA\">\u201cMisteri a l\u2019hort\u201d<\/a><\/li>\n<\/ul>\n<\/li>\n<\/ul>\n<p style=\"padding-left: 40px;\">Els infants han d\u2019escoltar i gaudir de l\u2019explicaci\u00f3 del conte, com si estigu\u00e9ssim a l\u2019escola.<\/p>\n<p>&nbsp;<\/p>\n<ul>\n<li style=\"list-style-type: none;\">\n<ul style=\"list-style-type: disc;\">\n<li>Juguem!!!<\/li>\n<\/ul>\n<\/li>\n<\/ul>\n<p style=\"padding-left: 40px;\">Els infants hauran de crear un memori amb els estris de l\u2019hort. Hauran de crear les seves fitxes pr\u00f2pies.<\/p>\n<p style=\"padding-left: 40px;\">El memori constar\u00e0 de 14 fitxes: 7 amb la imatge dels estris de l\u2019hort (es poden imprimir o dibuixar) i 7 amb el seu nom (les hauran d\u2019escriure). Una vegada fetes les fitxes ja es pot jugar.<\/p>\n<p style=\"text-align: center;\"><a href=\"https:\/\/agora.xtec.cat\/escola-agora\/wp-content\/uploads\/usu616\/2020\/06\/Instruccions-del-joc-memori.pdf\">Instruccions del joc<\/a>\u00a0 \u00a0\u00a0\u00a0\u00a0\u00a0\u00a0\u00a0\u00a0\u00a0\u00a0\u00a0\u00a0\u00a0\u00a0\u00a0\u00a0\u00a0\u00a0\u00a0\u00a0\u00a0\u00a0\u00a0\u00a0\u00a0\u00a0\u00a0\u00a0\u00a0\u00a0\u00a0\u00a0\u00a0\u00a0\u00a0\u00a0\u00a0\u00a0\u00a0\u00a0\u00a0\u00a0\u00a0\u00a0 <a href=\"https:\/\/agora.xtec.cat\/escola-agora\/wp-content\/uploads\/usu616\/2020\/06\/plantilla-memori.pdf\">Plantilla fitxes<\/a><\/p>\n<p><a href=\"https:\/\/agora.xtec.cat\/escola-agora\/wp-content\/uploads\/usu616\/2020\/06\/Captura.jpg\"><img loading=\"lazy\" decoding=\"async\" class=\"aligncenter wp-image-6427\" src=\"https:\/\/agora.xtec.cat\/escola-agora\/wp-content\/uploads\/usu616\/2020\/06\/Captura.jpg\" alt=\"\" width=\"556\" height=\"148\" srcset=\"https:\/\/agora.xtec.cat\/escola-agora\/wp-content\/uploads\/usu616\/2020\/06\/Captura.jpg 665w, https:\/\/agora.xtec.cat\/escola-agora\/wp-content\/uploads\/usu616\/2020\/06\/Captura-300x80.jpg 300w\" sizes=\"auto, (max-width: 556px) 100vw, 556px\" \/><\/a><\/p>\n<p style=\"padding-left: 40px;\">Aquesta proposta ha de tenir un retorn, feu una <span style=\"color: #ff0000;\">foto o v\u00eddeo i pengeu-la al Drive<\/span> compartit.<\/p>\n<p><strong>Fem TAC<\/strong><\/p>\n<ul>\n<li style=\"list-style-type: none;\">\n<ul style=\"list-style-type: disc;\">\n<li>Jclic: <a href=\"https:\/\/clic.xtec.cat\/projects\/eines2\/jclic.js\/index.html\">Les eines de l\u2019hort<\/a><\/li>\n<\/ul>\n<\/li>\n<\/ul>\n<p style=\"padding-left: 40px;\">Aquest \u00e9s un joc interactiu per gaudir i aprendre, esperem que ho passeu genial!!!<\/p>\n<p><strong>Let\u2019s sing in english<\/strong><\/p>\n<ul>\n<li style=\"list-style-type: none;\">\n<ul style=\"list-style-type: disc;\">\n<li>Vocabulary \u2192 <a href=\"https:\/\/www.youtube.com\/watch?v=LeiZGYUwOYQ\">parts of a plant<\/a><\/li>\n<li>Song\u2192 <a href=\"https:\/\/www.youtube.com\/watch?v=RE5tvaveVak\">vegetable song<\/a><\/li>\n<\/ul>\n<\/li>\n<\/ul>\n<p style=\"padding-left: 40px;\">Aquestes propostes s\u00f3n per a qu\u00e8, els infants, continu\u00efn familiaritzant-se amb la llengua anglesa passant una bona estona en fam\u00edlia.<\/p>\n<p><strong>Sortim al carrer a jugar!!!<\/strong><\/p>\n<ul>\n<li style=\"list-style-type: none;\">\n<ul style=\"list-style-type: disc;\">\n<li>Per aquesta setmana us animem a sortir al carrer i fer activitats a l\u2019aire lliure!! Cliqueu sobre la imatge i veureu les propostes. A divertir-se!!!<a href=\"https:\/\/view.genial.ly\/5ed9f7e9831ba00d93a96c05\/vertical-infographic-list-sortim-al-carrer\"><img loading=\"lazy\" decoding=\"async\" class=\"size-full wp-image-6506 aligncenter\" src=\"https:\/\/agora.xtec.cat\/escola-agora\/wp-content\/uploads\/usu616\/2020\/06\/Carrer.jpg\" alt=\"\" width=\"275\" height=\"183\" \/><\/a><\/li>\n<\/ul>\n<\/li>\n<\/ul>\n<p>Esperem que us agradin i gaudiu de les propostes d\u2019aquesta setmana.<\/p>\n<p>Moltes abra\u00e7ades i petons<\/p>\n<p>Sara i Aida<\/p>\n<p><strong><u>RECORDATORI:<\/u><\/strong><\/p>\n<ul>\n<li>Totes les activitats proposades es poden realitzar amb materials que teniu a casa, no fa falta la seva impressi\u00f3. Es poden dibuixar, calcar, imprimir, utilitzar la tauleta o el m\u00f2bil com a taulell i\/o obrir els documents des de l\u2019<em>editor PDF<\/em> o l&#8217;aplicaci\u00f3 <em>Paint<\/em> de la tauleta o l\u2019ordinador i fer les activitats digitalment.<\/li>\n<li>Recordeu de penjar totes les propostes demanades a la carpeta del DRIVE compartida, ja sigui una foto o un petit v\u00eddeo. Sempre posant el nom de l&#8217;infant.<\/li>\n<\/ul>\n<p>&nbsp;<\/p>\n","protected":false},"excerpt":{"rendered":"<p>Benvolgudes fam\u00edlies, aquesta setmana el fil conductor ser\u00e0 \u201cL\u2019Hort i les Plantes\u201d, esperem que gaudiu molt realitzant les diferents propostes. Fem de periodistes Mirem un documental Per tal de con\u00e8ixer el m\u00f3n de les plantes, els infants hauran de mirar un petit documental. Despr\u00e9s hauran d&#8217;omplir la seg\u00fcent fitxa. Aquesta proposta ha de tenir un [&hellip;]<\/p>\n","protected":false},"author":1,"featured_media":6428,"comment_status":"open","ping_status":"closed","sticky":false,"template":"","format":"standard","meta":{"_bbp_topic_count":0,"_bbp_reply_count":0,"_bbp_total_topic_count":0,"_bbp_total_reply_count":0,"_bbp_voice_count":0,"_bbp_anonymous_reply_count":0,"_bbp_topic_count_hidden":0,"_bbp_reply_count_hidden":0,"_bbp_forum_subforum_count":0,"site-sidebar-layout":"default","site-content-layout":"","ast-site-content-layout":"","site-content-style":"default","site-sidebar-style":"default","ast-global-header-display":"","ast-banner-title-visibility":"","ast-main-header-display":"","ast-hfb-above-header-display":"","ast-hfb-below-header-display":"","ast-hfb-mobile-header-display":"","site-post-title":"","ast-breadcrumbs-content":"","ast-featured-img":"","footer-sml-layout":"","theme-transparent-header-meta":"","adv-header-id-meta":"","stick-header-meta":"","header-above-stick-meta":"","header-main-stick-meta":"","header-below-stick-meta":"","astra-migrate-meta-layouts":"default","ast-page-background-enabled":"default","ast-page-background-meta":{"desktop":{"background-color":"var(--ast-global-color-4)","background-image":"","background-repeat":"repeat","background-position":"center center","background-size":"auto","background-attachment":"scroll","background-type":"","background-media":"","overlay-type":"","overlay-color":"","overlay-opacity":"","overlay-gradient":""},"tablet":{"background-color":"","background-image":"","background-repeat":"repeat","background-position":"center center","background-size":"auto","background-attachment":"scroll","background-type":"","background-media":"","overlay-type":"","overlay-color":"","overlay-opacity":"","overlay-gradient":""},"mobile":{"background-color":"","background-image":"","background-repeat":"repeat","background-position":"center center","background-size":"auto","background-attachment":"scroll","background-type":"","background-media":"","overlay-type":"","overlay-color":"","overlay-opacity":"","overlay-gradient":""}},"ast-content-background-meta":{"desktop":{"background-color":"var(--ast-global-color-5)","background-image":"","background-repeat":"repeat","background-position":"center center","background-size":"auto","background-attachment":"scroll","background-type":"","background-media":"","overlay-type":"","overlay-color":"","overlay-opacity":"","overlay-gradient":""},"tablet":{"background-color":"var(--ast-global-color-5)","background-image":"","background-repeat":"repeat","background-position":"center center","background-size":"auto","background-attachment":"scroll","background-type":"","background-media":"","overlay-type":"","overlay-color":"","overlay-opacity":"","overlay-gradient":""},"mobile":{"background-color":"var(--ast-global-color-5)","background-image":"","background-repeat":"repeat","background-position":"center center","background-size":"auto","background-attachment":"scroll","background-type":"","background-media":"","overlay-type":"","overlay-color":"","overlay-opacity":"","overlay-gradient":""}},"footnotes":""},"categories":[9],"tags":[],"class_list":["post-6404","post","type-post","status-publish","format-standard","has-post-thumbnail","hentry","category-i5"],"post_mailing_queue_ids":[],"_links":{"self":[{"href":"https:\/\/agora.xtec.cat\/escola-agora\/wp-json\/wp\/v2\/posts\/6404","targetHints":{"allow":["GET"]}}],"collection":[{"href":"https:\/\/agora.xtec.cat\/escola-agora\/wp-json\/wp\/v2\/posts"}],"about":[{"href":"https:\/\/agora.xtec.cat\/escola-agora\/wp-json\/wp\/v2\/types\/post"}],"author":[{"embeddable":true,"href":"https:\/\/agora.xtec.cat\/escola-agora\/wp-json\/wp\/v2\/users\/1"}],"replies":[{"embeddable":true,"href":"https:\/\/agora.xtec.cat\/escola-agora\/wp-json\/wp\/v2\/comments?post=6404"}],"version-history":[{"count":4,"href":"https:\/\/agora.xtec.cat\/escola-agora\/wp-json\/wp\/v2\/posts\/6404\/revisions"}],"predecessor-version":[{"id":6553,"href":"https:\/\/agora.xtec.cat\/escola-agora\/wp-json\/wp\/v2\/posts\/6404\/revisions\/6553"}],"wp:featuredmedia":[{"embeddable":true,"href":"https:\/\/agora.xtec.cat\/escola-agora\/wp-json\/wp\/v2\/media\/6428"}],"wp:attachment":[{"href":"https:\/\/agora.xtec.cat\/escola-agora\/wp-json\/wp\/v2\/media?parent=6404"}],"wp:term":[{"taxonomy":"category","embeddable":true,"href":"https:\/\/agora.xtec.cat\/escola-agora\/wp-json\/wp\/v2\/categories?post=6404"},{"taxonomy":"post_tag","embeddable":true,"href":"https:\/\/agora.xtec.cat\/escola-agora\/wp-json\/wp\/v2\/tags?post=6404"}],"curies":[{"name":"wp","href":"https:\/\/api.w.org\/{rel}","templated":true}]}}