{"id":6363,"date":"2020-05-29T12:24:17","date_gmt":"2020-05-29T10:24:17","guid":{"rendered":"http:\/\/agora.xtec.cat\/escola-agora\/?p=6363"},"modified":"2020-06-05T15:16:38","modified_gmt":"2020-06-05T13:16:38","slug":"activitats-del-29-de-maig-al-5-de-juny","status":"publish","type":"post","link":"https:\/\/agora.xtec.cat\/escola-agora\/ciclemitja\/4t\/activitats-del-29-de-maig-al-5-de-juny\/","title":{"rendered":"Activitats del 29 de maig al 5 de juny"},"content":{"rendered":"<p><span style=\"font-weight: 400;\"><strong><img loading=\"lazy\" decoding=\"async\" class=\"alignleft size-full wp-image-6364\" src=\"https:\/\/agora.xtec.cat\/escola-agora\/wp-content\/uploads\/usu616\/2020\/05\/9c43a3d6425a9b8a3f31451318c68172.jpg\" alt=\"\" width=\"400\" height=\"266\" srcset=\"https:\/\/agora.xtec.cat\/escola-agora\/wp-content\/uploads\/usu616\/2020\/05\/9c43a3d6425a9b8a3f31451318c68172.jpg 400w, https:\/\/agora.xtec.cat\/escola-agora\/wp-content\/uploads\/usu616\/2020\/05\/9c43a3d6425a9b8a3f31451318c68172-300x200.jpg 300w\" sizes=\"auto, (max-width: 400px) 100vw, 400px\" \/>ELECTR\u00d2NICA<\/strong>,\u00a0<\/span><\/p>\n<p><span style=\"font-weight: 400;\">Falta molt poc perqu\u00e8 s\u2019acabi el curs. Ja sabeu que el 19 de juny \u00e9s l\u2019\u00faltim dia.<\/span><\/p>\n<p><span style=\"font-weight: 400;\">\u00a0Tot i que ja us noto una mica cansats i cansades ( com passaria tamb\u00e9 si estigu\u00e9ssim anant a l\u2019escola, perqu\u00e8 passa cada any), us demano que no defalliu.<\/span><\/p>\n<p><span style=\"font-weight: 400;\">Aquesta setmana no us fem proposta ni de matem\u00e0tiques, ni de medi, ni d\u2019angl\u00e8s per tal que acabeu les feines pendents de setmanes anteriors de totes les \u00e0rees.<\/span><\/p>\n<p><b>Recordeu: el q\u00fcestionari d\u2019autoavaluaci\u00f3 l\u2019heu d\u2019enviar abans del 7 de juny.<\/b><\/p>\n<p><span style=\"font-weight: 400;\">La M\u00f2nica i jo hem fet uns nous grups de desdoblament per la videoconfer\u00e8ncia del dimecres 3 de juny. Ja rebreu la convocat\u00f2ria.<\/span><\/p>\n<p><b>Pel que fa a les meditacions, en teniu 6 per anar fent. \u00c9s convenient que trieu la que tingueu ganes de seguir. Va molt b\u00e9 regalar-nos 10 minuts al dia per sentir la calma a dins nostre.<\/b><\/p>\n<p><span style=\"font-weight: 400;\">Tot seguit teniu les propostes. <em>Que tingueu una bona setmana!\u00a0<\/em><\/span><\/p>\n<hr \/>\n<p><span style=\"color: #000000;\"><strong>CATAL\u00c0<\/strong><\/span><\/p>\n<p>Trobareu les activitats de pycto <a href=\"https:\/\/agora.xtec.cat\/escola-agora\/wp-content\/uploads\/usu616\/2020\/05\/Activitats_PYCTO_de_4t_6\u00ba-PROPOSTA-2.docx\">AQU\u00cd<\/a><\/p>\n<hr \/>\n<p><b>TUTORIA I VALORS 7a SETMANA<\/b><\/p>\n<p><span style=\"font-weight: 400;\">Tal i com vam explicar a la videotrucada del dimecres 27 de maig has de respondre el q\u00fcestionari que es titula \u201cAutoavaluaci\u00f3 del 3r trimestre\u201d.<\/span><\/p>\n<p><b>\u00c9s una feina obligat\u00f2ria que ens ajuda a saber com has viscut el per\u00edode de confinament. L\u2019has de retornar abans del 7 de juny.<\/b><\/p>\n<p><span style=\"font-weight: 400;\">Llegeix b\u00e9 les preguntes i les possibles respostes. Les has de contestar totes amb sinceritat.<\/span><\/p>\n<p><span style=\"font-weight: 400;\">Les respostes que tenen un quadrat davant permeten triar-ne m\u00e9s d\u2019una. Les que tenen un cercle al davant seu nom\u00e9s tens l\u2019opci\u00f3 de triar una sola resposta, la que m\u00e9s s\u2019acosti a la teva realitat.<\/span><\/p>\n<p><span style=\"font-weight: 400;\">Per respondre clica el seg\u00fcent enlla\u00e7:<\/span><\/p>\n<p><a href=\"https:\/\/forms.gle\/V2gDtmVJiRU6GJKS6\"><span style=\"font-weight: 400;\">https:\/\/forms.gle\/V2gDtmVJiRU6GJKS6<\/span><\/a><\/p>\n<hr \/>\n<p><b>EDUCACI\u00d3 F\u00cdSICA\u00a0<\/b><\/p>\n<p><span style=\"font-weight: 400;\">Recordeu la Xuan Lan? Segur que s\u00ed! Aqu\u00ed us deixo l\u2019enlla\u00e7 perqu\u00e8 pogueu avan\u00e7ar en el fascinant m\u00f3n del ioga.\u00a0 Es tracta d\u2019una sessi\u00f3 de \u201chatha ioga\u201d per a principiants:<\/span><\/p>\n<p><a href=\"https:\/\/www.youtube.com\/watch?v=vd1j1nqHhuY\"><b>https:\/\/www.youtube.com\/watch?v=vd1j1nqHhuY<\/b><\/a><\/p>\n<p><b>Penja fotos o un petit v\u00eddeo realitzant les asanes (postures de ioga) que m\u00e9s t\u2019hagin agradat.<\/b><\/p>\n<p><span style=\"font-weight: 400;\">Ah!! I no t\u2019oblidis de portar la <\/span><b>roba i el cal\u00e7at<\/b> <span style=\"font-weight: 400;\">adequat per fer-la i treballar els <\/span><b>h\u00e0bits higi\u00e8nics<\/b> <span style=\"font-weight: 400;\">despr\u00e9s de cada pr\u00e0ctica.<\/span><\/p>\n<p><span style=\"font-weight: 400;\">Bon treball de cos i ment!!!<\/span><\/p>\n<hr \/>\n<p><b>M\u00daSICA<\/b><\/p>\n<p><span style=\"font-weight: 400;\">Per a veure les propostes de m\u00fasica fes clic <\/span><a href=\"https:\/\/agora.xtec.cat\/escola-agora\/wp-content\/uploads\/usu616\/2020\/05\/4t-activitats-7\u00aa-setmana-2.pdf\"><span style=\"font-weight: 400;\">AQU\u00cd<\/span><\/a><\/p>\n<hr \/>\n<p><b>\u00a0CASTELLANO<\/b><\/p>\n<p><span style=\"font-weight: 400;\">Como hay bastantes alumnos\/as que tienen alg\u00fan o algunos trabajos por entregar, esta semana el trabajo es ACABAR TAREAS ATRASADAS.<\/span><\/p>\n<p><span style=\"font-weight: 400;\">Si es necesario abrid vuestra carpeta para comprobarlo.<\/span><\/p>\n<p><span style=\"font-weight: 400;\">Para los que lo ten\u00e9is todo hecho aqu\u00ed hay dos juegos <\/span><a href=\"https:\/\/drive.google.com\/file\/d\/1wcCgUv8uSS5kMLqTD8b-8FsUoupgI9uG\/view?usp=sharing\"><b>alrev1c.swf <\/b><\/a><span style=\"font-weight: 400;\">y <\/span><a href=\"https:\/\/drive.google.com\/file\/d\/1gvXoVVj_52Ae3HG5qkjzi0Q0OvkO2q0Y\/view?usp=sharing\"><b>lleng4c.swf<\/b><\/a> <span style=\"font-weight: 400;\">Clicad para bajarlos. Los guardar\u00e9is en vuestra carpeta y ya podr\u00e9is empezar a jugar. Si no ten\u00e9is actualizado el Adobe flash player 10.0, el mismo juego os dar\u00e1 la opci\u00f3n de hacerlo.<\/span><\/p>\n<hr \/>\n","protected":false},"excerpt":{"rendered":"<p>ELECTR\u00d2NICA,\u00a0 Falta molt poc perqu\u00e8 s\u2019acabi el curs. Ja sabeu que el 19 de juny \u00e9s l\u2019\u00faltim dia. \u00a0Tot i que ja us noto una mica cansats i cansades ( com passaria tamb\u00e9 si estigu\u00e9ssim anant a l\u2019escola, perqu\u00e8 passa cada any), us demano que no defalliu. Aquesta setmana no us fem proposta ni de [&hellip;]<\/p>\n","protected":false},"author":1,"featured_media":0,"comment_status":"open","ping_status":"closed","sticky":false,"template":"","format":"standard","meta":{"_bbp_topic_count":0,"_bbp_reply_count":0,"_bbp_total_topic_count":0,"_bbp_total_reply_count":0,"_bbp_voice_count":0,"_bbp_anonymous_reply_count":0,"_bbp_topic_count_hidden":0,"_bbp_reply_count_hidden":0,"_bbp_forum_subforum_count":0,"site-sidebar-layout":"default","site-content-layout":"","ast-site-content-layout":"","site-content-style":"default","site-sidebar-style":"default","ast-global-header-display":"","ast-banner-title-visibility":"","ast-main-header-display":"","ast-hfb-above-header-display":"","ast-hfb-below-header-display":"","ast-hfb-mobile-header-display":"","site-post-title":"","ast-breadcrumbs-content":"","ast-featured-img":"","footer-sml-layout":"","theme-transparent-header-meta":"","adv-header-id-meta":"","stick-header-meta":"","header-above-stick-meta":"","header-main-stick-meta":"","header-below-stick-meta":"","astra-migrate-meta-layouts":"default","ast-page-background-enabled":"default","ast-page-background-meta":{"desktop":{"background-color":"var(--ast-global-color-4)","background-image":"","background-repeat":"repeat","background-position":"center center","background-size":"auto","background-attachment":"scroll","background-type":"","background-media":"","overlay-type":"","overlay-color":"","overlay-opacity":"","overlay-gradient":""},"tablet":{"background-color":"","background-image":"","background-repeat":"repeat","background-position":"center center","background-size":"auto","background-attachment":"scroll","background-type":"","background-media":"","overlay-type":"","overlay-color":"","overlay-opacity":"","overlay-gradient":""},"mobile":{"background-color":"","background-image":"","background-repeat":"repeat","background-position":"center center","background-size":"auto","background-attachment":"scroll","background-type":"","background-media":"","overlay-type":"","overlay-color":"","overlay-opacity":"","overlay-gradient":""}},"ast-content-background-meta":{"desktop":{"background-color":"var(--ast-global-color-5)","background-image":"","background-repeat":"repeat","background-position":"center center","background-size":"auto","background-attachment":"scroll","background-type":"","background-media":"","overlay-type":"","overlay-color":"","overlay-opacity":"","overlay-gradient":""},"tablet":{"background-color":"var(--ast-global-color-5)","background-image":"","background-repeat":"repeat","background-position":"center center","background-size":"auto","background-attachment":"scroll","background-type":"","background-media":"","overlay-type":"","overlay-color":"","overlay-opacity":"","overlay-gradient":""},"mobile":{"background-color":"var(--ast-global-color-5)","background-image":"","background-repeat":"repeat","background-position":"center center","background-size":"auto","background-attachment":"scroll","background-type":"","background-media":"","overlay-type":"","overlay-color":"","overlay-opacity":"","overlay-gradient":""}},"footnotes":""},"categories":[13],"tags":[],"class_list":["post-6363","post","type-post","status-publish","format-standard","hentry","category-4t"],"post_mailing_queue_ids":[],"_links":{"self":[{"href":"https:\/\/agora.xtec.cat\/escola-agora\/wp-json\/wp\/v2\/posts\/6363","targetHints":{"allow":["GET"]}}],"collection":[{"href":"https:\/\/agora.xtec.cat\/escola-agora\/wp-json\/wp\/v2\/posts"}],"about":[{"href":"https:\/\/agora.xtec.cat\/escola-agora\/wp-json\/wp\/v2\/types\/post"}],"author":[{"embeddable":true,"href":"https:\/\/agora.xtec.cat\/escola-agora\/wp-json\/wp\/v2\/users\/1"}],"replies":[{"embeddable":true,"href":"https:\/\/agora.xtec.cat\/escola-agora\/wp-json\/wp\/v2\/comments?post=6363"}],"version-history":[{"count":2,"href":"https:\/\/agora.xtec.cat\/escola-agora\/wp-json\/wp\/v2\/posts\/6363\/revisions"}],"predecessor-version":[{"id":6375,"href":"https:\/\/agora.xtec.cat\/escola-agora\/wp-json\/wp\/v2\/posts\/6363\/revisions\/6375"}],"wp:attachment":[{"href":"https:\/\/agora.xtec.cat\/escola-agora\/wp-json\/wp\/v2\/media?parent=6363"}],"wp:term":[{"taxonomy":"category","embeddable":true,"href":"https:\/\/agora.xtec.cat\/escola-agora\/wp-json\/wp\/v2\/categories?post=6363"},{"taxonomy":"post_tag","embeddable":true,"href":"https:\/\/agora.xtec.cat\/escola-agora\/wp-json\/wp\/v2\/tags?post=6363"}],"curies":[{"name":"wp","href":"https:\/\/api.w.org\/{rel}","templated":true}]}}