{"id":6327,"date":"2020-05-28T23:23:04","date_gmt":"2020-05-28T21:23:04","guid":{"rendered":"http:\/\/agora.xtec.cat\/escola-agora\/?p=6327"},"modified":"2020-05-28T23:25:07","modified_gmt":"2020-05-28T21:25:07","slug":"propostes-setmana-del-29-de-maig-al-5-de-juny-2","status":"publish","type":"post","link":"https:\/\/agora.xtec.cat\/escola-agora\/eduacioinfantil\/i5\/propostes-setmana-del-29-de-maig-al-5-de-juny-2\/","title":{"rendered":"Propostes. Setmana del 29 de maig al 5 de juny"},"content":{"rendered":"<p>Benvolgudes fam\u00edlies,<\/p>\n<p>aquesta setmana el fil conductor seran <span style=\"color: #800080;\">\u201cEl Coet i l\u2019Espai\u201d<\/span>, esperem que gaudiu molt realitzant les diferents propostes.<\/p>\n<p><strong>Anem al cinema<\/strong><\/p>\n<ul>\n<li style=\"list-style-type: none;\">\n<ul style=\"list-style-type: disc;\">\n<li>Mirem el curtmetratge<\/li>\n<\/ul>\n<\/li>\n<\/ul>\n<p style=\"text-align: center;\"><a href=\"https:\/\/youtu.be\/4JyXUxo6kks\">Introducci\u00f3<\/a> \u00a0 \u00a0 \u00a0 \u00a0 \u00a0 \u00a0 \u00a0 \u00a0 \u00a0 \u00a0 \u00a0 \u00a0 \u00a0 \u00a0 \u00a0 \u00a0 \u00a0 \u00a0 \u00a0 \u00a0 \u00a0 \u00a0 \u00a0 \u00a0 \u00a0 <a href=\"https:\/\/www.ccma.cat\/tv3\/super3\/saari\/el-coet-cap-14\/video\/3945291\/\">Curtmetratge \u201cEl Coet\u201d<\/a><img loading=\"lazy\" decoding=\"async\" class=\" wp-image-6266 aligncenter\" src=\"https:\/\/agora.xtec.cat\/escola-agora\/wp-content\/uploads\/usu616\/2020\/05\/Imatge-1.jpg\" alt=\"\" width=\"675\" height=\"202\" srcset=\"https:\/\/agora.xtec.cat\/escola-agora\/wp-content\/uploads\/usu616\/2020\/05\/Imatge-1.jpg 749w, https:\/\/agora.xtec.cat\/escola-agora\/wp-content\/uploads\/usu616\/2020\/05\/Imatge-1-300x90.jpg 300w\" sizes=\"auto, (max-width: 675px) 100vw, 675px\" \/><\/p>\n<p style=\"padding-left: 40px;\">Esperem que us agradi!!!<\/p>\n<p><strong>Escriptors espacials<\/strong><\/p>\n<ul>\n<li style=\"list-style-type: none;\">\n<ul style=\"list-style-type: disc;\">\n<li>Mots encreuats de l\u2019espai<\/li>\n<\/ul>\n<\/li>\n<\/ul>\n<p style=\"padding-left: 40px;\">Els infants hauran de completar els quadrats, amb les lletres de les paraules del vocabulari de l\u2019espai. Una vegada feta la fitxa podran consultar la soluci\u00f3 i veure si ho han fet s\u00faper b\u00e9!!!<\/p>\n<p style=\"text-align: center;\"><a href=\"https:\/\/agora.xtec.cat\/escola-agora\/wp-content\/uploads\/usu616\/2020\/05\/Mots-encreuats.pdf\">Fitxa<\/a> \u00a0 \u00a0 \u00a0 \u00a0 \u00a0 \u00a0 \u00a0 \u00a0 \u00a0 \u00a0 \u00a0 \u00a0 \u00a0 \u00a0 \u00a0 \u00a0 \u00a0 \u00a0 \u00a0 \u00a0 \u00a0 \u00a0 \u00a0 \u00a0 \u00a0 \u00a0 \u00a0 \u00a0 \u00a0 \u00a0 \u00a0 \u00a0 \u00a0 <a href=\"https:\/\/agora.xtec.cat\/escola-agora\/wp-content\/uploads\/usu616\/2020\/05\/Soluci\u00f3-M.E.pdf\">Soluci\u00f3\u00a0<\/a><a href=\"https:\/\/agora.xtec.cat\/escola-agora\/wp-content\/uploads\/usu616\/2020\/05\/Imatge-2.jpg\"><img loading=\"lazy\" decoding=\"async\" class=\"aligncenter wp-image-6268\" src=\"https:\/\/agora.xtec.cat\/escola-agora\/wp-content\/uploads\/usu616\/2020\/05\/Imatge-2.jpg\" alt=\"\" width=\"602\" height=\"199\" srcset=\"https:\/\/agora.xtec.cat\/escola-agora\/wp-content\/uploads\/usu616\/2020\/05\/Imatge-2.jpg 656w, https:\/\/agora.xtec.cat\/escola-agora\/wp-content\/uploads\/usu616\/2020\/05\/Imatge-2-300x99.jpg 300w\" sizes=\"auto, (max-width: 602px) 100vw, 602px\" \/><\/a><\/p>\n<p style=\"padding-left: 40px;\">Aquesta proposta ha de tenir un retorn, feu una foto i <span style=\"color: #ff0000;\">pengeu-la al Drive<\/span> compartit.<\/p>\n<p><strong>Matem\u00e0tiques espacials<\/strong><\/p>\n<ul>\n<li style=\"list-style-type: none;\">\n<ul style=\"list-style-type: disc;\">\n<li>Enigmes espacials<\/li>\n<\/ul>\n<\/li>\n<\/ul>\n<p style=\"padding-left: 40px;\">Els infants hauran de crear un dibuix, seguint les indicacions que la mestra diu en el <a href=\"https:\/\/youtu.be\/hP6WOF4dK_g\">v\u00eddeo<\/a>. Esteu molt atents i atentes i no perdeu cap indicaci\u00f3. Teniu la soluci\u00f3 i les indicacions a seguir, escrites en la imatge de \u201csoluci\u00f3\u201d. Els infants poden pintar el seu dibuix una vegada acabat.<\/p>\n<p style=\"padding-left: 40px;\">Preparats i preparades: 3, 2, 1, comencem\u2026<\/p>\n<p style=\"text-align: center;\">\u00a0\u00a0\u00a0\u00a0\u00a0\u00a0 <a href=\"https:\/\/youtu.be\/hP6WOF4dK_g\">V\u00eddeo<\/a> \u00a0 \u00a0 \u00a0 \u00a0 \u00a0 \u00a0 \u00a0 \u00a0 \u00a0 \u00a0 \u00a0 \u00a0 \u00a0 \u00a0 \u00a0 \u00a0 \u00a0 \u00a0 \u00a0 \u00a0 \u00a0 \u00a0 \u00a0 \u00a0 \u00a0 \u00a0 \u00a0 \u00a0 \u00a0 \u00a0 \u00a0 \u00a0 \u00a0 \u00a0 <a href=\"https:\/\/agora.xtec.cat\/escola-agora\/wp-content\/uploads\/usu616\/2020\/05\/Soluci\u00f3-Enigmes.pdf\">Soluci\u00f3<\/a><img loading=\"lazy\" decoding=\"async\" class=\"size-full wp-image-6269 aligncenter\" src=\"https:\/\/agora.xtec.cat\/escola-agora\/wp-content\/uploads\/usu616\/2020\/05\/Imatge-3.jpg\" alt=\"\" width=\"600\" height=\"212\" srcset=\"https:\/\/agora.xtec.cat\/escola-agora\/wp-content\/uploads\/usu616\/2020\/05\/Imatge-3.jpg 600w, https:\/\/agora.xtec.cat\/escola-agora\/wp-content\/uploads\/usu616\/2020\/05\/Imatge-3-300x106.jpg 300w\" sizes=\"auto, (max-width: 600px) 100vw, 600px\" \/><\/p>\n<p style=\"padding-left: 40px;\">Aquesta proposta ha de tenir un retorn, feu una foto i <span style=\"color: #ff0000;\">pengeu-la al Drive<\/span> compartit.<\/p>\n<ul>\n<li style=\"list-style-type: none;\">\n<ul style=\"list-style-type: disc;\">\n<li>L\u2019Ona astronauta<\/li>\n<\/ul>\n<\/li>\n<\/ul>\n<p style=\"padding-left: 40px;\">Us presentem <a href=\"https:\/\/agora.xtec.cat\/escola-agora\/wp-content\/uploads\/usu616\/2020\/05\/Jocs-matem\u00e0tics-Ona.pdf\">dues activitats<\/a>\u00a0en les quals els infants hauran d\u2019ajudar a l\u2019Ona, la nostra mascota, a trobar el seu planeta. Per aix\u00f2, primer hauran d\u2019ajudar-la a construir\/dibuixar el seu coet, ja que nom\u00e9s t\u00e9 la meitat\u2026 I despr\u00e9s l\u2019hauran de guiar i acompanyar a trobar el seu planeta, per\u00f2&#8230;compte! trobareu molts camins fins a localitzar el correcte.<\/p>\n<p style=\"text-align: center;\"><a href=\"https:\/\/drive.google.com\/file\/d\/1HzNmOqgSZDisBOjaqKe5SuW25bb0d65U\/view?usp=sharing\">Simetria coet <\/a>\u00a0 \u00a0 \u00a0 \u00a0 \u00a0 \u00a0 \u00a0 \u00a0 \u00a0 \u00a0 \u00a0 \u00a0 \u00a0 \u00a0 \u00a0 \u00a0 \u00a0 \u00a0 \u00a0 \u00a0 \u00a0 \u00a0 \u00a0 \u00a0 \u00a0 <a href=\"https:\/\/drive.google.com\/file\/d\/1BUTXruUnZcLN_ym-ig-vHx77N73zyr1j\/view?usp=sharing\">Laberint<\/a>\u00a0<a href=\"https:\/\/agora.xtec.cat\/escola-agora\/wp-content\/uploads\/usu616\/2020\/05\/Imatge-4.jpg\"><img loading=\"lazy\" decoding=\"async\" class=\" wp-image-6272 aligncenter\" src=\"https:\/\/agora.xtec.cat\/escola-agora\/wp-content\/uploads\/usu616\/2020\/05\/Imatge-4.jpg\" alt=\"\" width=\"563\" height=\"263\" srcset=\"https:\/\/agora.xtec.cat\/escola-agora\/wp-content\/uploads\/usu616\/2020\/05\/Imatge-4.jpg 615w, https:\/\/agora.xtec.cat\/escola-agora\/wp-content\/uploads\/usu616\/2020\/05\/Imatge-4-300x140.jpg 300w\" sizes=\"auto, (max-width: 563px) 100vw, 563px\" \/><\/a><\/p>\n<p><strong>Fem un coet!<\/strong><\/p>\n<ul>\n<li style=\"list-style-type: none;\">\n<ul style=\"list-style-type: disc;\">\n<li>Us proposem una manualitat senzilla, r\u00e0pida i f\u00e0cil de fer a casa. Els infants hauran de fer el seu <a href=\"https:\/\/drive.google.com\/file\/d\/14qXELkzCJBtG99kU9FYPu2AVBX9DmF9I\/view?usp=sharing\">coet<\/a>, el poden dibuixar, calcar o imprimir, seguint les indicacions del <a href=\"https:\/\/youtu.be\/P1nB6NmMIpI\">v\u00eddeo<\/a>.<\/li>\n<\/ul>\n<\/li>\n<\/ul>\n<p style=\"padding-left: 40px;\">Preparats i preparades? Som-hi!<\/p>\n<p style=\"padding-left: 40px; text-align: center;\"><a href=\"https:\/\/drive.google.com\/file\/d\/1MOnCbMkE22t4OQdvtvckQnkVZk2orHZM\/view?usp=sharing\">Material<\/a> \u00a0 \u00a0 \u00a0 \u00a0 \u00a0 \u00a0 \u00a0 \u00a0 \u00a0 \u00a0 \u00a0 \u00a0 \u00a0 \u00a0 \u00a0 \u00a0 \u00a0 \u00a0 \u00a0 \u00a0 \u00a0 \u00a0 \u00a0 \u00a0 \u00a0 \u00a0 \u00a0 \u00a0 \u00a0 \u00a0 \u00a0 \u00a0 <a href=\"https:\/\/youtu.be\/P1nB6NmMIpI\">V\u00eddeo<\/a><a href=\"https:\/\/agora.xtec.cat\/escola-agora\/wp-content\/uploads\/usu616\/2020\/05\/Imatge-5.jpg\"><img loading=\"lazy\" decoding=\"async\" class=\" wp-image-6273 aligncenter\" src=\"https:\/\/agora.xtec.cat\/escola-agora\/wp-content\/uploads\/usu616\/2020\/05\/Imatge-5.jpg\" alt=\"\" width=\"576\" height=\"221\" srcset=\"https:\/\/agora.xtec.cat\/escola-agora\/wp-content\/uploads\/usu616\/2020\/05\/Imatge-5.jpg 644w, https:\/\/agora.xtec.cat\/escola-agora\/wp-content\/uploads\/usu616\/2020\/05\/Imatge-5-300x115.jpg 300w\" sizes=\"auto, (max-width: 576px) 100vw, 576px\" \/><\/a><\/p>\n<p><strong>Fem un experiment<\/strong><\/p>\n<ul>\n<li style=\"list-style-type: none;\">\n<ul style=\"list-style-type: disc;\">\n<li>Efecte \u00f2ptic<\/li>\n<\/ul>\n<\/li>\n<\/ul>\n<p style=\"padding-left: 40px;\">Us presentem un experiment r\u00e0pid, curi\u00f3s i senzill de fer. En aquest es mostra f\u00e0cilment el fenomen de la refracci\u00f3, \u00e9s a dir, el desviament dels raigs de llum en canviar de mitj\u00e0. Per fer l\u2019experiment \u00fanicament cal seguir les indicacions del <a href=\"https:\/\/youtu.be\/vPB8ScG27CE\">v\u00eddeo<\/a>.<\/p>\n<p style=\"padding-left: 40px;\">Esperem que us agradi : )<\/p>\n<p style=\"text-align: center;\"><a href=\"https:\/\/drive.google.com\/file\/d\/1iVsgJt86UUGDjOntdrVHWNvciCWWB8Dh\/view?usp=sharing\">Material<\/a> \u00a0 \u00a0 \u00a0 \u00a0 \u00a0 \u00a0 \u00a0 \u00a0 \u00a0 \u00a0 \u00a0 \u00a0 \u00a0 \u00a0 \u00a0 \u00a0 \u00a0 \u00a0 \u00a0 \u00a0 \u00a0 \u00a0 \u00a0 \u00a0 \u00a0 \u00a0 \u00a0 \u00a0 \u00a0 \u00a0 <a href=\"https:\/\/youtu.be\/vPB8ScG27CE\">V\u00eddeo<\/a><a href=\"https:\/\/agora.xtec.cat\/escola-agora\/wp-content\/uploads\/usu616\/2020\/05\/Imatge-6.jpg\"><img loading=\"lazy\" decoding=\"async\" class=\" wp-image-6274 aligncenter\" src=\"https:\/\/agora.xtec.cat\/escola-agora\/wp-content\/uploads\/usu616\/2020\/05\/Imatge-6.jpg\" alt=\"\" width=\"585\" height=\"207\" srcset=\"https:\/\/agora.xtec.cat\/escola-agora\/wp-content\/uploads\/usu616\/2020\/05\/Imatge-6.jpg 688w, https:\/\/agora.xtec.cat\/escola-agora\/wp-content\/uploads\/usu616\/2020\/05\/Imatge-6-300x106.jpg 300w\" sizes=\"auto, (max-width: 585px) 100vw, 585px\" \/><\/a><\/p>\n<p><strong>Cantem i ballem dalt d\u2019un coet!<\/strong><\/p>\n<ul>\n<li style=\"list-style-type: none;\">\n<ul style=\"list-style-type: disc;\">\n<li>Us proposem la can\u00e7\u00f3 <a href=\"https:\/\/www.youtube.com\/watch?v=r4wbs-jaA9I\"><em>Puja al meu coet<\/em><\/a> del Pot Petit per a qu\u00e8 els infants passin una bona estona cantant i ballant mentre aprenen vocabulari.<\/li>\n<\/ul>\n<\/li>\n<\/ul>\n<p><a href=\"https:\/\/agora.xtec.cat\/escola-agora\/wp-content\/uploads\/usu616\/2020\/05\/Imatge-can\u00e7\u00f3.jpg\"><img loading=\"lazy\" decoding=\"async\" class=\" wp-image-6275 aligncenter\" src=\"https:\/\/agora.xtec.cat\/escola-agora\/wp-content\/uploads\/usu616\/2020\/05\/Imatge-can\u00e7\u00f3.jpg\" alt=\"\" width=\"333\" height=\"239\" srcset=\"https:\/\/agora.xtec.cat\/escola-agora\/wp-content\/uploads\/usu616\/2020\/05\/Imatge-can\u00e7\u00f3.jpg 364w, https:\/\/agora.xtec.cat\/escola-agora\/wp-content\/uploads\/usu616\/2020\/05\/Imatge-can\u00e7\u00f3-300x215.jpg 300w\" sizes=\"auto, (max-width: 333px) 100vw, 333px\" \/><\/a><\/p>\n<p><strong>Fem TAC<\/strong><\/p>\n<ul>\n<li style=\"list-style-type: none;\">\n<ul style=\"list-style-type: disc;\">\n<li>Jclic: <a href=\"https:\/\/clic.xtec.cat\/projects\/espai\/jclic.js\/index.html\">Voleu pujar a la nau?<\/a><\/li>\n<\/ul>\n<\/li>\n<\/ul>\n<p style=\"padding-left: 40px;\">Aquest \u00e9s un joc interactiu per gaudir i aprendre, esperem que ho passeu genial!!!<\/p>\n<p><strong>Let\u2019s sing and dance in english<\/strong><\/p>\n<ul>\n<li style=\"list-style-type: none;\">\n<ul style=\"list-style-type: disc;\">\n<li>Just Dance \u2192 <a href=\"https:\/\/www.youtube.com\/watch?v=52pdktAMDe4\">Jump up!<\/a><\/li>\n<li>Vocabulary \u2192 <a href=\"https:\/\/www.youtube.com\/watch?v=VVsRPx1IIyE\">Space<\/a><\/li>\n<\/ul>\n<\/li>\n<\/ul>\n<p style=\"padding-left: 40px;\">Aquestes propostes s\u00f3n per a qu\u00e8, els infants, continu\u00efn familiaritzant-se amb la llengua anglesa passant una bona estona en fam\u00edlia.<\/p>\n<p>Esperem que us agradin i gaudiu de les propostes d\u2019aquesta setmana.<\/p>\n<p>Moltes abra\u00e7ades i petons<\/p>\n<p>Sara i Aida<\/p>\n<p>&nbsp;<\/p>\n<p><strong><u>RECORDATORI:<\/u><\/strong><\/p>\n<ul>\n<li style=\"list-style-type: none;\">\n<ul>\n<li>Totes les activitats proposades es poden realitzar amb materials que teniu a casa, no fa falta la seva impressi\u00f3. Es poden dibuixar, calcar, imprimir, utilitzar la tauleta o el m\u00f2bil com a taulell i\/o obrir els documents des de l\u2019<em>editor PDF<\/em> o l&#8217;aplicaci\u00f3 <em>Paint<\/em> de la tauleta o l\u2019ordinador i fer les activitats digitalment.<\/li>\n<li>Recordeu de penjar totes les propostes demanades a la carpeta del DRIVE compartida, ja sigui una foto o un petit v\u00eddeo. Sempre posant el nom de l&#8217;infant.<\/li>\n<\/ul>\n<\/li>\n<\/ul>\n<p>&nbsp;<\/p>\n<p>&nbsp;<\/p>\n<p>&nbsp;<\/p>\n<p>&nbsp;<\/p>\n","protected":false},"excerpt":{"rendered":"<p>Benvolgudes fam\u00edlies, aquesta setmana el fil conductor seran \u201cEl Coet i l\u2019Espai\u201d, esperem que gaudiu molt realitzant les diferents propostes. Anem al cinema Mirem el curtmetratge Introducci\u00f3 \u00a0 \u00a0 \u00a0 \u00a0 \u00a0 \u00a0 \u00a0 \u00a0 \u00a0 \u00a0 \u00a0 \u00a0 \u00a0 \u00a0 \u00a0 \u00a0 \u00a0 \u00a0 \u00a0 \u00a0 \u00a0 \u00a0 \u00a0 \u00a0 \u00a0 Curtmetratge \u201cEl Coet\u201d [&hellip;]<\/p>\n","protected":false},"author":1,"featured_media":6279,"comment_status":"open","ping_status":"closed","sticky":false,"template":"","format":"standard","meta":{"_bbp_topic_count":0,"_bbp_reply_count":0,"_bbp_total_topic_count":0,"_bbp_total_reply_count":0,"_bbp_voice_count":0,"_bbp_anonymous_reply_count":0,"_bbp_topic_count_hidden":0,"_bbp_reply_count_hidden":0,"_bbp_forum_subforum_count":0,"site-sidebar-layout":"default","site-content-layout":"","ast-site-content-layout":"","site-content-style":"default","site-sidebar-style":"default","ast-global-header-display":"","ast-banner-title-visibility":"","ast-main-header-display":"","ast-hfb-above-header-display":"","ast-hfb-below-header-display":"","ast-hfb-mobile-header-display":"","site-post-title":"","ast-breadcrumbs-content":"","ast-featured-img":"","footer-sml-layout":"","theme-transparent-header-meta":"","adv-header-id-meta":"","stick-header-meta":"","header-above-stick-meta":"","header-main-stick-meta":"","header-below-stick-meta":"","astra-migrate-meta-layouts":"default","ast-page-background-enabled":"default","ast-page-background-meta":{"desktop":{"background-color":"var(--ast-global-color-4)","background-image":"","background-repeat":"repeat","background-position":"center center","background-size":"auto","background-attachment":"scroll","background-type":"","background-media":"","overlay-type":"","overlay-color":"","overlay-opacity":"","overlay-gradient":""},"tablet":{"background-color":"","background-image":"","background-repeat":"repeat","background-position":"center center","background-size":"auto","background-attachment":"scroll","background-type":"","background-media":"","overlay-type":"","overlay-color":"","overlay-opacity":"","overlay-gradient":""},"mobile":{"background-color":"","background-image":"","background-repeat":"repeat","background-position":"center center","background-size":"auto","background-attachment":"scroll","background-type":"","background-media":"","overlay-type":"","overlay-color":"","overlay-opacity":"","overlay-gradient":""}},"ast-content-background-meta":{"desktop":{"background-color":"var(--ast-global-color-5)","background-image":"","background-repeat":"repeat","background-position":"center center","background-size":"auto","background-attachment":"scroll","background-type":"","background-media":"","overlay-type":"","overlay-color":"","overlay-opacity":"","overlay-gradient":""},"tablet":{"background-color":"var(--ast-global-color-5)","background-image":"","background-repeat":"repeat","background-position":"center center","background-size":"auto","background-attachment":"scroll","background-type":"","background-media":"","overlay-type":"","overlay-color":"","overlay-opacity":"","overlay-gradient":""},"mobile":{"background-color":"var(--ast-global-color-5)","background-image":"","background-repeat":"repeat","background-position":"center center","background-size":"auto","background-attachment":"scroll","background-type":"","background-media":"","overlay-type":"","overlay-color":"","overlay-opacity":"","overlay-gradient":""}},"footnotes":""},"categories":[9],"tags":[],"class_list":["post-6327","post","type-post","status-publish","format-standard","has-post-thumbnail","hentry","category-i5"],"post_mailing_queue_ids":[],"_links":{"self":[{"href":"https:\/\/agora.xtec.cat\/escola-agora\/wp-json\/wp\/v2\/posts\/6327","targetHints":{"allow":["GET"]}}],"collection":[{"href":"https:\/\/agora.xtec.cat\/escola-agora\/wp-json\/wp\/v2\/posts"}],"about":[{"href":"https:\/\/agora.xtec.cat\/escola-agora\/wp-json\/wp\/v2\/types\/post"}],"author":[{"embeddable":true,"href":"https:\/\/agora.xtec.cat\/escola-agora\/wp-json\/wp\/v2\/users\/1"}],"replies":[{"embeddable":true,"href":"https:\/\/agora.xtec.cat\/escola-agora\/wp-json\/wp\/v2\/comments?post=6327"}],"version-history":[{"count":2,"href":"https:\/\/agora.xtec.cat\/escola-agora\/wp-json\/wp\/v2\/posts\/6327\/revisions"}],"predecessor-version":[{"id":6329,"href":"https:\/\/agora.xtec.cat\/escola-agora\/wp-json\/wp\/v2\/posts\/6327\/revisions\/6329"}],"wp:featuredmedia":[{"embeddable":true,"href":"https:\/\/agora.xtec.cat\/escola-agora\/wp-json\/wp\/v2\/media\/6279"}],"wp:attachment":[{"href":"https:\/\/agora.xtec.cat\/escola-agora\/wp-json\/wp\/v2\/media?parent=6327"}],"wp:term":[{"taxonomy":"category","embeddable":true,"href":"https:\/\/agora.xtec.cat\/escola-agora\/wp-json\/wp\/v2\/categories?post=6327"},{"taxonomy":"post_tag","embeddable":true,"href":"https:\/\/agora.xtec.cat\/escola-agora\/wp-json\/wp\/v2\/tags?post=6327"}],"curies":[{"name":"wp","href":"https:\/\/api.w.org\/{rel}","templated":true}]}}