{"id":6289,"date":"2020-05-28T21:40:37","date_gmt":"2020-05-28T19:40:37","guid":{"rendered":"http:\/\/agora.xtec.cat\/escola-agora\/?p=6289"},"modified":"2020-05-28T21:43:39","modified_gmt":"2020-05-28T19:43:39","slug":"proposta-dactivitats-setmana-del-29-de-maig-al-5-de-juny","status":"publish","type":"post","link":"https:\/\/agora.xtec.cat\/escola-agora\/eduacioinfantil\/i3\/proposta-dactivitats-setmana-del-29-de-maig-al-5-de-juny\/","title":{"rendered":"Proposta d\u2019activitats setmana del 29 de Maig al 5 de Juny:"},"content":{"rendered":"<p>&nbsp;<\/p>\n<p>Benvolgudes fam\u00edlies i bateries, com esteu? Esperem que ho estigueu portant el millor possible dins les possibilitats! \ud83d\ude42<br \/>\nEns \u201ctrobem\u201d de nou com cada setmana amb una altre proposta d\u2019activitats per aquesta setmana, totes relacionades aquesta vegada amb els<span style=\"color: #00ccff;\"><strong> oficis<\/strong><\/span>. Desitgem que us agradin les activitats i que les gaudiu molt. Volem donar-vos les gr\u00e0cies per tot el que esteu fent i per la vostra tasca en el vostre dia a dia, \u00e0nims que ho esteu fent genial!<\/p>\n<p>&nbsp;<\/p>\n<p><span style=\"color: #cc99ff;\"><strong><u>Activitat 1, LLENGUA:<\/u><\/strong><\/span><\/p>\n<p>Per a iniciar-nos en aquest tema, us proposem la visualitzaci\u00f3 d\u2019aquest conte explicat per uns nens i nenes, on uns infants fan una excursi\u00f3 amb l\u2019escola per tal de veure diferents oficis i informar-se una mica al respecte de com treballen, i qu\u00e8 \u00e9s el que fan exactament en cada professi\u00f3.<\/p>\n<p style=\"text-align: center;\">Per poder accedir al conte cliqueu sobre la imatge:<\/p>\n<p><a href=\"https:\/\/www.youtube.com\/watch?v=DcywNe9lnzM\"><img loading=\"lazy\" decoding=\"async\" class=\"wp-image-6290 aligncenter\" src=\"https:\/\/agora.xtec.cat\/escola-agora\/wp-content\/uploads\/usu616\/2020\/05\/conte-activitat-1.jpg\" alt=\"\" width=\"753\" height=\"424\" srcset=\"https:\/\/agora.xtec.cat\/escola-agora\/wp-content\/uploads\/usu616\/2020\/05\/conte-activitat-1.jpg 1920w, https:\/\/agora.xtec.cat\/escola-agora\/wp-content\/uploads\/usu616\/2020\/05\/conte-activitat-1-300x169.jpg 300w, https:\/\/agora.xtec.cat\/escola-agora\/wp-content\/uploads\/usu616\/2020\/05\/conte-activitat-1-768x432.jpg 768w, https:\/\/agora.xtec.cat\/escola-agora\/wp-content\/uploads\/usu616\/2020\/05\/conte-activitat-1-1024x576.jpg 1024w\" sizes=\"auto, (max-width: 753px) 100vw, 753px\" \/><\/a><\/p>\n<p>En acabar de veure el conte podeu preguntar als infants si els hi ha agradat i qu\u00e8 \u00e9s el que m\u00e9s els hi ha agradat. Despr\u00e9s podeu iniciar una mica de conversa relacionada amb el tema: Coneixes totes les professions esmentades al conte? Quina \u00e9s la que m\u00e9s t\u2019ha agradat? En coneixes d\u2019altres? Quina \u00e9s la professi\u00f3 que m\u00e9s t\u2019agrada o m\u00e9s et crida l\u2019atenci\u00f3? Coneixes a alg\u00fa que es dediqui a les professions del conte i d\u2019altres professions? (podeu aprofitar per a treballar les professions a les que us dediqueu els membres de la fam\u00edlia), etc.<\/p>\n<p>&nbsp;<\/p>\n<p><span style=\"color: #00ff00;\"><strong><u>Activitat 2, M\u00daSICA:<\/u><\/strong><\/span><\/p>\n<p>Per tal de seguir aprofundint sobre el tema, us proposem sentir algunes can\u00e7ons divertides relacionades amb les professions:<\/p>\n<ul style=\"list-style-type: square;\">\n<li>Aquesta primera del Ruc catal\u00e0 parla una mica d\u2019algunes professions; els paletes, els fusters, els cuiners, els urbans i els cuiners.<\/li>\n<\/ul>\n<p style=\"text-align: center;\">Per poder accedir al v\u00eddeo premeu sobre la imatge:<\/p>\n<p><a href=\"https:\/\/www.youtube.com\/watch?v=3DdoWqjqZME\"><img loading=\"lazy\" decoding=\"async\" class=\"wp-image-6291 aligncenter\" src=\"https:\/\/agora.xtec.cat\/escola-agora\/wp-content\/uploads\/usu616\/2020\/05\/can\u00e7\u00f3-1-oficis.jpg\" alt=\"\" width=\"718\" height=\"404\" srcset=\"https:\/\/agora.xtec.cat\/escola-agora\/wp-content\/uploads\/usu616\/2020\/05\/can\u00e7\u00f3-1-oficis.jpg 1920w, https:\/\/agora.xtec.cat\/escola-agora\/wp-content\/uploads\/usu616\/2020\/05\/can\u00e7\u00f3-1-oficis-300x169.jpg 300w, https:\/\/agora.xtec.cat\/escola-agora\/wp-content\/uploads\/usu616\/2020\/05\/can\u00e7\u00f3-1-oficis-768x432.jpg 768w, https:\/\/agora.xtec.cat\/escola-agora\/wp-content\/uploads\/usu616\/2020\/05\/can\u00e7\u00f3-1-oficis-1024x576.jpg 1024w\" sizes=\"auto, (max-width: 718px) 100vw, 718px\" \/><\/a><\/p>\n<ul style=\"list-style-type: square;\">\n<li>Aquesta segona can\u00e7\u00f3 t\u00e9 un ritme molt divertit i \u00e9s for\u00e7a engrescada, anomena algunes professions en la que ens inclouen als mestres!<\/li>\n<\/ul>\n<p style=\"text-align: center;\">Us deixem la lletra de la can\u00e7\u00f3 per si la voleu cantar amb els infants:<\/p>\n<p><a href=\"https:\/\/agora.xtec.cat\/escola-agora\/wp-content\/uploads\/usu616\/2020\/05\/lletra-can\u00e7\u00f3-oficis-2.jpg\"><img loading=\"lazy\" decoding=\"async\" class=\"size-full wp-image-6292 aligncenter\" src=\"https:\/\/agora.xtec.cat\/escola-agora\/wp-content\/uploads\/usu616\/2020\/05\/lletra-can\u00e7\u00f3-oficis-2.jpg\" alt=\"\" width=\"343\" height=\"759\" srcset=\"https:\/\/agora.xtec.cat\/escola-agora\/wp-content\/uploads\/usu616\/2020\/05\/lletra-can\u00e7\u00f3-oficis-2.jpg 343w, https:\/\/agora.xtec.cat\/escola-agora\/wp-content\/uploads\/usu616\/2020\/05\/lletra-can\u00e7\u00f3-oficis-2-136x300.jpg 136w\" sizes=\"auto, (max-width: 343px) 100vw, 343px\" \/><\/a><\/p>\n<p>Aprofitant que es veuen moltes imatges d\u2019oficis diferents podeu analitzar-les amb els infants, a veure quantes n\u2019identifiquen i d\u2019altres que n\u2019aprendran de noves!<\/p>\n<p style=\"text-align: center;\">Cliqueu sobre la imatge per a poder accedir al v\u00eddeo:<\/p>\n<p><a href=\"https:\/\/www.youtube.com\/watch?v=vM6HDODwvpQ\"><img loading=\"lazy\" decoding=\"async\" class=\"wp-image-6293 aligncenter\" src=\"https:\/\/agora.xtec.cat\/escola-agora\/wp-content\/uploads\/usu616\/2020\/05\/can\u00e7\u00f3-oficis-2.jpg\" alt=\"\" width=\"755\" height=\"425\" srcset=\"https:\/\/agora.xtec.cat\/escola-agora\/wp-content\/uploads\/usu616\/2020\/05\/can\u00e7\u00f3-oficis-2.jpg 1920w, https:\/\/agora.xtec.cat\/escola-agora\/wp-content\/uploads\/usu616\/2020\/05\/can\u00e7\u00f3-oficis-2-300x169.jpg 300w, https:\/\/agora.xtec.cat\/escola-agora\/wp-content\/uploads\/usu616\/2020\/05\/can\u00e7\u00f3-oficis-2-768x432.jpg 768w, https:\/\/agora.xtec.cat\/escola-agora\/wp-content\/uploads\/usu616\/2020\/05\/can\u00e7\u00f3-oficis-2-1024x576.jpg 1024w\" sizes=\"auto, (max-width: 755px) 100vw, 755px\" \/><\/a><\/p>\n<ul style=\"list-style-type: square;\">\n<li>Per acabar, us proposem aquesta altre can\u00e7\u00f3 de la Damaris Gelabert que parla dels possibles oficis als que es poden dedicar els infants. La versi\u00f3 que us proposem est\u00e0 interpretada per un grup d\u2019infants de P5 que es disfressen i actuen en funci\u00f3 de les professions que s\u2019esmenta a la can\u00e7\u00f3. Esperem que la gaudiu molt! \ud83d\ude42<\/li>\n<\/ul>\n<p style=\"text-align: center;\">Per accedir a la can\u00e7\u00f3 cliqueu sobre la imatge:<\/p>\n<p><a href=\"https:\/\/www.youtube.com\/watch?v=gV9oNkBZTiI\"><img loading=\"lazy\" decoding=\"async\" class=\" wp-image-6294 aligncenter\" src=\"https:\/\/agora.xtec.cat\/escola-agora\/wp-content\/uploads\/usu616\/2020\/05\/can\u00e7\u00f3-oficis-3.jpg\" alt=\"\" width=\"750\" height=\"423\" srcset=\"https:\/\/agora.xtec.cat\/escola-agora\/wp-content\/uploads\/usu616\/2020\/05\/can\u00e7\u00f3-oficis-3.jpg 1920w, https:\/\/agora.xtec.cat\/escola-agora\/wp-content\/uploads\/usu616\/2020\/05\/can\u00e7\u00f3-oficis-3-300x169.jpg 300w, https:\/\/agora.xtec.cat\/escola-agora\/wp-content\/uploads\/usu616\/2020\/05\/can\u00e7\u00f3-oficis-3-768x432.jpg 768w, https:\/\/agora.xtec.cat\/escola-agora\/wp-content\/uploads\/usu616\/2020\/05\/can\u00e7\u00f3-oficis-3-1024x576.jpg 1024w\" sizes=\"auto, (max-width: 750px) 100vw, 750px\" \/><\/a><\/p>\n<p>&nbsp;<\/p>\n<p><span style=\"color: #ffff00;\"><strong><u>Activitat 3, LLENGUA i MATEM\u00c0TIQUES:<\/u><\/strong><\/span><\/p>\n<p>Us proposem fer aquest Jclick que treballa alguns aspectes matem\u00e0tics i de llenguatge relacionats amb alguns oficis. Heu d\u2019entrar a l\u2019apartat de P3 on trobareu trencaclosques, s\u00e8ries, relacions, etc. Algunes activitats s\u00f3n una mica m\u00e9s complexes per als infants de P3,<br \/>\nper tant, podeu passar-les i fer les m\u00e9s senzilles.<\/p>\n<p style=\"text-align: center;\">Cliqueu sobre la imatge per accedir al Jclick:<\/p>\n<p><a href=\"https:\/\/clic.xtec.cat\/projects\/oficis_6\/jclic.js\/index.html\"><img loading=\"lazy\" decoding=\"async\" class=\"wp-image-6295 aligncenter\" src=\"https:\/\/agora.xtec.cat\/escola-agora\/wp-content\/uploads\/usu616\/2020\/05\/jclic-oficis.jpg\" alt=\"\" width=\"749\" height=\"370\" srcset=\"https:\/\/agora.xtec.cat\/escola-agora\/wp-content\/uploads\/usu616\/2020\/05\/jclic-oficis.jpg 1913w, https:\/\/agora.xtec.cat\/escola-agora\/wp-content\/uploads\/usu616\/2020\/05\/jclic-oficis-300x148.jpg 300w, https:\/\/agora.xtec.cat\/escola-agora\/wp-content\/uploads\/usu616\/2020\/05\/jclic-oficis-768x379.jpg 768w, https:\/\/agora.xtec.cat\/escola-agora\/wp-content\/uploads\/usu616\/2020\/05\/jclic-oficis-1024x505.jpg 1024w\" sizes=\"auto, (max-width: 749px) 100vw, 749px\" \/><\/a><\/p>\n<p>&nbsp;<\/p>\n<p><span style=\"color: #ff00ff;\"><strong><u>Activitat 4, MATEM\u00c0TIQUES:<\/u><\/strong><\/span><\/p>\n<p>Amb aquesta activitat podem seguir treballant aquests conceptes per\u00f2 d\u2019una manera m\u00e9s manipulable i engrescadora. Aquesta activitat la podem realitzar de dues maneres, o b\u00e9 per a jugar al memori o b\u00e9 per fer trencaclosques.<\/p>\n<p>Per a preparar el material per a poder jugar al memori caldr\u00e0 imprimir, calcar o dibuixar les imatges dues vegades. Despr\u00e9s cal retallar-les per\u00f2 deixant-les senceres (\u00e9s a dir, no tallant-les per la meitat). Si teniu l\u2019opci\u00f3, es poden plastificar per tal de poder conservar-les millor.<\/p>\n<p>Per a poder jugar als trencaclosques, caldr\u00e0 imprimir, calcar o dibuixar les imatges un sol cop i retallar-les tant per professions, com per la meitat, seguint les marques.<\/p>\n<p>Podeu aprofitar i seguir treballant el vocabulari cada vegada que els infants muntin una imatge del trencaclosques o quan aconsegueixin aparellar les dues imatges al memori.<\/p>\n<p><a href=\"https:\/\/agora.xtec.cat\/escola-agora\/wp-content\/uploads\/usu616\/2020\/05\/imatge-puzzle-oficis1.jpg\"><img loading=\"lazy\" decoding=\"async\" class=\" wp-image-6296 aligncenter\" src=\"https:\/\/agora.xtec.cat\/escola-agora\/wp-content\/uploads\/usu616\/2020\/05\/imatge-puzzle-oficis1.jpg\" alt=\"\" width=\"379\" height=\"293\" srcset=\"https:\/\/agora.xtec.cat\/escola-agora\/wp-content\/uploads\/usu616\/2020\/05\/imatge-puzzle-oficis1.jpg 1052w, https:\/\/agora.xtec.cat\/escola-agora\/wp-content\/uploads\/usu616\/2020\/05\/imatge-puzzle-oficis1-300x231.jpg 300w, https:\/\/agora.xtec.cat\/escola-agora\/wp-content\/uploads\/usu616\/2020\/05\/imatge-puzzle-oficis1-768x592.jpg 768w, https:\/\/agora.xtec.cat\/escola-agora\/wp-content\/uploads\/usu616\/2020\/05\/imatge-puzzle-oficis1-1024x789.jpg 1024w\" sizes=\"auto, (max-width: 379px) 100vw, 379px\" \/><\/a><\/p>\n<p style=\"text-align: center;\"><strong><u>Podreu trobar el document penjat a la carpeta compartida de la setmana corresponent anomenat<br \/>\n\u201cactivitat 4 trencaclosques- memori professions\u201d.<\/u><\/strong><\/p>\n<p>&nbsp;<\/p>\n<p><span style=\"color: #ff9900;\"><strong><u>Activitat 5, PL\u00c0STICA:<\/u><\/strong><\/span><\/p>\n<p>Despr\u00e9s d\u2019haver parlat de tantes professions, segurament els infants tenen en ment alguna professi\u00f3 que els hi agradi m\u00e9s que d\u2019altres. Es tracta que la pensin i es dibuixin a ells mateixos vestits en funci\u00f3 de la professi\u00f3 que m\u00e9s els hi agradi. A m\u00e9s a m\u00e9s, tamb\u00e9 podeu pensar quins accessoris necessiten i poden intentar dibuixar-los tamb\u00e9.<\/p>\n<p>En aquesta activitat podrem seguir treballant de nou l\u2019esquema corporal i la interpretaci\u00f3 de les professions esmentades i conegudes pels infants, a m\u00e9s a m\u00e9s de desenvolupar la imaginaci\u00f3 i creativitat. Podeu fer servir qualsevol material per a dibuixar-ho.<\/p>\n<p>Com sempre, us facilitem un model de plantilla per si voleu fer-la servir per a que dibuixin els infants. <strong><u>Aquesta plantilla la trobareu dins la carpeta compartida del drive anomenada \u201cactivitat 5 plantilla la professi\u00f3 que m\u00e9s m\u2019agrada\u201d.<\/u><\/strong><\/p>\n<p><strong><u>Recordeu que \u00e9s important que posin el seu nom (ja sabeu, o b\u00e9 per si sols o b\u00e9 repassant-lo). A m\u00e9s a m\u00e9s, us demanarem que escriviu el nom de la professi\u00f3 al costat del dibuix i que ells tractin de repassar-ho.<\/u><\/strong><\/p>\n<p><a href=\"https:\/\/agora.xtec.cat\/escola-agora\/wp-content\/uploads\/usu616\/2020\/05\/ACTIVITAT-5-LA-PROFESSI\u00d3-QUE-M\u00c9S-MAGRADA.jpg\"><img loading=\"lazy\" decoding=\"async\" class=\" wp-image-6297 aligncenter\" src=\"https:\/\/agora.xtec.cat\/escola-agora\/wp-content\/uploads\/usu616\/2020\/05\/ACTIVITAT-5-LA-PROFESSI\u00d3-QUE-M\u00c9S-MAGRADA.jpg\" alt=\"\" width=\"424\" height=\"299\" srcset=\"https:\/\/agora.xtec.cat\/escola-agora\/wp-content\/uploads\/usu616\/2020\/05\/ACTIVITAT-5-LA-PROFESSI\u00d3-QUE-M\u00c9S-MAGRADA.jpg 1118w, https:\/\/agora.xtec.cat\/escola-agora\/wp-content\/uploads\/usu616\/2020\/05\/ACTIVITAT-5-LA-PROFESSI\u00d3-QUE-M\u00c9S-MAGRADA-300x212.jpg 300w, https:\/\/agora.xtec.cat\/escola-agora\/wp-content\/uploads\/usu616\/2020\/05\/ACTIVITAT-5-LA-PROFESSI\u00d3-QUE-M\u00c9S-MAGRADA-768x542.jpg 768w, https:\/\/agora.xtec.cat\/escola-agora\/wp-content\/uploads\/usu616\/2020\/05\/ACTIVITAT-5-LA-PROFESSI\u00d3-QUE-M\u00c9S-MAGRADA-1024x723.jpg 1024w\" sizes=\"auto, (max-width: 424px) 100vw, 424px\" \/><\/a><img loading=\"lazy\" decoding=\"async\" class=\"wp-image-6299 alignright\" src=\"https:\/\/agora.xtec.cat\/escola-agora\/wp-content\/uploads\/usu616\/2020\/05\/nena-avi\u00f3-1.jpg\" alt=\"\" width=\"150\" height=\"226\" srcset=\"https:\/\/agora.xtec.cat\/escola-agora\/wp-content\/uploads\/usu616\/2020\/05\/nena-avi\u00f3-1.jpg 238w, https:\/\/agora.xtec.cat\/escola-agora\/wp-content\/uploads\/usu616\/2020\/05\/nena-avi\u00f3-1-199x300.jpg 199w\" sizes=\"auto, (max-width: 150px) 100vw, 150px\" \/><\/p>\n<p>&nbsp;<\/p>\n<p style=\"text-align: center;\"><strong><u>Aquesta activitat \u00e9s una de les feines que us demanem el retorn.<\/u><\/strong><strong><u>Caldr\u00e0 que feu una foto del dibuix que han realitzat els infants.<\/u>\u00a0<\/strong>Quan hagueu acabat de fer-ho, <strong><u>entreu a la carpeta compartida del drive de la setmana <\/u><\/strong><strong style=\"font-family: inherit; font-size: 1em;\"><u>corresponent i deseu la feina.<\/u><\/strong><\/p>\n<p>&nbsp;<\/p>\n<p><span style=\"color: #3366ff;\"><strong><u>Activitat 6, MATEM\u00c0TIQUES:<\/u><\/strong><\/span><\/p>\n<p style=\"text-align: center;\"><strong><u>En aquesta activitat haureu de fer servir el document que trobareu a la carpeta compartida del drive de la setmana corresponent anomenat \u201c activitat 6 quants oficis n\u2019hi ha\u201d.<\/u><\/strong><\/p>\n<p>Es tracta de visualitzar les imatges que representen els diferents oficis i comptar quants n\u2019hi ha dins el rectangle. Sobretot \u00e9s molt important fer servir el terme <strong><u>dins<\/u><\/strong> ja que sin\u00f3 podr\u00edem confondre a l\u2019infant i potser comptaria tamb\u00e9 els de fora. Un cop comptats, l\u2019infant haur\u00e0 d\u2019escriure la quantitat dins el quadrat que hi ha a la dreta de cada imatge posterior.<\/p>\n<p><a href=\"https:\/\/agora.xtec.cat\/escola-agora\/wp-content\/uploads\/usu616\/2020\/05\/activitat-quants-nhi-ha.jpg\"><img loading=\"lazy\" decoding=\"async\" class=\"wp-image-6300 aligncenter\" src=\"https:\/\/agora.xtec.cat\/escola-agora\/wp-content\/uploads\/usu616\/2020\/05\/activitat-quants-nhi-ha.jpg\" alt=\"\" width=\"482\" height=\"342\" srcset=\"https:\/\/agora.xtec.cat\/escola-agora\/wp-content\/uploads\/usu616\/2020\/05\/activitat-quants-nhi-ha.jpg 1045w, https:\/\/agora.xtec.cat\/escola-agora\/wp-content\/uploads\/usu616\/2020\/05\/activitat-quants-nhi-ha-300x213.jpg 300w, https:\/\/agora.xtec.cat\/escola-agora\/wp-content\/uploads\/usu616\/2020\/05\/activitat-quants-nhi-ha-768x545.jpg 768w, https:\/\/agora.xtec.cat\/escola-agora\/wp-content\/uploads\/usu616\/2020\/05\/activitat-quants-nhi-ha-1024x726.jpg 1024w\" sizes=\"auto, (max-width: 482px) 100vw, 482px\" \/><\/a><\/p>\n<p style=\"text-align: center;\"><strong><u>Aquesta activitat \u00e9s una de les feines que us demanem el retorn. Caldr\u00e0 que feu una foto del document que han fet els infants o b\u00e9 fer-ho vosaltres amb el paint o qualsevol altre programa, segons els resultats que hagin dit els infants, tot i que el m\u00e9s important \u00e9s que treballin el grafisme d\u2019aquestes quantitats. <\/u><\/strong>Quan hagueu acabat de fer-ho, <strong><u>entreu a la carpeta compartida del drive de la setmana corresponent i deseu la feina.<\/u><\/strong><\/p>\n<p>&nbsp;<\/p>\n<p><span style=\"color: #ff99cc;\"><strong><u>Activitat 7, LLENGUA:<\/u><\/strong><\/span><\/p>\n<p>Per tal de fer una mica de cloenda de les activitats us proposem unes endevinalles, a veure si s\u00f3n capa\u00e7os d\u2019encertar-les!<\/p>\n<p><a href=\"https:\/\/agora.xtec.cat\/escola-agora\/wp-content\/uploads\/usu616\/2020\/05\/endevinalles-professions.jpg\"><img loading=\"lazy\" decoding=\"async\" class=\"wp-image-6301 aligncenter\" src=\"https:\/\/agora.xtec.cat\/escola-agora\/wp-content\/uploads\/usu616\/2020\/05\/endevinalles-professions.jpg\" alt=\"\" width=\"837\" height=\"592\" srcset=\"https:\/\/agora.xtec.cat\/escola-agora\/wp-content\/uploads\/usu616\/2020\/05\/endevinalles-professions.jpg 1121w, https:\/\/agora.xtec.cat\/escola-agora\/wp-content\/uploads\/usu616\/2020\/05\/endevinalles-professions-300x212.jpg 300w, https:\/\/agora.xtec.cat\/escola-agora\/wp-content\/uploads\/usu616\/2020\/05\/endevinalles-professions-768x543.jpg 768w, https:\/\/agora.xtec.cat\/escola-agora\/wp-content\/uploads\/usu616\/2020\/05\/endevinalles-professions-1024x724.jpg 1024w\" sizes=\"auto, (max-width: 837px) 100vw, 837px\" \/><\/a><\/p>\n<p><strong><u>RECORDATORI:<\/u><\/strong><\/p>\n<ul>\n<li>Totes les activitats proposades es poden realitzar amb materials que teniu a casa, no fa falta la seva impressi\u00f3. Es poden dibuixar, calcar, utilitzar la tauleta o m\u00f2bil com a taulell, imprimir, etc.<\/li>\n<li>Recordeu de penjar totes les propostes realitzades a la carpeta del DRIVE compartida, en el cas que us demanem una foto o un petit v\u00eddeo. Sempre posant el nom de l&#8217;infant.<\/li>\n<\/ul>\n<p>&nbsp;<\/p>\n<p style=\"text-align: center;\">Esperem que gaudiu molt de les activitats i apreneu moltes coses!:)<\/p>\n<p style=\"text-align: center;\">\u00c0nims fam\u00edlies i bateries! Us estimem!<\/p>\n<p style=\"text-align: center;\"><u>Alan i Laia.<\/u><\/p>\n<p>&nbsp;<\/p>\n<p>&nbsp;<\/p>\n","protected":false},"excerpt":{"rendered":"<p>&nbsp; Benvolgudes fam\u00edlies i bateries, com esteu? Esperem que ho estigueu portant el millor possible dins les possibilitats! \ud83d\ude42 Ens \u201ctrobem\u201d de nou com cada setmana amb una altre proposta d\u2019activitats per aquesta setmana, totes relacionades aquesta vegada amb els oficis. Desitgem que us agradin les activitats i que les gaudiu molt. Volem donar-vos les [&hellip;]<\/p>\n","protected":false},"author":1,"featured_media":6302,"comment_status":"open","ping_status":"closed","sticky":false,"template":"","format":"standard","meta":{"_bbp_topic_count":0,"_bbp_reply_count":0,"_bbp_total_topic_count":0,"_bbp_total_reply_count":0,"_bbp_voice_count":0,"_bbp_anonymous_reply_count":0,"_bbp_topic_count_hidden":0,"_bbp_reply_count_hidden":0,"_bbp_forum_subforum_count":0,"site-sidebar-layout":"default","site-content-layout":"","ast-site-content-layout":"","site-content-style":"default","site-sidebar-style":"default","ast-global-header-display":"","ast-banner-title-visibility":"","ast-main-header-display":"","ast-hfb-above-header-display":"","ast-hfb-below-header-display":"","ast-hfb-mobile-header-display":"","site-post-title":"","ast-breadcrumbs-content":"","ast-featured-img":"","footer-sml-layout":"","theme-transparent-header-meta":"","adv-header-id-meta":"","stick-header-meta":"","header-above-stick-meta":"","header-main-stick-meta":"","header-below-stick-meta":"","astra-migrate-meta-layouts":"default","ast-page-background-enabled":"default","ast-page-background-meta":{"desktop":{"background-color":"var(--ast-global-color-4)","background-image":"","background-repeat":"repeat","background-position":"center center","background-size":"auto","background-attachment":"scroll","background-type":"","background-media":"","overlay-type":"","overlay-color":"","overlay-opacity":"","overlay-gradient":""},"tablet":{"background-color":"","background-image":"","background-repeat":"repeat","background-position":"center center","background-size":"auto","background-attachment":"scroll","background-type":"","background-media":"","overlay-type":"","overlay-color":"","overlay-opacity":"","overlay-gradient":""},"mobile":{"background-color":"","background-image":"","background-repeat":"repeat","background-position":"center center","background-size":"auto","background-attachment":"scroll","background-type":"","background-media":"","overlay-type":"","overlay-color":"","overlay-opacity":"","overlay-gradient":""}},"ast-content-background-meta":{"desktop":{"background-color":"var(--ast-global-color-5)","background-image":"","background-repeat":"repeat","background-position":"center center","background-size":"auto","background-attachment":"scroll","background-type":"","background-media":"","overlay-type":"","overlay-color":"","overlay-opacity":"","overlay-gradient":""},"tablet":{"background-color":"var(--ast-global-color-5)","background-image":"","background-repeat":"repeat","background-position":"center center","background-size":"auto","background-attachment":"scroll","background-type":"","background-media":"","overlay-type":"","overlay-color":"","overlay-opacity":"","overlay-gradient":""},"mobile":{"background-color":"var(--ast-global-color-5)","background-image":"","background-repeat":"repeat","background-position":"center center","background-size":"auto","background-attachment":"scroll","background-type":"","background-media":"","overlay-type":"","overlay-color":"","overlay-opacity":"","overlay-gradient":""}},"footnotes":""},"categories":[3],"tags":[],"class_list":["post-6289","post","type-post","status-publish","format-standard","has-post-thumbnail","hentry","category-i3"],"post_mailing_queue_ids":[],"_links":{"self":[{"href":"https:\/\/agora.xtec.cat\/escola-agora\/wp-json\/wp\/v2\/posts\/6289","targetHints":{"allow":["GET"]}}],"collection":[{"href":"https:\/\/agora.xtec.cat\/escola-agora\/wp-json\/wp\/v2\/posts"}],"about":[{"href":"https:\/\/agora.xtec.cat\/escola-agora\/wp-json\/wp\/v2\/types\/post"}],"author":[{"embeddable":true,"href":"https:\/\/agora.xtec.cat\/escola-agora\/wp-json\/wp\/v2\/users\/1"}],"replies":[{"embeddable":true,"href":"https:\/\/agora.xtec.cat\/escola-agora\/wp-json\/wp\/v2\/comments?post=6289"}],"version-history":[{"count":3,"href":"https:\/\/agora.xtec.cat\/escola-agora\/wp-json\/wp\/v2\/posts\/6289\/revisions"}],"predecessor-version":[{"id":6305,"href":"https:\/\/agora.xtec.cat\/escola-agora\/wp-json\/wp\/v2\/posts\/6289\/revisions\/6305"}],"wp:featuredmedia":[{"embeddable":true,"href":"https:\/\/agora.xtec.cat\/escola-agora\/wp-json\/wp\/v2\/media\/6302"}],"wp:attachment":[{"href":"https:\/\/agora.xtec.cat\/escola-agora\/wp-json\/wp\/v2\/media?parent=6289"}],"wp:term":[{"taxonomy":"category","embeddable":true,"href":"https:\/\/agora.xtec.cat\/escola-agora\/wp-json\/wp\/v2\/categories?post=6289"},{"taxonomy":"post_tag","embeddable":true,"href":"https:\/\/agora.xtec.cat\/escola-agora\/wp-json\/wp\/v2\/tags?post=6289"}],"curies":[{"name":"wp","href":"https:\/\/api.w.org\/{rel}","templated":true}]}}