{"id":6202,"date":"2020-05-22T13:52:34","date_gmt":"2020-05-22T11:52:34","guid":{"rendered":"http:\/\/agora.xtec.cat\/escola-agora\/?p=6202"},"modified":"2020-05-29T12:26:37","modified_gmt":"2020-05-29T10:26:37","slug":"activitats-setmana-del-22-al-29-de-maig","status":"publish","type":"post","link":"https:\/\/agora.xtec.cat\/escola-agora\/ciclemitja\/4t\/activitats-setmana-del-22-al-29-de-maig\/","title":{"rendered":"Activitats setmana del 22 al 29 de maig"},"content":{"rendered":"<p><strong><span style=\"color: #993300;\">MATEM\u00c0TIQUES<\/span><\/strong><\/p>\n<p>Trobar\u00e0s la feina de matem\u00e0tiques fent clic <a href=\"https:\/\/agora.xtec.cat\/escola-agora\/wp-content\/uploads\/usu616\/2020\/05\/MATEM\u00c0TIQUES-6a-setmana-1.docx\">AQU\u00cd<\/a>.<\/p>\n<p>Un cop hagis fet la feina haur\u00e0s de pujar l&#8217;arxiu a la teva carpeta de feines de matem\u00e0tiques.<\/p>\n<hr \/>\n<p><b>ENGLISH<\/b><\/p>\n<p><span style=\"font-weight: 400;\">Per a veure les propostes d\u2019angl\u00e8s feu clic <\/span><a href=\"https:\/\/agora.xtec.cat\/escola-agora\/wp-content\/uploads\/usu616\/2020\/05\/ENGLISH-4TH-grade-Daily-routines.docx\"><span style=\"font-weight: 400;\">AQU\u00cd<\/span><\/a><\/p>\n<hr \/>\n<p><span style=\"color: #008000;\"><b>M\u00daSICA<\/b><\/span><\/p>\n<p><span style=\"font-weight: 400;\">Per a fer les propostes de m\u00fasica entreu <\/span><a href=\"https:\/\/agora.xtec.cat\/escola-agora\/wp-content\/uploads\/usu616\/2020\/05\/4t-activitats-6%C2%AA-setmana.pdf\"><span style=\"font-weight: 400;\">AQU\u00cd<\/span><\/a><\/p>\n<hr \/>\n<p><span style=\"color: #800080;\"><b>MEDI\u00a0<\/b><\/span><\/p>\n<p><span style=\"font-weight: 400;\">L\u2019activitat d\u2019aquesta setmana ens ajuda a descobrir els avantatges de consumir productes de proximitat.<\/span><\/p>\n<p><span style=\"font-weight: 400;\">1r. Visualitzar els 3 v\u00eddeos. Mira\u2019ls les vegades que necessitis per endrendre\u2019ls molt b\u00e9.<\/span><\/p>\n<p><span style=\"font-weight: 400;\">2n. Contestar el q\u00fcestionari google en format PDF. Es titula \u201cLa Marta i els seus enciams\u201d.<\/span><\/p>\n<p><span style=\"font-weight: 400;\">Quan el facis veur\u00e0s que hi ha preguntes que has de demanar la participaci\u00f3 del teu pare o de la teva mare.<\/span><\/p>\n<p><span style=\"font-weight: 400;\">Quan estigui el q\u00fcestionari fet no oblidis clicar a ENVIA.<\/span><\/p>\n<p>Per a fer la feina de medi fes clic <a href=\"https:\/\/agora.xtec.cat\/escola-agora\/wp-content\/uploads\/usu616\/2020\/05\/Activitat_Escola_\u00c0gora.pdf\">AQU\u00cd<\/a><\/p>\n<hr \/>\n<p><strong>CASTELL\u00c0<\/strong><\/p>\n<p>Teniu la feina de castell\u00e0 <a href=\"https:\/\/agora.xtec.cat\/escola-agora\/wp-content\/uploads\/usu616\/2020\/05\/CASTELL\u00c0-6a-setmana.docx\">AQU\u00cd<\/a><\/p>\n<hr \/>\n<p><span style=\"color: #808080;\"><b>EF\u00a0<\/b><\/span><\/p>\n<p><b>Com aneu de punteria? Aqu\u00ed us deixo l&#8217;enlla\u00e7:<\/b><\/p>\n<p><a href=\"https:\/\/view.genial.ly\/5ec1c3e74a81770d9df537ac\/vertical-infographic-treballem-la-punteria\"><span style=\"font-weight: 400;\">https:\/\/view.genial.ly\/5ec1c3e74a81770d9df537ac\/vertical-infographic-treballem-la-punteria<\/span><\/a><\/p>\n<p><span style=\"font-weight: 400;\">Pots practicar aquests o crear els teus propis jocs de punteria.<\/span><\/p>\n<p><b>Demana la supervisi\u00f3 d&#8217;un adult pel muntatge i l&#8217;execuci\u00f3, per tal d&#8217;evitar riscos!!<\/b><\/p>\n<p><b>Si vols, penja fotos o un petit v\u00eddeo realitzant les activitats de punteria que m\u00e9s t\u2019hagin agradat.<\/b><\/p>\n<p><span style=\"font-weight: 400;\">Ah!! I no t\u2019oblidis de portar la <\/span><b>roba i el cal\u00e7at<\/b><span style=\"font-weight: 400;\"> adequat per fer-la i treballar els <\/span><b>h\u00e0bits higi\u00e8nics<\/b><span style=\"font-weight: 400;\"> despr\u00e9s de cada pr\u00e0ctica.<\/span><\/p>\n<p><span style=\"font-weight: 400;\">Endavant!!<\/span><\/p>\n<hr \/>\n<p><span style=\"color: #008080;\"><b>PL\u00c0STICA\u00a0<\/b><\/span><\/p>\n<p><span style=\"font-weight: 400;\">Et proposo que miris per la finestra o el balc\u00f3 de casa per representar pl\u00e0sticament el qu\u00e8 veus.\u00a0<\/span><\/p>\n<p><span style=\"font-weight: 400;\">Pots triar la t\u00e8cnica que vulguis:<\/span><\/p>\n<p><span style=\"font-weight: 400;\">-Dibuix fet en detall i ben pintat amb colors, retoladors, ceres, aquarel\u00b7les o pintura.<\/span><\/p>\n<p><span style=\"font-weight: 400;\">-Col\u00b7lage<\/span><\/p>\n<p><span style=\"font-weight: 400;\">-En volum utilitzant material de rebuig, fang, plastilina&#8230;<\/span><\/p>\n<p><span style=\"font-weight: 400;\">1r. Observa detingudament: Com \u00e9s el carrer? Qu\u00e8 hi ha? Com s\u00f3n els edificis? Hi ha gent? Hi veus vehicles? Hi ha arbres?<\/span><\/p>\n<p><span style=\"font-weight: 400;\">2n. Tria la t\u00e8cnica que far\u00e0s servir.<\/span><\/p>\n<p><span style=\"font-weight: 400;\">3r. Prepara el material que necessitar\u00e0s.<\/span><\/p>\n<p><span style=\"font-weight: 400;\">4t. Fes-la feina.<\/span><\/p>\n<p><span style=\"font-weight: 400;\">5\u00e8. No la donis per acabada fins que no n\u2019estiguis totalment satisfet o satisfeta de com ha quedat.<\/span><\/p>\n<p><span style=\"font-weight: 400;\">6\u00e8. Fes una foto i la penges al drive.\u00a0 A la teva carpeta personal de pl\u00e0stica. <\/span><\/p>\n<hr \/>\n<p><span style=\"color: #3366ff;\"><b>TUTORIA I VALORS 6a SETMANA<\/b><\/span><\/p>\n<p><span style=\"font-weight: 400;\">Et recordo que aquesta setmana no hi ha feina de llengua perqu\u00e8 la de la setmana passada tenies quinze dies per poder-la fer.<\/span><\/p>\n<p><b>ACTIVITAT 1:<\/b><\/p>\n<p><span style=\"font-weight: 400;\">Fes la meditaci\u00f3 titulada: Jo puc. La pots escoltar <a href=\"https:\/\/drive.google.com\/file\/d\/1A01SX9KdqXHealAStLVlezjAupZcL4rg\/view?usp=sharing\">AQU\u00cd.<\/a><\/span><\/p>\n<p><b>ACTIVITAT 2:<\/b><\/p>\n<p><span style=\"font-weight: 400;\">Ja tens 6 meditacions diferents per anar fent. Va molt b\u00e9 que cada dia en facis. Pots escoltar-les fent clic <a href=\"http:\/\/agora.xtec.cat\/escola-agora\/meditacions\/\">AQU\u00cd<\/a><\/span><\/p>\n<p><span style=\"font-weight: 400;\">La meditaci\u00f3 ens ajuda a estar b\u00e9 amb nosaltres mateixos. Ens permet sentir la pau interior i fer fora mals pensaments.<\/span><\/p>\n<p><span style=\"font-weight: 400;\">Et convido que tri\u00efs cada dia la que et ve m\u00e9s de gust fer.<\/span><\/p>\n<p><b>ACTIVITAT 3:<\/b><\/p>\n<p><span style=\"font-weight: 400;\">a)Escolta atentament el conte \u201cEl gran libro de los superpoderes\u201d.<\/span><\/p>\n<div class=\"ast-oembed-container \" style=\"height: 100%;\"><iframe loading=\"lazy\" title=\"EL GRAN LIBRO DE LOS SUPERPODERES (FRAGMENTO)\" width=\"500\" height=\"281\" src=\"https:\/\/www.youtube.com\/embed\/9xz_V6fuS14?feature=oembed\" frameborder=\"0\" allow=\"accelerometer; autoplay; clipboard-write; encrypted-media; gyroscope; picture-in-picture; web-share\" referrerpolicy=\"strict-origin-when-cross-origin\" allowfullscreen><\/iframe><\/div>\n<p><span style=\"font-weight: 400;\">En aquesta ocasi\u00f3 no l\u2019he gravat jo.\u00a0<\/span><\/p>\n<ol>\n<li><span style=\"font-weight: 400;\">b) Escriu en un full 5 talents que tu tens. Si \u00e9s necessari demanes ajut a la fam\u00edlia o amics. Ho has de fer escrivint un text d\u2019unes 10 l\u00ednies.<\/span><\/li>\n<\/ol>\n<p><span style=\"font-weight: 400;\">Per fer-lo has de seguir els passos de sempre: PENSAR, ESCRIURE, REVISAR I CORREGIR.<\/span><\/p>\n<p><span style=\"font-weight: 400;\">Ho has de fer en un word en el que hi posar\u00e0s per t\u00edtol:<\/span><\/p>\n<p><strong>ELS MEUS SUPERPODERS<\/strong><\/p>\n<ol>\n<li><span style=\"font-weight: 400;\">c) Com que el conte \u00e9s en castell\u00e0 pots triar la llengua que vulguis per escriure: catal\u00e0 o castell\u00e0. Si el vols fer en angl\u00e8s li passar\u00e9 a la M\u00f2nica perqu\u00e8 ja saps que no te\u2019l podr\u00e9 corregir jo.<\/span><\/li>\n<\/ol>\n","protected":false},"excerpt":{"rendered":"<p>MATEM\u00c0TIQUES Trobar\u00e0s la feina de matem\u00e0tiques fent clic AQU\u00cd. Un cop hagis fet la feina haur\u00e0s de pujar l&#8217;arxiu a la teva carpeta de feines de matem\u00e0tiques. ENGLISH Per a veure les propostes d\u2019angl\u00e8s feu clic AQU\u00cd M\u00daSICA Per a fer les propostes de m\u00fasica entreu AQU\u00cd MEDI\u00a0 L\u2019activitat d\u2019aquesta setmana ens ajuda a descobrir [&hellip;]<\/p>\n","protected":false},"author":1,"featured_media":0,"comment_status":"open","ping_status":"closed","sticky":false,"template":"","format":"standard","meta":{"_bbp_topic_count":0,"_bbp_reply_count":0,"_bbp_total_topic_count":0,"_bbp_total_reply_count":0,"_bbp_voice_count":0,"_bbp_anonymous_reply_count":0,"_bbp_topic_count_hidden":0,"_bbp_reply_count_hidden":0,"_bbp_forum_subforum_count":0,"site-sidebar-layout":"default","site-content-layout":"","ast-site-content-layout":"","site-content-style":"default","site-sidebar-style":"default","ast-global-header-display":"","ast-banner-title-visibility":"","ast-main-header-display":"","ast-hfb-above-header-display":"","ast-hfb-below-header-display":"","ast-hfb-mobile-header-display":"","site-post-title":"","ast-breadcrumbs-content":"","ast-featured-img":"","footer-sml-layout":"","theme-transparent-header-meta":"","adv-header-id-meta":"","stick-header-meta":"","header-above-stick-meta":"","header-main-stick-meta":"","header-below-stick-meta":"","astra-migrate-meta-layouts":"default","ast-page-background-enabled":"default","ast-page-background-meta":{"desktop":{"background-color":"var(--ast-global-color-4)","background-image":"","background-repeat":"repeat","background-position":"center center","background-size":"auto","background-attachment":"scroll","background-type":"","background-media":"","overlay-type":"","overlay-color":"","overlay-opacity":"","overlay-gradient":""},"tablet":{"background-color":"","background-image":"","background-repeat":"repeat","background-position":"center center","background-size":"auto","background-attachment":"scroll","background-type":"","background-media":"","overlay-type":"","overlay-color":"","overlay-opacity":"","overlay-gradient":""},"mobile":{"background-color":"","background-image":"","background-repeat":"repeat","background-position":"center center","background-size":"auto","background-attachment":"scroll","background-type":"","background-media":"","overlay-type":"","overlay-color":"","overlay-opacity":"","overlay-gradient":""}},"ast-content-background-meta":{"desktop":{"background-color":"var(--ast-global-color-5)","background-image":"","background-repeat":"repeat","background-position":"center center","background-size":"auto","background-attachment":"scroll","background-type":"","background-media":"","overlay-type":"","overlay-color":"","overlay-opacity":"","overlay-gradient":""},"tablet":{"background-color":"var(--ast-global-color-5)","background-image":"","background-repeat":"repeat","background-position":"center center","background-size":"auto","background-attachment":"scroll","background-type":"","background-media":"","overlay-type":"","overlay-color":"","overlay-opacity":"","overlay-gradient":""},"mobile":{"background-color":"var(--ast-global-color-5)","background-image":"","background-repeat":"repeat","background-position":"center center","background-size":"auto","background-attachment":"scroll","background-type":"","background-media":"","overlay-type":"","overlay-color":"","overlay-opacity":"","overlay-gradient":""}},"footnotes":""},"categories":[13],"tags":[],"class_list":["post-6202","post","type-post","status-publish","format-standard","hentry","category-4t"],"post_mailing_queue_ids":[],"_links":{"self":[{"href":"https:\/\/agora.xtec.cat\/escola-agora\/wp-json\/wp\/v2\/posts\/6202","targetHints":{"allow":["GET"]}}],"collection":[{"href":"https:\/\/agora.xtec.cat\/escola-agora\/wp-json\/wp\/v2\/posts"}],"about":[{"href":"https:\/\/agora.xtec.cat\/escola-agora\/wp-json\/wp\/v2\/types\/post"}],"author":[{"embeddable":true,"href":"https:\/\/agora.xtec.cat\/escola-agora\/wp-json\/wp\/v2\/users\/1"}],"replies":[{"embeddable":true,"href":"https:\/\/agora.xtec.cat\/escola-agora\/wp-json\/wp\/v2\/comments?post=6202"}],"version-history":[{"count":3,"href":"https:\/\/agora.xtec.cat\/escola-agora\/wp-json\/wp\/v2\/posts\/6202\/revisions"}],"predecessor-version":[{"id":6231,"href":"https:\/\/agora.xtec.cat\/escola-agora\/wp-json\/wp\/v2\/posts\/6202\/revisions\/6231"}],"wp:attachment":[{"href":"https:\/\/agora.xtec.cat\/escola-agora\/wp-json\/wp\/v2\/media?parent=6202"}],"wp:term":[{"taxonomy":"category","embeddable":true,"href":"https:\/\/agora.xtec.cat\/escola-agora\/wp-json\/wp\/v2\/categories?post=6202"},{"taxonomy":"post_tag","embeddable":true,"href":"https:\/\/agora.xtec.cat\/escola-agora\/wp-json\/wp\/v2\/tags?post=6202"}],"curies":[{"name":"wp","href":"https:\/\/api.w.org\/{rel}","templated":true}]}}