{"id":6083,"date":"2020-05-21T18:33:12","date_gmt":"2020-05-21T16:33:12","guid":{"rendered":"http:\/\/agora.xtec.cat\/escola-agora\/?p=6083"},"modified":"2020-05-22T13:33:17","modified_gmt":"2020-05-22T11:33:17","slug":"proposta-dactivitats-setmana-del-22-al-29-de-maig","status":"publish","type":"post","link":"https:\/\/agora.xtec.cat\/escola-agora\/eduacioinfantil\/i3\/proposta-dactivitats-setmana-del-22-al-29-de-maig\/","title":{"rendered":"Proposta d\u2019activitats setmana del 22 al 29 de Maig:"},"content":{"rendered":"<p>&nbsp;<\/p>\n<p>Benvolgudes fam\u00edlies i bateries,<\/p>\n<p>Com va? Com esteu portant aquests dies de confinament? Esperem de tot cor que ho estigueu portant el millor possible!<br \/>\nMica en mica anirem tornant a la normalitat, ja sabeu, despr\u00e9s de la pluja sempre surt el sol! \ud83d\ude42<br \/>\n\u00c0nims campions, estem molt contents de com ho esteu portant, sabem que no \u00e9s f\u00e0cil per\u00f2 volem dir-vos que ho esteu fent genial, felicitats!! \ud83d\ude42<\/p>\n<p>De nou us presentem i us oferim tot un seguit d\u2019activitats que treballen diferents aspectes a partir d\u2019un conte molt bonic i especial: <span style=\"color: #ff9900;\"><strong><u>en Tabalet<\/u><\/strong>!<\/span> Esperem que gaudiu molt d\u2019aquest conte que us oferim amb una de les nostres creacions audiovisuals, per tal de poder apropar-nos una miqueta m\u00e9s a vosaltres, ens sobren ganes de poder estar de nou tots junts! Mentre esperem&#8230;pensem que aquesta \u00e9s la millor idea per a poder tornar a \u201cestar junts\u201d uns moments&#8230;<\/p>\n<p>Esperem que gaudiu molt d\u2019aquest conte i de les activitats que us proposem, \u00e0nims bateries i fam\u00edlies! \ud83d\ude42<\/p>\n<p>&nbsp;<\/p>\n<p><span style=\"color: #00ff00;\"><strong><u>Activitat 1, LLENGUA:<\/u><\/strong><\/span><\/p>\n<p>Comen\u00e7arem amb la visualitzaci\u00f3 d\u2019aquest conte, en Tabalet, una hist\u00f2ria d\u2019un conillet al que li passen tot un seguit de coses&#8230; Voleu saber qu\u00e8 s\u00f3n? Doncs animeu-vos a veure\u2019l, es posar\u00e0 molt content de saber que voleu saber la seva hist\u00f2ria! \ud83d\ude42<\/p>\n<p>En acabar de veure\u2019l, feu una mica de conversa amb els infants per saber si els hi ha agradat el conte, qu\u00e8 \u00e9s el que m\u00e9s els hi ha agradat, quin \u00e9s el personatge que m\u00e9s els hi agrada, etc.<\/p>\n<p>Es recorden els personatges del conte: El conill, la granota, el ratol\u00ed, l\u2019ocell, la serp, etc., i se\u2019ls hi demana que facin una petita descripci\u00f3 de cada un d\u2019ells.<\/p>\n<p>Els hi podeu demanar que us expliquin el conte amb les seves paraules, treballant una mica el que \u00e9s l\u2019inici, el nus i el desenlla\u00e7 de la hist\u00f2ria.<\/p>\n<p>Per acabar, se\u2019ls hi pregunta als infants quines sensacions o sentiments (por, seguretat, felicitat, etc.) creuen que acompanyen a en Tabalet durant el transcurs del conte.<\/p>\n<p>&nbsp;<\/p>\n<p><a href=\"https:\/\/youtu.be\/5TRj0b4xCUA\"><img loading=\"lazy\" decoding=\"async\" class=\" wp-image-6085 aligncenter\" src=\"https:\/\/agora.xtec.cat\/escola-agora\/wp-content\/uploads\/usu616\/2020\/05\/video-tabalet-activitat-1-300x126.jpg\" alt=\"\" width=\"557\" height=\"234\" srcset=\"https:\/\/agora.xtec.cat\/escola-agora\/wp-content\/uploads\/usu616\/2020\/05\/video-tabalet-activitat-1-300x126.jpg 300w, https:\/\/agora.xtec.cat\/escola-agora\/wp-content\/uploads\/usu616\/2020\/05\/video-tabalet-activitat-1-768x324.jpg 768w, https:\/\/agora.xtec.cat\/escola-agora\/wp-content\/uploads\/usu616\/2020\/05\/video-tabalet-activitat-1-1024x432.jpg 1024w, https:\/\/agora.xtec.cat\/escola-agora\/wp-content\/uploads\/usu616\/2020\/05\/video-tabalet-activitat-1.jpg 1895w\" sizes=\"auto, (max-width: 557px) 100vw, 557px\" \/><\/a><\/p>\n<p style=\"text-align: center;\">Cliqueu sobre la imatge per poder accedir al conte.<\/p>\n<p><span style=\"color: #ffcc00;\"><strong><u>Activitat 2, PL\u00c0STICA:<\/u><\/strong><\/span><\/p>\n<p>En Tabalet i la Maria Cua Curta s\u00f3n els dos conillets que apareixen al conte d\u2019en Tabalet.<\/p>\n<p>Amb alguns materials que podeu trobar f\u00e0cilment a casa podeu fer-vos un nas amb bigotis i dentetes ben divertit i aix\u00ed poder-vos disfressar d\u2019en Tabalet, la Maria Cua Curta o del conillet que vulgueu!<\/p>\n<p>Per tal de fer aquesta manualitat necessitareu una ouera, paper\/cartolina blanca, 3 espaguetis, pintura o cera negra, plastilina, cola, goma el\u00e0stica i alguna cosa per a fer el nas, com ara un bot\u00f3, un pomp\u00f3, una boleta de paper, etc.<\/p>\n<p>Esperem que us ho passeu molt b\u00e9 fent-la i que la gaudiu molt jugant amb ella! \ud83d\ude42<\/p>\n<p><a href=\"https:\/\/youtu.be\/1LeCGfiv5CE\"><img loading=\"lazy\" decoding=\"async\" class=\"size-medium wp-image-6090 aligncenter\" src=\"https:\/\/agora.xtec.cat\/escola-agora\/wp-content\/uploads\/usu616\/2020\/05\/mascara-tabalet-300x198.jpg\" alt=\"\" width=\"300\" height=\"198\" srcset=\"https:\/\/agora.xtec.cat\/escola-agora\/wp-content\/uploads\/usu616\/2020\/05\/mascara-tabalet-300x198.jpg 300w, https:\/\/agora.xtec.cat\/escola-agora\/wp-content\/uploads\/usu616\/2020\/05\/mascara-tabalet.jpg 564w\" sizes=\"auto, (max-width: 300px) 100vw, 300px\" \/><\/a><a href=\"https:\/\/agora.xtec.cat\/escola-agora\/wp-content\/uploads\/usu616\/2020\/05\/conillet.jpg\"><br \/>\n<img loading=\"lazy\" decoding=\"async\" class=\"size-medium wp-image-6088 alignright\" src=\"https:\/\/agora.xtec.cat\/escola-agora\/wp-content\/uploads\/usu616\/2020\/05\/conillet.jpg\" alt=\"\" width=\"183\" height=\"145\" \/><\/a><\/p>\n<p><a href=\"https:\/\/agora.xtec.cat\/escola-agora\/wp-content\/uploads\/usu616\/2020\/05\/llebre.jpg\"><img loading=\"lazy\" decoding=\"async\" class=\"alignleft wp-image-6089\" src=\"https:\/\/agora.xtec.cat\/escola-agora\/wp-content\/uploads\/usu616\/2020\/05\/llebre.jpg\" alt=\"\" width=\"113\" height=\"164\" \/><\/a><\/p>\n<p>&nbsp;<\/p>\n<p style=\"text-align: center;\">Cliqueu sobre la imatge central per accedir al v\u00eddeo que us explica com podeu fer-la.<\/p>\n<p>&nbsp;<\/p>\n<p>&nbsp;<\/p>\n<p>&nbsp;<\/p>\n<p>&nbsp;<\/p>\n<p><span style=\"color: #00ffff;\"><strong><u>Activitat 3, MATEM\u00c0TIQUES:<\/u><\/strong><\/span><\/p>\n<p>Us proposem aquest Jclic basat en el conte d\u2019en Tabalet. Treballa aspectes tant matem\u00e0tics com de llengua. Algunes de les activitats estan destinades per a infants d\u2019altres cursos, com ara P4 o P5, per\u00f2 moltes altres les poden realitzar els infants de P3.<\/p>\n<p><a href=\"https:\/\/clic.xtec.cat\/projects\/tabalet\/jclic.js\/index.html\"><img loading=\"lazy\" decoding=\"async\" class=\" wp-image-6093 aligncenter\" src=\"https:\/\/agora.xtec.cat\/escola-agora\/wp-content\/uploads\/usu616\/2020\/05\/jclick-tabalet-300x138.jpg\" alt=\"\" width=\"404\" height=\"186\" srcset=\"https:\/\/agora.xtec.cat\/escola-agora\/wp-content\/uploads\/usu616\/2020\/05\/jclick-tabalet-300x138.jpg 300w, https:\/\/agora.xtec.cat\/escola-agora\/wp-content\/uploads\/usu616\/2020\/05\/jclick-tabalet.jpg 566w\" sizes=\"auto, (max-width: 404px) 100vw, 404px\" \/><\/a><\/p>\n<p style=\"text-align: center;\">Cliqueu sobre la imatge per a poder accedir al Jclic.<\/p>\n<p>&nbsp;<\/p>\n<p><span style=\"color: #cc99ff;\"><strong><u>Activitat 6, GRAFOMOTRICITAT:<\/u><\/strong><\/span><\/p>\n<p>En aquesta activitat els infants poden treballar l\u2019aspecte de la grafomotricitat (en tra\u00e7 horitzontal), dibuixant els possibles camins que fa la Maria Cua Curta cada vegada que surt a buscar pastanagues.<\/p>\n<p>Per tal de poder fer aquesta \u00a0activitat podeu o b\u00e9 imprimir la plantilla, o calcar-la o dibuixar-los-hi semblant amb llapis fluixet o subratllador per tal que ells ressegueixin els diferents camins.<\/p>\n<p><strong><u>Trobareu la plantilla penjada a la carpeta compartida del drive (ACTIVITAT 6 GRAFOMOTRICITAT)\u00a0 i\/o adjunta al bloc de l\u2019escola.<\/u><\/strong><\/p>\n<p><a href=\"https:\/\/agora.xtec.cat\/escola-agora\/wp-content\/uploads\/usu616\/2020\/05\/dibuix-grafisme-tabalet.jpg\"><img loading=\"lazy\" decoding=\"async\" class=\" wp-image-6097 aligncenter\" src=\"https:\/\/agora.xtec.cat\/escola-agora\/wp-content\/uploads\/usu616\/2020\/05\/dibuix-grafisme-tabalet-300x182.jpg\" alt=\"\" width=\"363\" height=\"220\" srcset=\"https:\/\/agora.xtec.cat\/escola-agora\/wp-content\/uploads\/usu616\/2020\/05\/dibuix-grafisme-tabalet-300x182.jpg 300w, https:\/\/agora.xtec.cat\/escola-agora\/wp-content\/uploads\/usu616\/2020\/05\/dibuix-grafisme-tabalet-768x466.jpg 768w, https:\/\/agora.xtec.cat\/escola-agora\/wp-content\/uploads\/usu616\/2020\/05\/dibuix-grafisme-tabalet-1024x622.jpg 1024w, https:\/\/agora.xtec.cat\/escola-agora\/wp-content\/uploads\/usu616\/2020\/05\/dibuix-grafisme-tabalet.jpg 1084w\" sizes=\"auto, (max-width: 363px) 100vw, 363px\" \/><\/a><\/p>\n<p><strong><u>Aquesta activitat \u00e9s una de les feines que us demanem el retorn. Caldr\u00e0 que feu una foto de la tasca realitzada pels infants. Recordeu que \u00e9s important que escriguin el seu nom, ja sigui repassant-lo o fent-ho per si sols si poden.<\/u> <\/strong>Quan hagueu acabat de fer-ho, <strong><u>entreu a la carpeta compartida del drive de la setmana corresponent i deseu la feina.<\/u><\/strong><\/p>\n<p>&nbsp;<\/p>\n<p><span style=\"color: #ff00ff;\"><strong><u>Activitat 5, PL\u00c0STICA:<\/u><\/strong><\/span><\/p>\n<p>En aquesta activitat els infants poden pintar els personatges que apareixen al conte. Podeu assenyalar-los un per un i preguntar als infants quins animals s\u00f3n. Un cop pintats, podeu ajudar-los-hi a retallar-los i que despr\u00e9s enganxin amb celo i una canyeta per darrera per a fer-se uns titelles del conte.<\/p>\n<p><a href=\"https:\/\/agora.xtec.cat\/escola-agora\/wp-content\/uploads\/usu616\/2020\/05\/ACTIVITAT-5-PERSONATGES-TABALET.jpg\"><img loading=\"lazy\" decoding=\"async\" class=\" wp-image-6099 aligncenter\" src=\"https:\/\/agora.xtec.cat\/escola-agora\/wp-content\/uploads\/usu616\/2020\/05\/ACTIVITAT-5-PERSONATGES-TABALET-300x212.jpg\" alt=\"\" width=\"371\" height=\"262\" srcset=\"https:\/\/agora.xtec.cat\/escola-agora\/wp-content\/uploads\/usu616\/2020\/05\/ACTIVITAT-5-PERSONATGES-TABALET-300x212.jpg 300w, https:\/\/agora.xtec.cat\/escola-agora\/wp-content\/uploads\/usu616\/2020\/05\/ACTIVITAT-5-PERSONATGES-TABALET-768x543.jpg 768w, https:\/\/agora.xtec.cat\/escola-agora\/wp-content\/uploads\/usu616\/2020\/05\/ACTIVITAT-5-PERSONATGES-TABALET-1024x724.jpg 1024w, https:\/\/agora.xtec.cat\/escola-agora\/wp-content\/uploads\/usu616\/2020\/05\/ACTIVITAT-5-PERSONATGES-TABALET.jpg 2000w\" sizes=\"auto, (max-width: 371px) 100vw, 371px\" \/><\/a><\/p>\n<p><strong><u>Podeu calcar o dibuixar els personatges o imprimir el dibuix. El document el teniu adjunt al bloc i\/o penjat a la carpeta compartida del drive (ACTIVITAT 5 PERSONATGES TABALET)<\/u><\/strong><\/p>\n<p>&nbsp;<\/p>\n<p><span style=\"color: #3366ff;\"><strong><u>Activitat 6, M\u00daSICA:<\/u><\/strong><\/span><\/p>\n<p>Per acabar, us proposem aquesta can\u00e7\u00f3 tant divertida que explica una mica com \u00e9s el dia a dia de la Marieta Cua Curta. Podeu inventar-vos un ball, disfressar-vos, preparar un escenari, pintar-vos, fer servir les vostres mascaretes i fins i tot els titelles.<\/p>\n<p>Esperem que la gaudiu molt! \ud83d\ude42<\/p>\n<p style=\"text-align: center;\">Cliqueu la imatge per accedir al v\u00eddeo de la can\u00e7\u00f3:<\/p>\n<p><a href=\"https:\/\/www.youtube.com\/watch?v=SvnzyIKqAeA%20que\"><img loading=\"lazy\" decoding=\"async\" class=\"size-medium wp-image-6100 aligncenter\" src=\"https:\/\/agora.xtec.cat\/escola-agora\/wp-content\/uploads\/usu616\/2020\/05\/imatge-conte-300x224.jpg\" alt=\"\" width=\"300\" height=\"224\" srcset=\"https:\/\/agora.xtec.cat\/escola-agora\/wp-content\/uploads\/usu616\/2020\/05\/imatge-conte-300x224.jpg 300w, https:\/\/agora.xtec.cat\/escola-agora\/wp-content\/uploads\/usu616\/2020\/05\/imatge-conte-200x150.jpg 200w, https:\/\/agora.xtec.cat\/escola-agora\/wp-content\/uploads\/usu616\/2020\/05\/imatge-conte.jpg 630w\" sizes=\"auto, (max-width: 300px) 100vw, 300px\" \/><\/a><\/p>\n<p><span style=\"color: #ff6600;\"><strong><u>Activitat 7, PSICOMOTRICITAT:<\/u><\/strong><\/span><\/p>\n<p><a href=\"https:\/\/view.genial.ly\/5ec77fa031834c0d95f473f6\/vertical-infographic-saltar-saltar-saltar\">Salta, salta, salta&#8230;salta, salta sin parar!!!!!!!<\/a><\/p>\n<p>&nbsp;<\/p>\n<p><strong><u>RECORDATORI:<\/u><\/strong><\/p>\n<ul>\n<li>Totes les activitats proposades es poden realitzar amb materials que teniu a casa, no fa falta la seva impressi\u00f3. Es poden dibuixar, calcar, utilitzar la tauleta o m\u00f2bil com a taulell, imprimir, etc.<\/li>\n<li>Recordeu de penjar totes les propostes realitzades a la carpeta del DRIVE compartida, en el cas que us demanem una foto o un petit v\u00eddeo. Sempre posant el nom de l&#8217;infant.<\/li>\n<\/ul>\n<p>&nbsp;<\/p>\n<p>Doncs res m\u00e9s a dir, \u00e0nims a tots i molta for\u00e7a! \ud83d\ude42<\/p>\n<p>Esperem els vostres retorns amb molta il\u00b7lusi\u00f3, ens encanta veure que b\u00e9 feu les feines i com esteu aprenent i creixent!<\/p>\n<p>Molts petons i una forta abra\u00e7ada!!<\/p>\n<p>&nbsp;<\/p>\n<p>&nbsp;<\/p>\n<p><u>Alan i Laia.<\/u><\/p>\n<p>&nbsp;<\/p>\n","protected":false},"excerpt":{"rendered":"<p>&nbsp; Benvolgudes fam\u00edlies i bateries, Com va? Com esteu portant aquests dies de confinament? Esperem de tot cor que ho estigueu portant el millor possible! Mica en mica anirem tornant a la normalitat, ja sabeu, despr\u00e9s de la pluja sempre surt el sol! \ud83d\ude42 \u00c0nims campions, estem molt contents de com ho esteu portant, sabem [&hellip;]<\/p>\n","protected":false},"author":1,"featured_media":6084,"comment_status":"open","ping_status":"closed","sticky":false,"template":"","format":"standard","meta":{"_bbp_topic_count":0,"_bbp_reply_count":0,"_bbp_total_topic_count":0,"_bbp_total_reply_count":0,"_bbp_voice_count":0,"_bbp_anonymous_reply_count":0,"_bbp_topic_count_hidden":0,"_bbp_reply_count_hidden":0,"_bbp_forum_subforum_count":0,"site-sidebar-layout":"default","site-content-layout":"","ast-site-content-layout":"","site-content-style":"default","site-sidebar-style":"default","ast-global-header-display":"","ast-banner-title-visibility":"","ast-main-header-display":"","ast-hfb-above-header-display":"","ast-hfb-below-header-display":"","ast-hfb-mobile-header-display":"","site-post-title":"","ast-breadcrumbs-content":"","ast-featured-img":"","footer-sml-layout":"","theme-transparent-header-meta":"","adv-header-id-meta":"","stick-header-meta":"","header-above-stick-meta":"","header-main-stick-meta":"","header-below-stick-meta":"","astra-migrate-meta-layouts":"default","ast-page-background-enabled":"default","ast-page-background-meta":{"desktop":{"background-color":"var(--ast-global-color-4)","background-image":"","background-repeat":"repeat","background-position":"center center","background-size":"auto","background-attachment":"scroll","background-type":"","background-media":"","overlay-type":"","overlay-color":"","overlay-opacity":"","overlay-gradient":""},"tablet":{"background-color":"","background-image":"","background-repeat":"repeat","background-position":"center center","background-size":"auto","background-attachment":"scroll","background-type":"","background-media":"","overlay-type":"","overlay-color":"","overlay-opacity":"","overlay-gradient":""},"mobile":{"background-color":"","background-image":"","background-repeat":"repeat","background-position":"center center","background-size":"auto","background-attachment":"scroll","background-type":"","background-media":"","overlay-type":"","overlay-color":"","overlay-opacity":"","overlay-gradient":""}},"ast-content-background-meta":{"desktop":{"background-color":"var(--ast-global-color-5)","background-image":"","background-repeat":"repeat","background-position":"center center","background-size":"auto","background-attachment":"scroll","background-type":"","background-media":"","overlay-type":"","overlay-color":"","overlay-opacity":"","overlay-gradient":""},"tablet":{"background-color":"var(--ast-global-color-5)","background-image":"","background-repeat":"repeat","background-position":"center center","background-size":"auto","background-attachment":"scroll","background-type":"","background-media":"","overlay-type":"","overlay-color":"","overlay-opacity":"","overlay-gradient":""},"mobile":{"background-color":"var(--ast-global-color-5)","background-image":"","background-repeat":"repeat","background-position":"center center","background-size":"auto","background-attachment":"scroll","background-type":"","background-media":"","overlay-type":"","overlay-color":"","overlay-opacity":"","overlay-gradient":""}},"footnotes":""},"categories":[3],"tags":[],"class_list":["post-6083","post","type-post","status-publish","format-standard","has-post-thumbnail","hentry","category-i3"],"post_mailing_queue_ids":[],"_links":{"self":[{"href":"https:\/\/agora.xtec.cat\/escola-agora\/wp-json\/wp\/v2\/posts\/6083","targetHints":{"allow":["GET"]}}],"collection":[{"href":"https:\/\/agora.xtec.cat\/escola-agora\/wp-json\/wp\/v2\/posts"}],"about":[{"href":"https:\/\/agora.xtec.cat\/escola-agora\/wp-json\/wp\/v2\/types\/post"}],"author":[{"embeddable":true,"href":"https:\/\/agora.xtec.cat\/escola-agora\/wp-json\/wp\/v2\/users\/1"}],"replies":[{"embeddable":true,"href":"https:\/\/agora.xtec.cat\/escola-agora\/wp-json\/wp\/v2\/comments?post=6083"}],"version-history":[{"count":3,"href":"https:\/\/agora.xtec.cat\/escola-agora\/wp-json\/wp\/v2\/posts\/6083\/revisions"}],"predecessor-version":[{"id":6204,"href":"https:\/\/agora.xtec.cat\/escola-agora\/wp-json\/wp\/v2\/posts\/6083\/revisions\/6204"}],"wp:featuredmedia":[{"embeddable":true,"href":"https:\/\/agora.xtec.cat\/escola-agora\/wp-json\/wp\/v2\/media\/6084"}],"wp:attachment":[{"href":"https:\/\/agora.xtec.cat\/escola-agora\/wp-json\/wp\/v2\/media?parent=6083"}],"wp:term":[{"taxonomy":"category","embeddable":true,"href":"https:\/\/agora.xtec.cat\/escola-agora\/wp-json\/wp\/v2\/categories?post=6083"},{"taxonomy":"post_tag","embeddable":true,"href":"https:\/\/agora.xtec.cat\/escola-agora\/wp-json\/wp\/v2\/tags?post=6083"}],"curies":[{"name":"wp","href":"https:\/\/api.w.org\/{rel}","templated":true}]}}