{"id":6076,"date":"2020-05-21T18:50:07","date_gmt":"2020-05-21T16:50:07","guid":{"rendered":"http:\/\/agora.xtec.cat\/escola-agora\/?p=6076"},"modified":"2020-05-22T19:30:23","modified_gmt":"2020-05-22T17:30:23","slug":"propostes-setmana-del-22-al-29-de-maig","status":"publish","type":"post","link":"https:\/\/agora.xtec.cat\/escola-agora\/eduacioinfantil\/i5\/propostes-setmana-del-22-al-29-de-maig\/","title":{"rendered":"Propostes. Setmana del 22 al 29 de maig."},"content":{"rendered":"<p>Benvolgudes fam\u00edlies,<\/p>\n<p>aquesta setmana el fil conductor seran els <span style=\"color: #00ff00;\">insectes<\/span>, esperem que gaudiu molt realitzant les diferents propostes.<\/p>\n<p><strong>Fem de periodistes<\/strong><\/p>\n<ul>\n<li style=\"list-style-type: none;\">\n<ul style=\"list-style-type: disc;\">\n<li>Mirem un documental<\/li>\n<\/ul>\n<\/li>\n<\/ul>\n<p style=\"padding-left: 40px;\">Per tal de comen\u00e7ar a con\u00e8ixer els insectes, els infants hauran de mirar un petit <a href=\"https:\/\/www.youtube.com\/watch?v=3tXZZTy_ncE\">documental.<\/a><a href=\"https:\/\/www.youtube.com\/watch?v=3tXZZTy_ncE\"><img loading=\"lazy\" decoding=\"async\" class=\"aligncenter wp-image-6077 \" src=\"https:\/\/agora.xtec.cat\/escola-agora\/wp-content\/uploads\/usu616\/2020\/05\/Documental.jpg\" alt=\"\" width=\"274\" height=\"208\" \/><\/a><\/p>\n<p style=\"padding-left: 40px;\">Despr\u00e9s hauran d&#8217;omplir la seg\u00fcent <a href=\"https:\/\/agora.xtec.cat\/escola-agora\/wp-content\/uploads\/usu616\/2020\/05\/Fitxa-insectes.pdf\">fitxa.<\/a><a href=\"https:\/\/agora.xtec.cat\/escola-agora\/wp-content\/uploads\/usu616\/2020\/05\/FITXA-INSECTES.jpg\"><img loading=\"lazy\" decoding=\"async\" class=\"size-medium wp-image-6078 aligncenter\" src=\"https:\/\/agora.xtec.cat\/escola-agora\/wp-content\/uploads\/usu616\/2020\/05\/FITXA-INSECTES-300x291.jpg\" alt=\"\" width=\"300\" height=\"291\" srcset=\"https:\/\/agora.xtec.cat\/escola-agora\/wp-content\/uploads\/usu616\/2020\/05\/FITXA-INSECTES-300x291.jpg 300w, https:\/\/agora.xtec.cat\/escola-agora\/wp-content\/uploads\/usu616\/2020\/05\/FITXA-INSECTES.jpg 553w\" sizes=\"auto, (max-width: 300px) 100vw, 300px\" \/><\/a><\/p>\n<p style=\"padding-left: 40px;\">Aquesta proposta ha de tenir un retorn, feu una <span style=\"color: #ff0000;\">foto i pengeu-la al Drive<\/span> compartit.<\/p>\n<p><strong>Fem d\u2019escriptors\/es<\/strong><\/p>\n<ul>\n<li style=\"list-style-type: none;\">\n<ul style=\"list-style-type: disc;\">\n<li>Endevina&#8230;Endevinalla. Quin insecte \u00e9s?<a href=\"https:\/\/agora.xtec.cat\/escola-agora\/wp-content\/uploads\/usu616\/2020\/05\/Endevina...Endevinalla.jpg\"><img loading=\"lazy\" decoding=\"async\" class=\" wp-image-6122 alignright\" src=\"https:\/\/agora.xtec.cat\/escola-agora\/wp-content\/uploads\/usu616\/2020\/05\/Endevina...Endevinalla-300x211.jpg\" alt=\"\" width=\"187\" height=\"132\" srcset=\"https:\/\/agora.xtec.cat\/escola-agora\/wp-content\/uploads\/usu616\/2020\/05\/Endevina...Endevinalla-300x211.jpg 300w, https:\/\/agora.xtec.cat\/escola-agora\/wp-content\/uploads\/usu616\/2020\/05\/Endevina...Endevinalla-768x540.jpg 768w, https:\/\/agora.xtec.cat\/escola-agora\/wp-content\/uploads\/usu616\/2020\/05\/Endevina...Endevinalla-1024x720.jpg 1024w, https:\/\/agora.xtec.cat\/escola-agora\/wp-content\/uploads\/usu616\/2020\/05\/Endevina...Endevinalla.jpg 1058w\" sizes=\"auto, (max-width: 187px) 100vw, 187px\" \/><\/a><\/li>\n<\/ul>\n<\/li>\n<\/ul>\n<p style=\"padding-left: 40px;\">Us proposem un joc d\u2019endevinalles&#8230;\u00danicament heu de veure el <a href=\"https:\/\/youtu.be\/zaeX3GOKXE0\">v\u00eddeo<\/a> i estar molt atents i atentes, perqu\u00e8 despr\u00e9s haureu d\u2019emplenar la seg\u00fcent <a href=\"https:\/\/agora.xtec.cat\/escola-agora\/wp-content\/uploads\/usu616\/2020\/05\/Endevina...endevinalla.pdf\">fitxa<\/a> amb el nom dels insectes que viuen a cada capseta.<\/p>\n<p style=\"padding-left: 40px;\">Preparats i preparades? Som-hi!<a href=\"https:\/\/youtu.be\/zaeX3GOKXE0\"><img loading=\"lazy\" decoding=\"async\" class=\"size-full wp-image-6081 aligncenter\" src=\"https:\/\/agora.xtec.cat\/escola-agora\/wp-content\/uploads\/usu616\/2020\/05\/V\u00eddeo-endevinalles.jpg\" alt=\"\" width=\"245\" height=\"180\" \/><\/a><\/p>\n<p style=\"padding-left: 40px;\">Quan acabeu la fitxa, podeu veure en aquest <a href=\"https:\/\/drive.google.com\/open?id=18gGAVR7NqKmwxDJ3xWn2Vm3W0Jr6n1Ut\">enlla\u00e7<\/a> la soluci\u00f3 de les endevinalles i recordeu de <span style=\"color: #ff0000;\">penjar una foto al Drive<\/span> compartit.<\/p>\n<ul>\n<li style=\"list-style-type: none;\">\n<ul style=\"list-style-type: disc;\">\n<li>La paraula protagonista<\/li>\n<\/ul>\n<\/li>\n<\/ul>\n<p style=\"padding-left: 40px;\">Els infants han de pensar \u201ctres insectes\u201d i omplir la <a href=\"https:\/\/agora.xtec.cat\/escola-agora\/wp-content\/uploads\/usu616\/2020\/05\/Paraula-protagonista-.pdf\">fitxa.<\/a><a href=\"https:\/\/agora.xtec.cat\/escola-agora\/wp-content\/uploads\/usu616\/2020\/05\/PARAULA-PROTAGONISTA.jpg\"><img loading=\"lazy\" decoding=\"async\" class=\"size-medium wp-image-6106 aligncenter\" src=\"https:\/\/agora.xtec.cat\/escola-agora\/wp-content\/uploads\/usu616\/2020\/05\/PARAULA-PROTAGONISTA-300x210.jpg\" alt=\"\" width=\"300\" height=\"210\" srcset=\"https:\/\/agora.xtec.cat\/escola-agora\/wp-content\/uploads\/usu616\/2020\/05\/PARAULA-PROTAGONISTA-300x210.jpg 300w, https:\/\/agora.xtec.cat\/escola-agora\/wp-content\/uploads\/usu616\/2020\/05\/PARAULA-PROTAGONISTA-768x538.jpg 768w, https:\/\/agora.xtec.cat\/escola-agora\/wp-content\/uploads\/usu616\/2020\/05\/PARAULA-PROTAGONISTA-1024x717.jpg 1024w, https:\/\/agora.xtec.cat\/escola-agora\/wp-content\/uploads\/usu616\/2020\/05\/PARAULA-PROTAGONISTA.jpg 1393w\" sizes=\"auto, (max-width: 300px) 100vw, 300px\" \/><\/a><\/p>\n<p style=\"padding-left: 40px;\">Guia de la plantilla (s\u2019ha de fer tres vegades i amb tres insectes diferents):<\/p>\n<ol>\n<li style=\"list-style-type: none;\">\n<ol>\n<li style=\"list-style-type: none;\">\n<ol>\n<li style=\"list-style-type: none;\">\n<ol>\n<li>Paraula: haurem d\u2019escriure el nom d\u2019un insecte.<\/li>\n<li>S\u00edl\u00b7labes: haurem de pintar el nombre de s\u00edl\u00b7labes que t\u00e9 el nom del nostre insecte.<\/li>\n<li>N\u00famero de lletres: haurem d\u2019escriure el n\u00famero de lletres que t\u00e9 el nom del nostre insecte.<\/li>\n<li>Inicial: haurem d\u2019escriure la primera lletra per la qual comen\u00e7a el nom del nostre insecte.<\/li>\n<li>Dibuix: haurem de fer el dibuix del nostre insecte.<\/li>\n<\/ol>\n<\/li>\n<\/ol>\n<\/li>\n<\/ol>\n<\/li>\n<\/ol>\n<p style=\"padding-left: 40px;\">Un cop feta l\u2019activitat <span style=\"color: #ff0000;\">feu una foto i pengeu-la al Drive<\/span> compartit.<\/p>\n<p><strong>Fem d\u2019investigadors\/es<\/strong><\/p>\n<ul>\n<li style=\"list-style-type: none;\">\n<ul style=\"list-style-type: disc;\">\n<li>Quants n\u2019hi ha?<\/li>\n<\/ul>\n<\/li>\n<\/ul>\n<p style=\"padding-left: 40px;\">Els infants han de mirar les <a href=\"https:\/\/agora.xtec.cat\/escola-agora\/wp-content\/uploads\/usu616\/2020\/05\/quants-nhi-ha-1.pdf\">plantilles<\/a>, comptar i escriure el nombre d\u2019insectes iguals, en el seu requadre corresponent.<a href=\"https:\/\/agora.xtec.cat\/escola-agora\/wp-content\/uploads\/usu616\/2020\/05\/PLANTILLES-MATES.jpg\"><img loading=\"lazy\" decoding=\"async\" class=\"aligncenter wp-image-6092\" src=\"https:\/\/agora.xtec.cat\/escola-agora\/wp-content\/uploads\/usu616\/2020\/05\/PLANTILLES-MATES.jpg\" alt=\"\" width=\"364\" height=\"354\" srcset=\"https:\/\/agora.xtec.cat\/escola-agora\/wp-content\/uploads\/usu616\/2020\/05\/PLANTILLES-MATES.jpg 553w, https:\/\/agora.xtec.cat\/escola-agora\/wp-content\/uploads\/usu616\/2020\/05\/PLANTILLES-MATES-300x291.jpg 300w\" sizes=\"auto, (max-width: 364px) 100vw, 364px\" \/><\/a>Aquesta activitat la podeu realitzar en paper, utilitzant la tauleta o el m\u00f2bil com a taulell i posant els n\u00fameros\u2026o obrint les plantilles des de l\u2019aplicaci\u00f3 <em>Paint<\/em> i escrivint els n\u00fameros.<\/p>\n<p><strong>Fem d\u2019artistes<\/strong><\/p>\n<ul>\n<li style=\"list-style-type: none;\">\n<ul style=\"list-style-type: disc;\">\n<li>Insectes divertits<a href=\"https:\/\/agora.xtec.cat\/escola-agora\/wp-content\/uploads\/usu616\/2020\/05\/INSECTES-1.jpg\"><img loading=\"lazy\" decoding=\"async\" class=\"alignleft wp-image-6098\" src=\"https:\/\/agora.xtec.cat\/escola-agora\/wp-content\/uploads\/usu616\/2020\/05\/INSECTES-1.jpg\" alt=\"\" width=\"89\" height=\"92\" \/><\/a><\/li>\n<\/ul>\n<\/li>\n<\/ul>\n<p style=\"padding-left: 40px;\">Els infants hauran de pintar i dibuixar amb l\u2019ajut dels seus dits i un retolador, diferents insectes, per poder decorar el seu pot.<\/p>\n<p style=\"text-align: left; padding-left: 280px;\"><a style=\"font-family: inherit; font-size: 1em;\" href=\"https:\/\/agora.xtec.cat\/escola-agora\/wp-content\/uploads\/usu616\/2020\/05\/Plantilla-insectes-divertits.pdf\">Plantilla<\/a><span style=\"font-family: inherit; font-size: 1em;\">\u00a0 \u00a0 \u00a0 \u00a0 \u00a0 \u00a0 \u00a0 \u00a0 \u00a0 \u00a0 \u00a0 \u00a0 \u00a0 \u00a0 \u00a0 \u00a0 \u00a0 \u00a0 \u00a0 \u00a0 \u00a0 \u00a0 \u00a0 \u00a0 \u00a0 \u00a0 \u00a0 \u00a0 \u00a0 \u00a0 \u00a0 \u00a0 \u00a0 \u00a0 \u00a0 \u00a0 \u00a0 \u00a0 \u00a0\u00a0<\/span><a style=\"font-family: inherit; font-size: 1em;\" href=\"https:\/\/youtu.be\/7f_z5SUJ_U0\">Tutorial<\/a><\/p>\n<p><a href=\"https:\/\/agora.xtec.cat\/escola-agora\/wp-content\/uploads\/usu616\/2020\/05\/V\u00eddeo-insectes.jpg\"><img loading=\"lazy\" decoding=\"async\" class=\"aligncenter wp-image-6101 \" src=\"https:\/\/agora.xtec.cat\/escola-agora\/wp-content\/uploads\/usu616\/2020\/05\/V\u00eddeo-insectes.jpg\" alt=\"\" width=\"726\" height=\"234\" srcset=\"https:\/\/agora.xtec.cat\/escola-agora\/wp-content\/uploads\/usu616\/2020\/05\/V\u00eddeo-insectes.jpg 1101w, https:\/\/agora.xtec.cat\/escola-agora\/wp-content\/uploads\/usu616\/2020\/05\/V\u00eddeo-insectes-300x97.jpg 300w, https:\/\/agora.xtec.cat\/escola-agora\/wp-content\/uploads\/usu616\/2020\/05\/V\u00eddeo-insectes-768x248.jpg 768w, https:\/\/agora.xtec.cat\/escola-agora\/wp-content\/uploads\/usu616\/2020\/05\/V\u00eddeo-insectes-1024x330.jpg 1024w\" sizes=\"auto, (max-width: 726px) 100vw, 726px\" \/><\/a><\/p>\n<p><strong>Fem TAC<\/strong><\/p>\n<ul>\n<li style=\"list-style-type: none;\">\n<ul style=\"list-style-type: disc;\">\n<li>Fem una <a href=\"https:\/\/clic.xtec.cat\/projects\/apetits\/jclic.js\/index.html\">activitat de llengua<\/a> sobre alguns insectes. Heu d\u2019escollir l\u2019apartat anomenat \u201canimals petits&#8230;\u201d.<\/li>\n<li>Us proposem un <a href=\"http:\/\/www.uptoten.com\/kids\/kidsgames-races-antseedrace.html\">joc en l\u00ednia<\/a> per treballar la precisi\u00f3, la concentraci\u00f3, la psicomotricitat fina i la perseveran\u00e7a. Els infants han d\u2019ajudar a la formiga a portar les llavors, els p\u00e8tals i les flors a un lloc segur abans que es mullin. Per\u00f2 \u201ccompte\u201d s\u2019ha de ser r\u00e0pid, perqu\u00e8&#8230; comen\u00e7a a ploure!<\/li>\n<\/ul>\n<\/li>\n<\/ul>\n<p><strong>A ballar!<\/strong><\/p>\n<ul>\n<li style=\"list-style-type: none;\">\n<ul style=\"list-style-type: disc;\">\n<li>Us proposem el <a href=\"https:\/\/www.youtube.com\/watch?v=Q_eLp_YQ14w\"><em>Rock de la formiga<\/em> del Pot Petit<\/a> per ballar i gaudir en fam\u00edlia.<\/li>\n<\/ul>\n<\/li>\n<\/ul>\n<p><a href=\"https:\/\/www.youtube.com\/watch?v=Q_eLp_YQ14w\"><img loading=\"lazy\" decoding=\"async\" class=\"size-medium wp-image-6103 aligncenter\" src=\"https:\/\/agora.xtec.cat\/escola-agora\/wp-content\/uploads\/usu616\/2020\/05\/Rock-de-la-formiga-300x229.jpg\" alt=\"\" width=\"300\" height=\"229\" srcset=\"https:\/\/agora.xtec.cat\/escola-agora\/wp-content\/uploads\/usu616\/2020\/05\/Rock-de-la-formiga-300x229.jpg 300w, https:\/\/agora.xtec.cat\/escola-agora\/wp-content\/uploads\/usu616\/2020\/05\/Rock-de-la-formiga.jpg 524w\" sizes=\"auto, (max-width: 300px) 100vw, 300px\" \/><\/a><\/p>\n<p><strong>Let\u2019s sing in english<\/strong><\/p>\n<ul>\n<li style=\"list-style-type: none;\">\n<ul style=\"list-style-type: disc;\">\n<li>Song \u2192 <a href=\"https:\/\/www.youtube.com\/watch?v=le5OZCqvRIU\">Finger Family (Insects Version)<\/a><\/li>\n<li>Vocabulary \u2192 <a href=\"https:\/\/www.youtube.com\/watch?v=tksBMUzZUAs\">Bugs<\/a><\/li>\n<\/ul>\n<\/li>\n<\/ul>\n<p style=\"padding-left: 40px;\">Aquestes propostes s\u00f3n, per a qu\u00e8 els infants, continu\u00efn familiaritzant-se amb la llengua anglesa.<\/p>\n<p><strong>Fem Psicomotricitat!!<\/strong><\/p>\n<ul>\n<li style=\"list-style-type: none;\">\n<ul style=\"list-style-type: disc;\">\n<li><a href=\"https:\/\/view.genial.ly\/5ec77fa031834c0d95f473f6\/vertical-infographic-saltar-saltar-saltar\">Salta, salta, salta&#8230;salta, salta, sin parar!!!!!!<\/a><\/li>\n<\/ul>\n<\/li>\n<\/ul>\n<p>Esperem que us agradin i gaudiu de les propostes d\u2019aquesta setmana.<\/p>\n<p>Moltes abra\u00e7ades i petons<\/p>\n<p>Sara i Aida<\/p>\n<p><strong><u>RECORDATORI:<\/u><\/strong><\/p>\n<ul>\n<li>Totes les activitats proposades es poden realitzar amb materials que teniu a casa, no fa falta la seva impressi\u00f3. Es poden dibuixar, calcar, utilitzar la tauleta o m\u00f2bil com a taulell, imprimir, etc.<\/li>\n<li>Recordeu de penjar totes les propostes demanades a la carpeta del DRIVE compartida, ja sigui una foto o un petit v\u00eddeo. Sempre posant el nom de l&#8217;infant.<\/li>\n<\/ul>\n<p>&nbsp;<\/p>\n<p style=\"padding-left: 40px;\">\n","protected":false},"excerpt":{"rendered":"<p>Benvolgudes fam\u00edlies, aquesta setmana el fil conductor seran els insectes, esperem que gaudiu molt realitzant les diferents propostes. Fem de periodistes Mirem un documental Per tal de comen\u00e7ar a con\u00e8ixer els insectes, els infants hauran de mirar un petit documental. Despr\u00e9s hauran d&#8217;omplir la seg\u00fcent fitxa. Aquesta proposta ha de tenir un retorn, feu una [&hellip;]<\/p>\n","protected":false},"author":1,"featured_media":6107,"comment_status":"open","ping_status":"closed","sticky":false,"template":"","format":"standard","meta":{"_bbp_topic_count":0,"_bbp_reply_count":0,"_bbp_total_topic_count":0,"_bbp_total_reply_count":0,"_bbp_voice_count":0,"_bbp_anonymous_reply_count":0,"_bbp_topic_count_hidden":0,"_bbp_reply_count_hidden":0,"_bbp_forum_subforum_count":0,"site-sidebar-layout":"default","site-content-layout":"","ast-site-content-layout":"","site-content-style":"default","site-sidebar-style":"default","ast-global-header-display":"","ast-banner-title-visibility":"","ast-main-header-display":"","ast-hfb-above-header-display":"","ast-hfb-below-header-display":"","ast-hfb-mobile-header-display":"","site-post-title":"","ast-breadcrumbs-content":"","ast-featured-img":"","footer-sml-layout":"","theme-transparent-header-meta":"","adv-header-id-meta":"","stick-header-meta":"","header-above-stick-meta":"","header-main-stick-meta":"","header-below-stick-meta":"","astra-migrate-meta-layouts":"default","ast-page-background-enabled":"default","ast-page-background-meta":{"desktop":{"background-color":"var(--ast-global-color-4)","background-image":"","background-repeat":"repeat","background-position":"center center","background-size":"auto","background-attachment":"scroll","background-type":"","background-media":"","overlay-type":"","overlay-color":"","overlay-opacity":"","overlay-gradient":""},"tablet":{"background-color":"","background-image":"","background-repeat":"repeat","background-position":"center center","background-size":"auto","background-attachment":"scroll","background-type":"","background-media":"","overlay-type":"","overlay-color":"","overlay-opacity":"","overlay-gradient":""},"mobile":{"background-color":"","background-image":"","background-repeat":"repeat","background-position":"center center","background-size":"auto","background-attachment":"scroll","background-type":"","background-media":"","overlay-type":"","overlay-color":"","overlay-opacity":"","overlay-gradient":""}},"ast-content-background-meta":{"desktop":{"background-color":"var(--ast-global-color-5)","background-image":"","background-repeat":"repeat","background-position":"center center","background-size":"auto","background-attachment":"scroll","background-type":"","background-media":"","overlay-type":"","overlay-color":"","overlay-opacity":"","overlay-gradient":""},"tablet":{"background-color":"var(--ast-global-color-5)","background-image":"","background-repeat":"repeat","background-position":"center center","background-size":"auto","background-attachment":"scroll","background-type":"","background-media":"","overlay-type":"","overlay-color":"","overlay-opacity":"","overlay-gradient":""},"mobile":{"background-color":"var(--ast-global-color-5)","background-image":"","background-repeat":"repeat","background-position":"center center","background-size":"auto","background-attachment":"scroll","background-type":"","background-media":"","overlay-type":"","overlay-color":"","overlay-opacity":"","overlay-gradient":""}},"footnotes":""},"categories":[9],"tags":[],"class_list":["post-6076","post","type-post","status-publish","format-standard","has-post-thumbnail","hentry","category-i5"],"post_mailing_queue_ids":[],"_links":{"self":[{"href":"https:\/\/agora.xtec.cat\/escola-agora\/wp-json\/wp\/v2\/posts\/6076","targetHints":{"allow":["GET"]}}],"collection":[{"href":"https:\/\/agora.xtec.cat\/escola-agora\/wp-json\/wp\/v2\/posts"}],"about":[{"href":"https:\/\/agora.xtec.cat\/escola-agora\/wp-json\/wp\/v2\/types\/post"}],"author":[{"embeddable":true,"href":"https:\/\/agora.xtec.cat\/escola-agora\/wp-json\/wp\/v2\/users\/1"}],"replies":[{"embeddable":true,"href":"https:\/\/agora.xtec.cat\/escola-agora\/wp-json\/wp\/v2\/comments?post=6076"}],"version-history":[{"count":3,"href":"https:\/\/agora.xtec.cat\/escola-agora\/wp-json\/wp\/v2\/posts\/6076\/revisions"}],"predecessor-version":[{"id":6224,"href":"https:\/\/agora.xtec.cat\/escola-agora\/wp-json\/wp\/v2\/posts\/6076\/revisions\/6224"}],"wp:featuredmedia":[{"embeddable":true,"href":"https:\/\/agora.xtec.cat\/escola-agora\/wp-json\/wp\/v2\/media\/6107"}],"wp:attachment":[{"href":"https:\/\/agora.xtec.cat\/escola-agora\/wp-json\/wp\/v2\/media?parent=6076"}],"wp:term":[{"taxonomy":"category","embeddable":true,"href":"https:\/\/agora.xtec.cat\/escola-agora\/wp-json\/wp\/v2\/categories?post=6076"},{"taxonomy":"post_tag","embeddable":true,"href":"https:\/\/agora.xtec.cat\/escola-agora\/wp-json\/wp\/v2\/tags?post=6076"}],"curies":[{"name":"wp","href":"https:\/\/api.w.org\/{rel}","templated":true}]}}