{"id":5980,"date":"2020-05-15T09:55:42","date_gmt":"2020-05-15T07:55:42","guid":{"rendered":"http:\/\/agora.xtec.cat\/escola-agora\/?p=5980"},"modified":"2020-05-18T02:28:00","modified_gmt":"2020-05-18T00:28:00","slug":"propostes-de-la-setmana-15-22-de-maig","status":"publish","type":"post","link":"https:\/\/agora.xtec.cat\/escola-agora\/cicleinicial\/1r\/propostes-de-la-setmana-15-22-de-maig\/","title":{"rendered":"Propostes de la setmana 15 &#8211; 22 de maig"},"content":{"rendered":"<p><a href=\"https:\/\/agora.xtec.cat\/escola-agora\/wp-content\/uploads\/usu616\/2020\/05\/rock-and-roll-1.jpg\"><img loading=\"lazy\" decoding=\"async\" class=\"size-full wp-image-5982 aligncenter\" src=\"https:\/\/agora.xtec.cat\/escola-agora\/wp-content\/uploads\/usu616\/2020\/05\/rock-and-roll-1.jpg\" alt=\"\" width=\"233\" height=\"216\" \/><\/a><\/p>\n<p style=\"text-align: left;\">Hola nens i nenes de la classe del ROCK!!<\/p>\n<p style=\"text-align: left;\">Cinquena setmana!!<a href=\"https:\/\/agora.xtec.cat\/escola-agora\/wp-content\/uploads\/usu616\/2020\/05\/5.jpg\"><img loading=\"lazy\" decoding=\"async\" class=\"wp-image-5981 alignnone\" src=\"https:\/\/agora.xtec.cat\/escola-agora\/wp-content\/uploads\/usu616\/2020\/05\/5.jpg\" alt=\"\" width=\"49\" height=\"55\" \/><\/a><\/p>\n<p>Esperem que com cada setmana us agradin les activitats que us proposem. Continuem valorant molt\u00edssim la feina que esteu fent tots i totes, \u00e0nims i endavant!!!!<\/p>\n<p>Aqu\u00ed teniu les propostes de la setmana:<\/p>\n<p><strong>Catal\u00e0:<\/strong> <a href=\"https:\/\/agora.xtec.cat\/escola-agora\/wp-content\/uploads\/usu616\/2020\/05\/Catal\u00e0-del-15-22-maig.docx\">Catal\u00e0 del 15-22 maig<\/a> &#8211;\u00a0 <a href=\"https:\/\/agora.xtec.cat\/escola-agora\/wp-content\/uploads\/usu616\/2020\/05\/Catal\u00e0-del-15-22-maig.pdf\">Catal\u00e0 del 15-22 maig<\/a><\/p>\n<p><strong>Castellano:<\/strong> <a href=\"https:\/\/agora.xtec.cat\/escola-agora\/wp-content\/uploads\/usu616\/2020\/05\/castella-15-22-maig.docx\">castella 15-22 maig<\/a> &#8211;\u00a0 <a href=\"https:\/\/agora.xtec.cat\/escola-agora\/wp-content\/uploads\/usu616\/2020\/05\/castella-15-22-maig.pdf\">castella 15-22 maig<\/a><\/p>\n<p><strong>Matem\u00e0tiques:<\/strong> <a href=\"https:\/\/agora.xtec.cat\/escola-agora\/wp-content\/uploads\/usu616\/2020\/05\/MATES-15-22-maig.docx\">MATES 15-22 maig<\/a> &#8211;\u00a0 <a href=\"https:\/\/agora.xtec.cat\/escola-agora\/wp-content\/uploads\/usu616\/2020\/05\/MATES-15-22-maig.pdf\">MATES 15-22 maig<\/a><\/p>\n<p><strong>Medi:<\/strong> <a href=\"https:\/\/agora.xtec.cat\/escola-agora\/wp-content\/uploads\/usu616\/2020\/05\/medi-15-22-maig.docx\">medi 15-22 maig<\/a> &#8211;\u00a0 <a href=\"https:\/\/agora.xtec.cat\/escola-agora\/wp-content\/uploads\/usu616\/2020\/05\/medi-15-22-maig.pdf\">medi 15-22 maig<\/a><\/p>\n<p><strong>Pycto:<\/strong> <a href=\"https:\/\/agora.xtec.cat\/escola-agora\/wp-content\/uploads\/usu616\/2020\/05\/PICTO-5-SETMANA.docx\">PICTO 5 SETMANA<\/a> &#8211;\u00a0 <a href=\"https:\/\/agora.xtec.cat\/escola-agora\/wp-content\/uploads\/usu616\/2020\/05\/PICTO-5-SETMANA.pdf\">PICTO 5 SETMANA<\/a><\/p>\n<p><strong>Tutoria\/Valors:<\/strong> <a href=\"https:\/\/agora.xtec.cat\/escola-agora\/wp-content\/uploads\/usu616\/2020\/05\/Tutoria-activitat-5.docx\">Tutoria activitat 5<\/a> &#8211;\u00a0 <a href=\"https:\/\/agora.xtec.cat\/escola-agora\/wp-content\/uploads\/usu616\/2020\/05\/Tutoria-activitat-5.pdf\">Tutoria activitat 5<\/a><\/p>\n<p><strong>English:<\/strong> <a href=\"https:\/\/agora.xtec.cat\/escola-agora\/wp-content\/uploads\/usu616\/2020\/05\/angles-5a-setmana-activitats.pdf\">angles 5a setmana activitats<\/a> &#8211; <a href=\"https:\/\/agora.xtec.cat\/escola-agora\/wp-content\/uploads\/usu616\/2020\/05\/angles-5a-setmana-autocorrecci\u00f3.pdf\">angles 5a setmana autocorrecci\u00f3<\/a><\/p>\n<p><a href=\"https:\/\/agora.xtec.cat\/escola-agora\/wp-content\/uploads\/usu616\/2020\/05\/angles-5a-setmana-lletra-can\u00e7\u00f3.pdf\">angles 5a setmana, lletra can\u00e7\u00f3<\/a> &#8211; <a href=\"https:\/\/agora.xtec.cat\/escola-agora\/wp-content\/uploads\/usu616\/2020\/05\/english-2.docx\">english (2)<\/a><\/p>\n<p><strong>M\u00fasica:<\/strong> <a href=\"https:\/\/agora.xtec.cat\/escola-agora\/wp-content\/uploads\/usu616\/2020\/05\/1r-musica-5\u00aa-setmana-1.pdf\">1r-musica-5\u00aa-setmana-1<\/a><\/p>\n<p><strong>Educaci\u00f3 F\u00edsica:<\/strong> <a href=\"https:\/\/view.genial.ly\/5ec1c3e74a81770d9df537ac\/vertical-infographic-genially-sin-titulo\">Treballem la punteria!!!<\/a><\/p>\n<p><strong>Recordar-vos que les activitats d\u2019educaci\u00f3 f\u00edsica i m\u00fasica no cal entregar-les. Pel que fa a l\u2019angl\u00e8s, no cal enviar foto, podeu anar fent un recull (tipus dossier).<\/strong><\/p>\n<p>La resta de mat\u00e8ries quan tingueu acabada la tasca, feu una foto i ens ho envieu. Moltes gr\u00e0cies!<\/p>\n<p>Tamb\u00e9 us volem recordar que <strong>mireu a la web la carpeta d\u2019escola<\/strong> on cada setmana trobareu diferents propostes generals d\u2019escola per fer amb els nens i nenes si us ve de gust.<\/p>\n<p><a href=\"https:\/\/play.google.com\/store\/apps\/details?id=com.intsig.camscanner\">https:\/\/play.google.com\/store\/apps\/details?id=com.intsig.camscanner<\/a> (si us descarregueu aquesta aplicaci\u00f3 serveix per escanejar documents amb el m\u00f2bil i enviar-los)<\/p>\n<p>Les fotos dels documents ens els podeu enviar a:<\/p>\n<ul>\n<li><a href=\"mailto:mireia@escola-agora.net\">mireia@escola-agora.net<\/a> i <a href=\"mailto:sandra@escola-agora.net\">sandra@escola-agora.net<\/a><\/li>\n<\/ul>\n<p>Abra\u00e7ades i petons!!<\/p>\n<p>Sandra i Mireia<\/p>\n<p><a href=\"https:\/\/agora.xtec.cat\/escola-agora\/wp-content\/uploads\/usu616\/2020\/05\/tot-anira-be.jpg\"><img loading=\"lazy\" decoding=\"async\" class=\"size-full wp-image-6000 aligncenter\" src=\"https:\/\/agora.xtec.cat\/escola-agora\/wp-content\/uploads\/usu616\/2020\/05\/tot-anira-be.jpg\" alt=\"\" width=\"192\" height=\"141\" \/><\/a><\/p>\n","protected":false},"excerpt":{"rendered":"<p>Hola nens i nenes de la classe del ROCK!! Cinquena setmana!! Esperem que com cada setmana us agradin les activitats que us proposem. Continuem valorant molt\u00edssim la feina que esteu fent tots i totes, \u00e0nims i endavant!!!! Aqu\u00ed teniu les propostes de la setmana: Catal\u00e0: Catal\u00e0 del 15-22 maig &#8211;\u00a0 Catal\u00e0 del 15-22 maig Castellano: [&hellip;]<\/p>\n","protected":false},"author":1,"featured_media":5876,"comment_status":"open","ping_status":"closed","sticky":false,"template":"","format":"standard","meta":{"_bbp_topic_count":0,"_bbp_reply_count":0,"_bbp_total_topic_count":0,"_bbp_total_reply_count":0,"_bbp_voice_count":0,"_bbp_anonymous_reply_count":0,"_bbp_topic_count_hidden":0,"_bbp_reply_count_hidden":0,"_bbp_forum_subforum_count":0,"site-sidebar-layout":"default","site-content-layout":"","ast-site-content-layout":"","site-content-style":"default","site-sidebar-style":"default","ast-global-header-display":"","ast-banner-title-visibility":"","ast-main-header-display":"","ast-hfb-above-header-display":"","ast-hfb-below-header-display":"","ast-hfb-mobile-header-display":"","site-post-title":"","ast-breadcrumbs-content":"","ast-featured-img":"","footer-sml-layout":"","theme-transparent-header-meta":"","adv-header-id-meta":"","stick-header-meta":"","header-above-stick-meta":"","header-main-stick-meta":"","header-below-stick-meta":"","astra-migrate-meta-layouts":"default","ast-page-background-enabled":"default","ast-page-background-meta":{"desktop":{"background-color":"var(--ast-global-color-4)","background-image":"","background-repeat":"repeat","background-position":"center center","background-size":"auto","background-attachment":"scroll","background-type":"","background-media":"","overlay-type":"","overlay-color":"","overlay-opacity":"","overlay-gradient":""},"tablet":{"background-color":"","background-image":"","background-repeat":"repeat","background-position":"center center","background-size":"auto","background-attachment":"scroll","background-type":"","background-media":"","overlay-type":"","overlay-color":"","overlay-opacity":"","overlay-gradient":""},"mobile":{"background-color":"","background-image":"","background-repeat":"repeat","background-position":"center center","background-size":"auto","background-attachment":"scroll","background-type":"","background-media":"","overlay-type":"","overlay-color":"","overlay-opacity":"","overlay-gradient":""}},"ast-content-background-meta":{"desktop":{"background-color":"var(--ast-global-color-5)","background-image":"","background-repeat":"repeat","background-position":"center center","background-size":"auto","background-attachment":"scroll","background-type":"","background-media":"","overlay-type":"","overlay-color":"","overlay-opacity":"","overlay-gradient":""},"tablet":{"background-color":"var(--ast-global-color-5)","background-image":"","background-repeat":"repeat","background-position":"center center","background-size":"auto","background-attachment":"scroll","background-type":"","background-media":"","overlay-type":"","overlay-color":"","overlay-opacity":"","overlay-gradient":""},"mobile":{"background-color":"var(--ast-global-color-5)","background-image":"","background-repeat":"repeat","background-position":"center center","background-size":"auto","background-attachment":"scroll","background-type":"","background-media":"","overlay-type":"","overlay-color":"","overlay-opacity":"","overlay-gradient":""}},"footnotes":""},"categories":[10],"tags":[],"class_list":["post-5980","post","type-post","status-publish","format-standard","has-post-thumbnail","hentry","category-1r"],"post_mailing_queue_ids":[],"_links":{"self":[{"href":"https:\/\/agora.xtec.cat\/escola-agora\/wp-json\/wp\/v2\/posts\/5980","targetHints":{"allow":["GET"]}}],"collection":[{"href":"https:\/\/agora.xtec.cat\/escola-agora\/wp-json\/wp\/v2\/posts"}],"about":[{"href":"https:\/\/agora.xtec.cat\/escola-agora\/wp-json\/wp\/v2\/types\/post"}],"author":[{"embeddable":true,"href":"https:\/\/agora.xtec.cat\/escola-agora\/wp-json\/wp\/v2\/users\/1"}],"replies":[{"embeddable":true,"href":"https:\/\/agora.xtec.cat\/escola-agora\/wp-json\/wp\/v2\/comments?post=5980"}],"version-history":[{"count":2,"href":"https:\/\/agora.xtec.cat\/escola-agora\/wp-json\/wp\/v2\/posts\/5980\/revisions"}],"predecessor-version":[{"id":6060,"href":"https:\/\/agora.xtec.cat\/escola-agora\/wp-json\/wp\/v2\/posts\/5980\/revisions\/6060"}],"wp:featuredmedia":[{"embeddable":true,"href":"https:\/\/agora.xtec.cat\/escola-agora\/wp-json\/wp\/v2\/media\/5876"}],"wp:attachment":[{"href":"https:\/\/agora.xtec.cat\/escola-agora\/wp-json\/wp\/v2\/media?parent=5980"}],"wp:term":[{"taxonomy":"category","embeddable":true,"href":"https:\/\/agora.xtec.cat\/escola-agora\/wp-json\/wp\/v2\/categories?post=5980"},{"taxonomy":"post_tag","embeddable":true,"href":"https:\/\/agora.xtec.cat\/escola-agora\/wp-json\/wp\/v2\/tags?post=5980"}],"curies":[{"name":"wp","href":"https:\/\/api.w.org\/{rel}","templated":true}]}}