{"id":5821,"date":"2020-05-08T12:00:12","date_gmt":"2020-05-08T10:00:12","guid":{"rendered":"http:\/\/agora.xtec.cat\/escola-agora\/?p=5821"},"modified":"2020-05-13T10:32:55","modified_gmt":"2020-05-13T08:32:55","slug":"12-de-maig-dia-internacional-de-la-infermeria","status":"publish","type":"post","link":"https:\/\/agora.xtec.cat\/escola-agora\/general\/12-de-maig-dia-internacional-de-la-infermeria\/","title":{"rendered":"12 de maig Dia Internacional de la Infermeria"},"content":{"rendered":"<p><a href=\"https:\/\/agora.xtec.cat\/escola-agora\/wp-content\/uploads\/usu616\/2020\/05\/IMG-20200507-WA0011.jpg\"><img loading=\"lazy\" decoding=\"async\" class=\"alignleft size-medium wp-image-5820\" src=\"https:\/\/agora.xtec.cat\/escola-agora\/wp-content\/uploads\/usu616\/2020\/05\/IMG-20200507-WA0011-291x300.jpg\" alt=\"\" width=\"291\" height=\"300\" srcset=\"https:\/\/agora.xtec.cat\/escola-agora\/wp-content\/uploads\/usu616\/2020\/05\/IMG-20200507-WA0011-291x300.jpg 291w, https:\/\/agora.xtec.cat\/escola-agora\/wp-content\/uploads\/usu616\/2020\/05\/IMG-20200507-WA0011-768x791.jpg 768w, https:\/\/agora.xtec.cat\/escola-agora\/wp-content\/uploads\/usu616\/2020\/05\/IMG-20200507-WA0011-994x1024.jpg 994w, https:\/\/agora.xtec.cat\/escola-agora\/wp-content\/uploads\/usu616\/2020\/05\/IMG-20200507-WA0011.jpg 1080w\" sizes=\"auto, (max-width: 291px) 100vw, 291px\" \/><\/a>El proper 12 de maig es celebra el <strong>Dia Internacional de la Infermeria<\/strong>. Aquest esdeveniment se celebra cada 12 de maig a tot el m\u00f3n per commemorar el naixement de <span style=\"color: #808080;\">Florence Nightingale<\/span> (Flor\u00e8ncia, 1820 &#8211; Londres, 1910), infermera brit\u00e0nica considerada la mare de la infermeria moderna.<\/p>\n<p>Des de l&#8217;escola volem agrair a aquest col.lectiu la magn\u00edfica feina que estan fent. Ens han ensenyat qu\u00e8 vol dir tenir vocaci\u00f3 i estimar la feina. S&#8217;han reiventat dia a dia superant tots els obstacles per cuidar-nos, anteposant la seva pr\u00f2pia seguretat i la dels seus. No nom\u00e9s us aplaudim cada vespre, tamb\u00e9 us volem donar escalf i encoratjar amb aquest dibuixos, cartes o poemes.<\/p>\n<p>Per aquest motiu us proposem enviar els vostres escrits o dibuixos a diferents centres sanitaris de Catalunya. A sota teniu les adreces de correu:<\/p>\n<table>\n<tbody>\n<tr>\n<td><span style=\"color: #008080;\">Hospital Cl\u00ednic<\/span><\/td>\n<td><strong>noesteusols@clinic.cat<\/strong><\/td>\n<\/tr>\n<tr>\n<td><span style=\"color: #008080;\">Hospital del Mar<\/span><\/td>\n<td><strong>cartesquecuren@hospitaldelmar.cat<\/strong><\/td>\n<\/tr>\n<tr>\n<td><span style=\"color: #008080;\">Hospital Pere i Mata (Reus)<\/span><\/td>\n<td><strong>cartesperemata@gmail.com<\/strong><\/td>\n<\/tr>\n<tr>\n<td><span style=\"color: #008080;\">Hospital Sagrat Cor<\/span><\/td>\n<td><strong>esperanzahusc@gmail.com<\/strong><\/td>\n<\/tr>\n<tr>\n<td><span style=\"color: #008080;\">Hospital Sant Pau<\/span><\/td>\n<td><strong>missatgesquecuren@santpau.cat<\/strong><\/td>\n<\/tr>\n<tr>\n<td><span style=\"color: #008080;\">Cs. Sanitari Alt-Pened\u00e8s-Garraf<\/span><\/td>\n<td><strong>cartesperacampanya@csapg.cat<\/strong><\/td>\n<\/tr>\n<tr>\n<td><span style=\"color: #008080;\">Hospitals i CAPs de l&#8217;ICS<\/span><\/td>\n<td><strong>gracies.ics@gencat.cat<\/strong><\/td>\n<\/tr>\n<\/tbody>\n<\/table>\n<hr \/>\n<p><a href=\"https:\/\/drive.google.com\/file\/d\/16lQGLomaTlWETxXfMWh-7U0BT9pxQI9N\/view?usp=sharing\"><img loading=\"lazy\" decoding=\"async\" class=\"alignleft wp-image-5827 size-full\" src=\"https:\/\/agora.xtec.cat\/escola-agora\/wp-content\/uploads\/usu616\/2020\/05\/dexcursi\u00f3.gif\" alt=\"\" width=\"252\" height=\"90\" \/><\/a>A m\u00e9s, aqu\u00ed teniu la meditaci\u00f3 d&#8217;aquesta setmana que us ha preparat l&#8217;Aurora.<\/p>\n<p>Escoltar meditaci\u00f3 <a href=\"https:\/\/drive.google.com\/file\/d\/16lQGLomaTlWETxXfMWh-7U0BT9pxQI9N\/view?usp=sharing\">Anem d&#8217;excursi\u00f3<\/a><\/p>\n","protected":false},"excerpt":{"rendered":"<p>El proper 12 de maig es celebra el Dia Internacional de la Infermeria. Aquest esdeveniment se celebra cada 12 de maig a tot el m\u00f3n per commemorar el naixement de Florence Nightingale (Flor\u00e8ncia, 1820 &#8211; Londres, 1910), infermera brit\u00e0nica considerada la mare de la infermeria moderna. Des de l&#8217;escola volem agrair a aquest col.lectiu la [&hellip;]<\/p>\n","protected":false},"author":1,"featured_media":4067,"comment_status":"open","ping_status":"closed","sticky":false,"template":"","format":"standard","meta":{"_bbp_topic_count":0,"_bbp_reply_count":0,"_bbp_total_topic_count":0,"_bbp_total_reply_count":0,"_bbp_voice_count":0,"_bbp_anonymous_reply_count":0,"_bbp_topic_count_hidden":0,"_bbp_reply_count_hidden":0,"_bbp_forum_subforum_count":0,"site-sidebar-layout":"default","site-content-layout":"","ast-site-content-layout":"","site-content-style":"default","site-sidebar-style":"default","ast-global-header-display":"","ast-banner-title-visibility":"","ast-main-header-display":"","ast-hfb-above-header-display":"","ast-hfb-below-header-display":"","ast-hfb-mobile-header-display":"","site-post-title":"","ast-breadcrumbs-content":"","ast-featured-img":"","footer-sml-layout":"","theme-transparent-header-meta":"","adv-header-id-meta":"","stick-header-meta":"","header-above-stick-meta":"","header-main-stick-meta":"","header-below-stick-meta":"","astra-migrate-meta-layouts":"default","ast-page-background-enabled":"default","ast-page-background-meta":{"desktop":{"background-color":"var(--ast-global-color-4)","background-image":"","background-repeat":"repeat","background-position":"center center","background-size":"auto","background-attachment":"scroll","background-type":"","background-media":"","overlay-type":"","overlay-color":"","overlay-opacity":"","overlay-gradient":""},"tablet":{"background-color":"","background-image":"","background-repeat":"repeat","background-position":"center center","background-size":"auto","background-attachment":"scroll","background-type":"","background-media":"","overlay-type":"","overlay-color":"","overlay-opacity":"","overlay-gradient":""},"mobile":{"background-color":"","background-image":"","background-repeat":"repeat","background-position":"center center","background-size":"auto","background-attachment":"scroll","background-type":"","background-media":"","overlay-type":"","overlay-color":"","overlay-opacity":"","overlay-gradient":""}},"ast-content-background-meta":{"desktop":{"background-color":"var(--ast-global-color-5)","background-image":"","background-repeat":"repeat","background-position":"center center","background-size":"auto","background-attachment":"scroll","background-type":"","background-media":"","overlay-type":"","overlay-color":"","overlay-opacity":"","overlay-gradient":""},"tablet":{"background-color":"var(--ast-global-color-5)","background-image":"","background-repeat":"repeat","background-position":"center center","background-size":"auto","background-attachment":"scroll","background-type":"","background-media":"","overlay-type":"","overlay-color":"","overlay-opacity":"","overlay-gradient":""},"mobile":{"background-color":"var(--ast-global-color-5)","background-image":"","background-repeat":"repeat","background-position":"center center","background-size":"auto","background-attachment":"scroll","background-type":"","background-media":"","overlay-type":"","overlay-color":"","overlay-opacity":"","overlay-gradient":""}},"footnotes":""},"categories":[122,1,4],"tags":[],"class_list":["post-5821","post","type-post","status-publish","format-standard","has-post-thumbnail","hentry","category-escola","category-general","category-portada"],"post_mailing_queue_ids":[],"_links":{"self":[{"href":"https:\/\/agora.xtec.cat\/escola-agora\/wp-json\/wp\/v2\/posts\/5821","targetHints":{"allow":["GET"]}}],"collection":[{"href":"https:\/\/agora.xtec.cat\/escola-agora\/wp-json\/wp\/v2\/posts"}],"about":[{"href":"https:\/\/agora.xtec.cat\/escola-agora\/wp-json\/wp\/v2\/types\/post"}],"author":[{"embeddable":true,"href":"https:\/\/agora.xtec.cat\/escola-agora\/wp-json\/wp\/v2\/users\/1"}],"replies":[{"embeddable":true,"href":"https:\/\/agora.xtec.cat\/escola-agora\/wp-json\/wp\/v2\/comments?post=5821"}],"version-history":[{"count":3,"href":"https:\/\/agora.xtec.cat\/escola-agora\/wp-json\/wp\/v2\/posts\/5821\/revisions"}],"predecessor-version":[{"id":5878,"href":"https:\/\/agora.xtec.cat\/escola-agora\/wp-json\/wp\/v2\/posts\/5821\/revisions\/5878"}],"wp:featuredmedia":[{"embeddable":true,"href":"https:\/\/agora.xtec.cat\/escola-agora\/wp-json\/wp\/v2\/media\/4067"}],"wp:attachment":[{"href":"https:\/\/agora.xtec.cat\/escola-agora\/wp-json\/wp\/v2\/media?parent=5821"}],"wp:term":[{"taxonomy":"category","embeddable":true,"href":"https:\/\/agora.xtec.cat\/escola-agora\/wp-json\/wp\/v2\/categories?post=5821"},{"taxonomy":"post_tag","embeddable":true,"href":"https:\/\/agora.xtec.cat\/escola-agora\/wp-json\/wp\/v2\/tags?post=5821"}],"curies":[{"name":"wp","href":"https:\/\/api.w.org\/{rel}","templated":true}]}}