{"id":5733,"date":"2020-05-08T09:38:06","date_gmt":"2020-05-08T07:38:06","guid":{"rendered":"http:\/\/agora.xtec.cat\/escola-agora\/?p=5733"},"modified":"2020-05-08T12:29:33","modified_gmt":"2020-05-08T10:29:33","slug":"propostes-de-la-setmana-8-15-de-maig","status":"publish","type":"post","link":"https:\/\/agora.xtec.cat\/escola-agora\/cicleinicial\/1r\/propostes-de-la-setmana-8-15-de-maig\/","title":{"rendered":"Propostes de la setmana (8-15 de maig)"},"content":{"rendered":"<p>&nbsp;<\/p>\n<p style=\"text-align: center;\">Hola fam\u00edlies i nens i nenes de la classe del Rock<\/p>\n<p><a href=\"https:\/\/agora.xtec.cat\/escola-agora\/wp-content\/uploads\/usu616\/2020\/05\/rock.jpg\"><img loading=\"lazy\" decoding=\"async\" class=\"wp-image-5734 aligncenter\" src=\"https:\/\/agora.xtec.cat\/escola-agora\/wp-content\/uploads\/usu616\/2020\/05\/rock-300x278.jpg\" alt=\"\" width=\"181\" height=\"168\" srcset=\"https:\/\/agora.xtec.cat\/escola-agora\/wp-content\/uploads\/usu616\/2020\/05\/rock-300x278.jpg 300w, https:\/\/agora.xtec.cat\/escola-agora\/wp-content\/uploads\/usu616\/2020\/05\/rock.jpg 446w\" sizes=\"auto, (max-width: 181px) 100vw, 181px\" \/><\/a><\/p>\n<p>Quarta setmana!!!!<\/p>\n<p>Ens ha fet molta il\u00b7lusi\u00f3 rebre missatges vostres agraint i dient que us agraden les activitats que us es<\/p>\n<p>tem fent arribar, moltes gr\u00e0cies!!!! Esperem que una setmana m\u00e9s gaudiu de les feines de les diferents mat\u00e8ries.<\/p>\n<p>&nbsp;<\/p>\n<p>Continuem valorant molt\u00edssim la feina que esteu fent tots i totes, \u00e0nims i endavant!!!!<\/p>\n<p>&nbsp;<\/p>\n<p>Aqu\u00ed teniu les propostes de la setmana:<\/p>\n<p><strong>Catal\u00e0:\u00a0<\/strong><strong><a style=\"color: #2795b6;\" href=\"https:\/\/agora.xtec.cat\/escola-agora\/wp-content\/uploads\/usu616\/2020\/05\/Catala-8-15-maig.pdf\">Catala 8-15 maig<\/a> ,\u00a0<a href=\"https:\/\/agora.xtec.cat\/escola-agora\/wp-content\/uploads\/usu616\/2020\/05\/Catala-8-15-maig.docx\">Catala 8-15 maig<\/a><\/strong><\/p>\n<p><strong>Castellano: <a href=\"https:\/\/agora.xtec.cat\/escola-agora\/wp-content\/uploads\/usu616\/2020\/05\/castella-8-15-maig.docx\">castella 8-15 maig<\/a> ,\u00a0<a href=\"https:\/\/agora.xtec.cat\/escola-agora\/wp-content\/uploads\/usu616\/2020\/05\/castella-8-15-maig-1.pdf\">castella 8-15 maig (1)<\/a><\/strong><\/p>\n<p><strong>English: <a href=\"https:\/\/agora.xtec.cat\/escola-agora\/wp-content\/uploads\/usu616\/2020\/05\/HELLO-CHILDREN.odt\">HELLO CHILDREN<\/a> ,\u00a0<a href=\"https:\/\/agora.xtec.cat\/escola-agora\/wp-content\/uploads\/usu616\/2020\/05\/2-CRAFT-ACTIVITY.pdf\">2-CRAFT ACTIVITY<\/a> ,\u00a0<a href=\"https:\/\/agora.xtec.cat\/escola-agora\/wp-content\/uploads\/usu616\/2020\/05\/3-LLETRA-CAN\u00c7\u00d3.pdf\">3-LLETRA CAN\u00c7\u00d3<\/a> ,\u00a0<a href=\"https:\/\/agora.xtec.cat\/escola-agora\/wp-content\/uploads\/usu616\/2020\/05\/4-ENGLISH-ACTIVITIES.pdf\">4-ENGLISH ACTIVITIES<\/a> &amp;\u00a0<a href=\"https:\/\/agora.xtec.cat\/escola-agora\/wp-content\/uploads\/usu616\/2020\/05\/5-AUTOCORRECCI\u00d3-ACTIVITATS-ANGL\u00c8S.pdf\">5-AUTOCORRECCI\u00d3 ACTIVITATS ANGL\u00c8S<\/a><\/strong><\/p>\n<p><strong>Matem\u00e0tiques: <a href=\"https:\/\/agora.xtec.cat\/escola-agora\/wp-content\/uploads\/usu616\/2020\/05\/mates-8-15-maig.docx\">mates 8-15 maig<\/a> ,\u00a0<a href=\"https:\/\/agora.xtec.cat\/escola-agora\/wp-content\/uploads\/usu616\/2020\/05\/mates-8-15-maig-1.pdf\">mates 8-15 maig (1)<\/a><\/strong><\/p>\n<p><strong>Medi: <a href=\"https:\/\/agora.xtec.cat\/escola-agora\/wp-content\/uploads\/usu616\/2020\/05\/medi-8-15-maig.docx\">medi 8-15 maig<\/a> ,\u00a0<a href=\"https:\/\/agora.xtec.cat\/escola-agora\/wp-content\/uploads\/usu616\/2020\/05\/medi-8-15-maig.pdf\">medi 8-15 maig<\/a><\/strong><\/p>\n<p><strong>Tutoria\/Valors: <a href=\"https:\/\/agora.xtec.cat\/escola-agora\/wp-content\/uploads\/usu616\/2020\/05\/Tutoria-activitat-4.docx\">Tutoria activitat 4<\/a> ,\u00a0<a href=\"https:\/\/agora.xtec.cat\/escola-agora\/wp-content\/uploads\/usu616\/2020\/05\/Tutoria-activitat-4.pdf\">Tutoria activitat 4<\/a><\/strong><\/p>\n<p><strong>Pycto: <a href=\"https:\/\/agora.xtec.cat\/escola-agora\/wp-content\/uploads\/usu616\/2020\/05\/PICTO-4-SETMANA.docx\">PICTO 4 SETMANA<\/a><\/strong><\/p>\n<p><strong>M\u00fasica: <a href=\"https:\/\/agora.xtec.cat\/escola-agora\/wp-content\/uploads\/usu616\/2020\/05\/1r-Activitats-4\u00aa-setmana.pdf\">M\u00fasica 4\u00aa Setmana (1)<\/a><\/strong><\/p>\n<p><strong>Educaci\u00f3 f\u00edsica:<\/strong> <a href=\"https:\/\/agora.xtec.cat\/escola-agora\/wp-content\/uploads\/usu616\/2020\/05\/Juguem-amb-coixins-2.pdf\">Juguem amb coixins!<\/a> Despr\u00e9s podem fer una estona de relaxaci\u00f3.<\/p>\n<p>&nbsp;<\/p>\n<p>Recordeu, quan tingueu acabada la tasca, feu una foto i ens ho envieu. Moltes gr\u00e0cies!<\/p>\n<p>Tamb\u00e9 us recomanem que aneu donant un cop d\u2019ull a les propostes d\u2019escola!<\/p>\n<p><a href=\"https:\/\/play.google.com\/store\/apps\/details?id=com.intsig.camscanner\">htt<\/a><a style=\"font-family: inherit; font-size: 1em;\" href=\"https:\/\/play.google.com\/store\/apps\/details?id=com.intsig.camscanner\">ps:\/\/play.google.com\/store\/apps\/details?id=com.intsig.camscanner<\/a><span style=\"font-family: inherit; font-size: 1em;\"> (si us descarregueu aquesta aplicaci\u00f3 serveix per escanejar documents amb el m\u00f2bil i enviar-los)<\/span><\/p>\n<p>Les fotos dels documents ens els podeu enviar a:<\/p>\n<ul>\n<li><a href=\"mailto:mireia@escola-agora.net\">mireia@escola-agora.net<\/a> i <a href=\"mailto:sandra@escola-agora.net\">sandra@escola-agora.net<\/a><\/li>\n<\/ul>\n<p style=\"text-align: center;\">Abra\u00e7ades i petons!!<\/p>\n<p style=\"text-align: center;\">Mireia i Sandra<\/p>\n<p style=\"text-align: center;\"><a href=\"https:\/\/agora.xtec.cat\/escola-agora\/wp-content\/uploads\/usu616\/2020\/05\/arcoiris.jpg\"><img loading=\"lazy\" decoding=\"async\" class=\"size-medium wp-image-5755 aligncenter\" src=\"https:\/\/agora.xtec.cat\/escola-agora\/wp-content\/uploads\/usu616\/2020\/05\/arcoiris-300x129.jpg\" alt=\"\" width=\"300\" height=\"129\" srcset=\"https:\/\/agora.xtec.cat\/escola-agora\/wp-content\/uploads\/usu616\/2020\/05\/arcoiris-300x129.jpg 300w, https:\/\/agora.xtec.cat\/escola-agora\/wp-content\/uploads\/usu616\/2020\/05\/arcoiris.jpg 330w\" sizes=\"auto, (max-width: 300px) 100vw, 300px\" \/><\/a><\/p>\n","protected":false},"excerpt":{"rendered":"<p>&nbsp; Hola fam\u00edlies i nens i nenes de la classe del Rock Quarta setmana!!!! Ens ha fet molta il\u00b7lusi\u00f3 rebre missatges vostres agraint i dient que us agraden les activitats que us es tem fent arribar, moltes gr\u00e0cies!!!! Esperem que una setmana m\u00e9s gaudiu de les feines de les diferents mat\u00e8ries. &nbsp; Continuem valorant molt\u00edssim [&hellip;]<\/p>\n","protected":false},"author":1,"featured_media":0,"comment_status":"open","ping_status":"closed","sticky":false,"template":"","format":"standard","meta":{"_bbp_topic_count":0,"_bbp_reply_count":0,"_bbp_total_topic_count":0,"_bbp_total_reply_count":0,"_bbp_voice_count":0,"_bbp_anonymous_reply_count":0,"_bbp_topic_count_hidden":0,"_bbp_reply_count_hidden":0,"_bbp_forum_subforum_count":0,"site-sidebar-layout":"default","site-content-layout":"","ast-site-content-layout":"","site-content-style":"default","site-sidebar-style":"default","ast-global-header-display":"","ast-banner-title-visibility":"","ast-main-header-display":"","ast-hfb-above-header-display":"","ast-hfb-below-header-display":"","ast-hfb-mobile-header-display":"","site-post-title":"","ast-breadcrumbs-content":"","ast-featured-img":"","footer-sml-layout":"","theme-transparent-header-meta":"","adv-header-id-meta":"","stick-header-meta":"","header-above-stick-meta":"","header-main-stick-meta":"","header-below-stick-meta":"","astra-migrate-meta-layouts":"default","ast-page-background-enabled":"default","ast-page-background-meta":{"desktop":{"background-color":"var(--ast-global-color-4)","background-image":"","background-repeat":"repeat","background-position":"center center","background-size":"auto","background-attachment":"scroll","background-type":"","background-media":"","overlay-type":"","overlay-color":"","overlay-opacity":"","overlay-gradient":""},"tablet":{"background-color":"","background-image":"","background-repeat":"repeat","background-position":"center center","background-size":"auto","background-attachment":"scroll","background-type":"","background-media":"","overlay-type":"","overlay-color":"","overlay-opacity":"","overlay-gradient":""},"mobile":{"background-color":"","background-image":"","background-repeat":"repeat","background-position":"center center","background-size":"auto","background-attachment":"scroll","background-type":"","background-media":"","overlay-type":"","overlay-color":"","overlay-opacity":"","overlay-gradient":""}},"ast-content-background-meta":{"desktop":{"background-color":"var(--ast-global-color-5)","background-image":"","background-repeat":"repeat","background-position":"center center","background-size":"auto","background-attachment":"scroll","background-type":"","background-media":"","overlay-type":"","overlay-color":"","overlay-opacity":"","overlay-gradient":""},"tablet":{"background-color":"var(--ast-global-color-5)","background-image":"","background-repeat":"repeat","background-position":"center center","background-size":"auto","background-attachment":"scroll","background-type":"","background-media":"","overlay-type":"","overlay-color":"","overlay-opacity":"","overlay-gradient":""},"mobile":{"background-color":"var(--ast-global-color-5)","background-image":"","background-repeat":"repeat","background-position":"center center","background-size":"auto","background-attachment":"scroll","background-type":"","background-media":"","overlay-type":"","overlay-color":"","overlay-opacity":"","overlay-gradient":""}},"footnotes":""},"categories":[10],"tags":[],"class_list":["post-5733","post","type-post","status-publish","format-standard","hentry","category-1r"],"post_mailing_queue_ids":[],"_links":{"self":[{"href":"https:\/\/agora.xtec.cat\/escola-agora\/wp-json\/wp\/v2\/posts\/5733","targetHints":{"allow":["GET"]}}],"collection":[{"href":"https:\/\/agora.xtec.cat\/escola-agora\/wp-json\/wp\/v2\/posts"}],"about":[{"href":"https:\/\/agora.xtec.cat\/escola-agora\/wp-json\/wp\/v2\/types\/post"}],"author":[{"embeddable":true,"href":"https:\/\/agora.xtec.cat\/escola-agora\/wp-json\/wp\/v2\/users\/1"}],"replies":[{"embeddable":true,"href":"https:\/\/agora.xtec.cat\/escola-agora\/wp-json\/wp\/v2\/comments?post=5733"}],"version-history":[{"count":3,"href":"https:\/\/agora.xtec.cat\/escola-agora\/wp-json\/wp\/v2\/posts\/5733\/revisions"}],"predecessor-version":[{"id":5839,"href":"https:\/\/agora.xtec.cat\/escola-agora\/wp-json\/wp\/v2\/posts\/5733\/revisions\/5839"}],"wp:attachment":[{"href":"https:\/\/agora.xtec.cat\/escola-agora\/wp-json\/wp\/v2\/media?parent=5733"}],"wp:term":[{"taxonomy":"category","embeddable":true,"href":"https:\/\/agora.xtec.cat\/escola-agora\/wp-json\/wp\/v2\/categories?post=5733"},{"taxonomy":"post_tag","embeddable":true,"href":"https:\/\/agora.xtec.cat\/escola-agora\/wp-json\/wp\/v2\/tags?post=5733"}],"curies":[{"name":"wp","href":"https:\/\/api.w.org\/{rel}","templated":true}]}}