{"id":5694,"date":"2020-05-07T19:16:29","date_gmt":"2020-05-07T17:16:29","guid":{"rendered":"http:\/\/agora.xtec.cat\/escola-agora\/?p=5694"},"modified":"2020-05-08T12:26:59","modified_gmt":"2020-05-08T10:26:59","slug":"proposta-dactivitats-setmana-del-8-al-15-de-maig","status":"publish","type":"post","link":"https:\/\/agora.xtec.cat\/escola-agora\/eduacioinfantil\/i3\/proposta-dactivitats-setmana-del-8-al-15-de-maig\/","title":{"rendered":"Proposta d\u2019activitats setmana del 8 al 15 de Maig"},"content":{"rendered":"<p>&nbsp;<\/p>\n<p>Benvolgudes fam\u00edlies i bateries, de nou us fem arribar una altre proposta d\u2019activitats per aquesta setmana, totes relacionades aquesta vegada amb els <span style=\"color: #ff9900;\">aliments<\/span> i els <span style=\"color: #ff9900;\">utensilis de cuina<\/span>. Com sempre, esperem que gaudiu molt de les activitats.<\/p>\n<p>\u00c0nims que ho esteu fent molt b\u00e9, sou molt treballadors\/es! \ud83d\ude42<\/p>\n<p>&nbsp;<\/p>\n<p><span style=\"color: #ff00ff;\"><strong><u>Activitat 1, M\u00daSICA:<\/u><\/strong><\/span><\/p>\n<p>Per a situar-nos dins el context, us proposem veure aquesta can\u00e7\u00f3 amb els infants. Cliqueu sobre la imatge per accedir al v\u00eddeo.<\/p>\n<p><a href=\"https:\/\/www.youtube.com\/watch?v=AB01EC1Dtg4\"><img loading=\"lazy\" decoding=\"async\" class=\"size-medium wp-image-5698 aligncenter\" src=\"https:\/\/agora.xtec.cat\/escola-agora\/wp-content\/uploads\/usu616\/2020\/05\/can\u00e7\u00f3-cuiner-300x203.jpg\" alt=\"\" width=\"300\" height=\"203\" srcset=\"https:\/\/agora.xtec.cat\/escola-agora\/wp-content\/uploads\/usu616\/2020\/05\/can\u00e7\u00f3-cuiner-300x203.jpg 300w, https:\/\/agora.xtec.cat\/escola-agora\/wp-content\/uploads\/usu616\/2020\/05\/can\u00e7\u00f3-cuiner.jpg 361w\" sizes=\"auto, (max-width: 300px) 100vw, 300px\" \/><\/a><\/p>\n<p>Un cop visualitzada els cops que vulguin, se\u2019ls hi demana que la interpretin i la ballin com desitgin. Els hi podeu fer algunes preguntes relacionades amb la can\u00e7\u00f3 per despr\u00e9s per a poder ballar-la i interpretar-la amb el que necessitin; com van vestides les cuineres i els cuiners? Qu\u00e8 necessiten per cuinar? Quins aliments fan servir per a cuinar? Etc.<\/p>\n<p>Poden disfressar-se, maquillar-se, agafar estris i aliments de la cuina&#8230; El que vulguin, excepte els estris perillosos, \u00e9s clar!<\/p>\n<p><strong><u>Aquesta activitat \u00e9s una de les feines que us demanem el retorn. Caldr\u00e0 que graveu als infants interpretant la can\u00e7\u00f3.<\/u> <\/strong>Quan hagueu acabat de fer-ho, <strong><u>entreu a la carpeta compartida del drive de la setmana corresponent i deseu la feina.<\/u><\/strong><\/p>\n<p>En acabar aquesta activitat, podeu passar a fer la seg\u00fcent aprofitant que aneu vestides de cuineres i cuiners! \ud83d\ude42<\/p>\n<p>&nbsp;<\/p>\n<p><span style=\"color: #00ffff;\"><strong><u>Activitat 2, LLENGUA i MATEM\u00c0TIQUES:<\/u><\/strong><\/span><\/p>\n<p>Vestits com cal de cuineres i cuiners (amb el davantal i amb roba adequada), passem a preparar-nos per a fer un past\u00eds. Els adults supervisaran i ajudaran als infants, per\u00f2 els infants seleccionaran els ingredients i els aniran afegint segons la quantitat i l\u2019ordre que els hi digueu (treballant quantitats i n\u00fameros ordinals \u201cprimer, segon, tercer..\u201d) . Aqu\u00ed teniu els ingredients i els passos a seguir. Podeu deixar als infants la nota dels ingredients i amb la vostra ajuda aniran interpretant-la.<\/p>\n<p><a href=\"https:\/\/agora.xtec.cat\/escola-agora\/wp-content\/uploads\/usu616\/2020\/05\/recepta-pastis.jpg\"><img loading=\"lazy\" decoding=\"async\" class=\" wp-image-5699 aligncenter\" src=\"https:\/\/agora.xtec.cat\/escola-agora\/wp-content\/uploads\/usu616\/2020\/05\/recepta-pastis-268x300.jpg\" alt=\"\" width=\"384\" height=\"430\" srcset=\"https:\/\/agora.xtec.cat\/escola-agora\/wp-content\/uploads\/usu616\/2020\/05\/recepta-pastis-268x300.jpg 268w, https:\/\/agora.xtec.cat\/escola-agora\/wp-content\/uploads\/usu616\/2020\/05\/recepta-pastis.jpg 612w\" sizes=\"auto, (max-width: 384px) 100vw, 384px\" \/><\/a><\/p>\n<p>(Les mesures es prenen amb l\u2019env\u00e0s del iogurt, per aix\u00f2 el dibuix del got davant del sucre, l\u2019oli i la farina).<\/p>\n<p>Abans de comen\u00e7ar a preparar la recepta, caldr\u00e0 escalfar el forn i preparar el motlle amb una mica d\u2019oli o mantega per tot l\u2019interior. Un cop fet aix\u00f2, ja podem comen\u00e7ar la recepta!<\/p>\n<p>Primer caldr\u00e0 que barregeu els ous amb el sucre. Un cop barrejats (fins aconseguir una barreja de color m\u00e9s o menys blanca), es posen la resta de l\u00edquids; el iogurt i l\u2019oli. Despr\u00e9s es posa la\u00a0 ratlladura de la pell de la llimona i per acabar, s\u2019afegeixen la farina amb el llevat i el polsim de sal.<\/p>\n<p>Quan ja es t\u00e9 tot, es pela la poma i es posen els trossets a la barreja. Remenem una mica, aboquem la barreja al motlle i ho deixem al forn durant 30 minuts a 170 \u00ba. Passat aquest temps anem punxant el past\u00eds amb un escuradents fins que surt sec.<\/p>\n<p><a href=\"https:\/\/agora.xtec.cat\/escola-agora\/wp-content\/uploads\/usu616\/2020\/05\/past\u00eds.jpg\"><img loading=\"lazy\" decoding=\"async\" class=\"size-medium wp-image-5700 aligncenter\" src=\"https:\/\/agora.xtec.cat\/escola-agora\/wp-content\/uploads\/usu616\/2020\/05\/past\u00eds-300x169.jpg\" alt=\"\" width=\"300\" height=\"169\" srcset=\"https:\/\/agora.xtec.cat\/escola-agora\/wp-content\/uploads\/usu616\/2020\/05\/past\u00eds-300x169.jpg 300w, https:\/\/agora.xtec.cat\/escola-agora\/wp-content\/uploads\/usu616\/2020\/05\/past\u00eds.jpg 542w\" sizes=\"auto, (max-width: 300px) 100vw, 300px\" \/><\/a><\/p>\n<p>Esperem que gaudiu molt de l\u2019elaboraci\u00f3 i del past\u00eds, BON PROFIT!! \ud83d\ude42<\/p>\n<p>&nbsp;<\/p>\n<p><span style=\"color: #cc99ff;\"><strong><u>Activitat 3, GRAFOMOTRICITAT:<\/u><\/strong><\/span><\/p>\n<p>Una bona manera de poder treballar amb els infants l\u2019aspecte de la grafomotricitat \u00e9s fent-ho d\u2019una manera manipulativa i molt divertida i atractiva per a ells. I com aquesta setmana les propostes s\u00f3n pensades amb elements que tenim a la cuina, ho farem aix\u00ed!<\/p>\n<p>Abans de comen\u00e7ar, cal dibuixar pr\u00e8viament als infants diferents plantilles amb diferents sanefes (com les que es veuen a les imatges adjuntes), i fins i tot, podeu aprofitar per posar alguna plantilla amb els n\u00fameros 0-1-2-3 i el seu nom.<\/p>\n<p><a href=\"https:\/\/agora.xtec.cat\/escola-agora\/wp-content\/uploads\/usu616\/2020\/05\/WhatsApp-Image-2020-05-06-at-13.50.17.jpeg\"><img loading=\"lazy\" decoding=\"async\" class=\"size-medium wp-image-5701 aligncenter\" src=\"https:\/\/agora.xtec.cat\/escola-agora\/wp-content\/uploads\/usu616\/2020\/05\/WhatsApp-Image-2020-05-06-at-13.50.17-300x225.jpeg\" alt=\"\" width=\"300\" height=\"225\" srcset=\"https:\/\/agora.xtec.cat\/escola-agora\/wp-content\/uploads\/usu616\/2020\/05\/WhatsApp-Image-2020-05-06-at-13.50.17-300x225.jpeg 300w, https:\/\/agora.xtec.cat\/escola-agora\/wp-content\/uploads\/usu616\/2020\/05\/WhatsApp-Image-2020-05-06-at-13.50.17-768x576.jpeg 768w, https:\/\/agora.xtec.cat\/escola-agora\/wp-content\/uploads\/usu616\/2020\/05\/WhatsApp-Image-2020-05-06-at-13.50.17-1024x768.jpeg 1024w, https:\/\/agora.xtec.cat\/escola-agora\/wp-content\/uploads\/usu616\/2020\/05\/WhatsApp-Image-2020-05-06-at-13.50.17-200x150.jpeg 200w, https:\/\/agora.xtec.cat\/escola-agora\/wp-content\/uploads\/usu616\/2020\/05\/WhatsApp-Image-2020-05-06-at-13.50.17.jpeg 2048w\" sizes=\"auto, (max-width: 300px) 100vw, 300px\" \/><\/a><\/p>\n<p>Es prepara una safata o recipient gran i pla i s\u2019aboca cacau en pols (si no, es pot realitzar amb sucre, sal, farina..) cobrint tota la base. Es col\u00b7loquen les plantilles davant dels infants, una per una, per tal de que dibuixin la sanefa o n\u00famero que hi veuen sobre el cacau. Cada vegada que en facin un, ajudem als infants a cobrir la base completament per a que puguin tornar a fer els seus dibuixos.<\/p>\n<p><a href=\"https:\/\/agora.xtec.cat\/escola-agora\/wp-content\/uploads\/usu616\/2020\/05\/grafo.jpg\"><img loading=\"lazy\" decoding=\"async\" class=\"size-medium wp-image-5703 aligncenter\" src=\"https:\/\/agora.xtec.cat\/escola-agora\/wp-content\/uploads\/usu616\/2020\/05\/grafo.jpg\" alt=\"\" width=\"279\" height=\"260\" \/><\/a><\/p>\n<p><span style=\"color: #ffcc00;\"><strong><u>Activitat 4, MATEM\u00c0TIQUES:<\/u><\/strong><\/span><\/p>\n<p>Amb aquesta activitat treballarem els termes sobre\/sota. Fent servir el <a href=\"https:\/\/agora.xtec.cat\/escola-agora\/wp-content\/uploads\/usu616\/2020\/05\/ACTIVITAT-SOBRE-SOTA.pdf\">document adjunt<\/a> (tamb\u00e9 el trobareu penjat al drive)<span style=\"font-family: inherit; font-size: 1em;\">, els infants hauran de mirar tots els ingredients i identificar els que han fet servir durant la recepta del past\u00eds (en cas de no fer la recepta, nom\u00e9s cal llegir-los-hi els ingredients necessaris de la recepta). S\u2019explicar\u00e0 als infants que els ingredients de la recepta s\u2019hauran de posar sobre la taula i els que no, sota la taula. Es miren els ingredients un per un, s\u2019identifiquen i es col\u00b7loquen en la seva posici\u00f3. Aquesta tasca es pot fer o b\u00e9 imprimint-la, calcant-la o sin\u00f3, fent-la vivencialment, \u00e9s a dir, col\u00b7locant els ingredients de la recepta i d\u2019altres (no cal que siguin els mateixos que apareixen en el document) sobre una safata i deixant que ho col\u00b7loquin.<\/span><\/p>\n<p><a href=\"https:\/\/agora.xtec.cat\/escola-agora\/wp-content\/uploads\/usu616\/2020\/05\/sobre-sota-bo.jpg\"><img loading=\"lazy\" decoding=\"async\" class=\"size-full wp-image-5704 aligncenter\" src=\"https:\/\/agora.xtec.cat\/escola-agora\/wp-content\/uploads\/usu616\/2020\/05\/sobre-sota-bo.jpg\" alt=\"\" width=\"203\" height=\"146\" \/><\/a><\/p>\n<p><strong><u>Aquesta activitat \u00e9s una de les feines que us demanem el retorn. Caldr\u00e0 que feu una foto del document que han fet els infants, o una foto de la tasca vivencial o b\u00e9 fer-ho vosaltres amb el paint o qualsevol altre programa, segons la posici\u00f3 que hagin dit els infants. <\/u><\/strong>Quan hagueu acabat de fer-ho, <strong><u>entreu a la carpeta compartida del drive de la setmana corresponent i deseu la feina.<\/u><\/strong><\/p>\n<p>&nbsp;<\/p>\n<p><span style=\"color: #3366ff;\"><strong><u>Activitat 5, PL\u00c0STICA:<\/u><\/strong><\/span><\/p>\n<p>Per tal de seguir treballant l\u2019esquema corporal com f\u00e8iem a l\u2019escola, us proposem que els infants dibuixin una cuinera o un cuiner. Se\u2019ls hi planteja l\u2019activitat; primerament podeu dibuixar-ho vosaltres amb l\u2019ajuda dels infants: qu\u00e8 \u00e9s el primer que haig de dibuixar? (el cap), qu\u00e8 haig de dibuixar al cap? (els ulls; quants?, el nas, la boca, les orelles; quantes?, etc.) aquest \u00e9s el moment en el que podem anar ajudant als infants si veiem que es descuiden d\u2019alguna cosa; i per escoltar qu\u00e8 necessita? I per respirar? I a sobre del cap no t\u00e9 res m\u00e9s? Etc. I aix\u00ed fins fer una figura humana, treballant les parts del cos, el nombre de dits que tenim a les mans, als peus, etc. En acabar se\u2019ls hi dona un paper per a que ells facin el dibuix per si sols, sense haver-los-hi de dir qu\u00e8 han de dibuixar, tan sols guiant&#8230; i a la cara no hi va res m\u00e9s? No li dibuixes els dits? Quants en far\u00e0s? Etc. Poden dibuixar-se ells mateixos de cuiners i cuineres! \ud83d\ude42 Estem segurs que faran uns dibuixos ben macos!!<\/p>\n<p style=\"text-align: center;\"><a href=\"https:\/\/agora.xtec.cat\/escola-agora\/wp-content\/uploads\/usu616\/2020\/05\/cuiner.jpg\"><img loading=\"lazy\" decoding=\"async\" class=\"size-medium wp-image-5706 aligncenter\" src=\"https:\/\/agora.xtec.cat\/escola-agora\/wp-content\/uploads\/usu616\/2020\/05\/cuiner-276x300.jpg\" alt=\"\" width=\"276\" height=\"300\" srcset=\"https:\/\/agora.xtec.cat\/escola-agora\/wp-content\/uploads\/usu616\/2020\/05\/cuiner-276x300.jpg 276w, https:\/\/agora.xtec.cat\/escola-agora\/wp-content\/uploads\/usu616\/2020\/05\/cuiner.jpg 403w\" sizes=\"auto, (max-width: 276px) 100vw, 276px\" \/><\/a><\/p>\n<p><strong><u>Aquesta activitat \u00e9s una de les feines que us demanem el retorn. Caldr\u00e0 que feu una foto del dibuix que han realitzat.<\/u> <\/strong>Quan hagueu acabat de fer-ho, <strong><u>entreu a la carpeta compartida del drive de la setmana corresponent i deseu la feina.<\/u><\/strong><\/p>\n<p>&nbsp;<\/p>\n<p><span style=\"color: #ff00ff;\"><strong><u>Activitat 6, MATEM\u00c0TIQUES:<\/u><\/strong><\/span><\/p>\n<p>En aquesta activitat treballarem les matem\u00e0tiques sense oblidar exercitar la pin\u00e7a fina. Abans de poder jugar caldr\u00e0 preparar el material del joc. Es preparen unes targetes amb elements iguals repetits o sense res, per tal de poder treballar els n\u00fameros del 0-3. Com estem treballant amb la tem\u00e0tica dels aliments, els estris i la cuina, hem pensat que els dibuixos podrien estar relacionats amb aquesta tem\u00e0tica (tom\u00e0quets, culleres, paelles, cafeteres, etc). No cal fer uns grans dibuixos, simplement que es vegin que s\u00f3n relativament iguals i que els puguin comptar. A m\u00e9s a m\u00e9s de les targetes, necessitem unes agulles d\u2019estendre en les que apareguin els n\u00fameros del 0-3.<\/p>\n<p><a href=\"https:\/\/agora.xtec.cat\/escola-agora\/wp-content\/uploads\/usu616\/2020\/05\/quantitat-n\u00famero.jpg\"><img loading=\"lazy\" decoding=\"async\" class=\"size-medium wp-image-5707 aligncenter\" src=\"https:\/\/agora.xtec.cat\/escola-agora\/wp-content\/uploads\/usu616\/2020\/05\/quantitat-n\u00famero-300x213.jpg\" alt=\"\" width=\"300\" height=\"213\" srcset=\"https:\/\/agora.xtec.cat\/escola-agora\/wp-content\/uploads\/usu616\/2020\/05\/quantitat-n\u00famero-300x213.jpg 300w, https:\/\/agora.xtec.cat\/escola-agora\/wp-content\/uploads\/usu616\/2020\/05\/quantitat-n\u00famero.jpg 334w\" sizes=\"auto, (max-width: 300px) 100vw, 300px\" \/><\/a><\/p>\n<p>Un cop que es tingui el material enllestit, els infants poden comen\u00e7ar a jugar; hauran d\u2019agafar les targetes, una per una, i comptar el n\u00famero d\u2019elements que hi ha i posar la pin\u00e7a corresponent a la targeta.<\/p>\n<p>&nbsp;<\/p>\n<p><span style=\"color: #00ff00;\"><strong><u>Activitat 7, MATERIAL TAC PER TREBALLAR LLENGUA I MATEM\u00c0TIQUES:<\/u><\/strong><\/span><\/p>\n<p>Per si us interessa, existeixen unes aplicacions infantils per a les tauletes que treballen diferents aspectes on surten aliments i estris de cuina, basant-nos en les activitats d\u2019aquesta setmana. Algunes activitats s\u00f3n per a infants m\u00e9s grans, per\u00f2 d\u2019altres les poden fer els infants de P3. Les aplicacions estan en castell\u00e0, per\u00f2 s\u00f3n entretingudes i divertides per si les voleu mirar i fer-les servir.<\/p>\n<p><a href=\"https:\/\/agora.xtec.cat\/escola-agora\/wp-content\/uploads\/usu616\/2020\/05\/app.jpg\"><img loading=\"lazy\" decoding=\"async\" class=\"alignleft size-full wp-image-5708\" src=\"https:\/\/agora.xtec.cat\/escola-agora\/wp-content\/uploads\/usu616\/2020\/05\/app.jpg\" alt=\"\" width=\"128\" height=\"129\" \/><\/a><\/p>\n<p>&nbsp;<\/p>\n<p style=\"text-align: left;\">Funny Food 123!\u00a0 Bebes juegos educativos para ni\u00f1os.<\/p>\n<p>&nbsp;<\/p>\n<p>&nbsp;<\/p>\n<p><img loading=\"lazy\" decoding=\"async\" class=\"alignleft size-full wp-image-5709\" src=\"https:\/\/agora.xtec.cat\/escola-agora\/wp-content\/uploads\/usu616\/2020\/05\/app2.jpg\" alt=\"\" width=\"125\" height=\"125\" \/><\/p>\n<p>&nbsp;<\/p>\n<p>Funny food, juegos educatives para ninos de 3 a\u00f1os!<\/p>\n<p>&nbsp;<\/p>\n<p>&nbsp;<\/p>\n<p>Aqu\u00ed teniu uns v\u00eddeos que us mostren com s\u00f3n els jocs:<\/p>\n<p><a href=\"https:\/\/www.youtube.com\/watch?v=mOQuSqaqkP0\">https:\/\/www.youtube.com\/watch?v=mOQuSqaqkP0<\/a><\/p>\n<p><a href=\"https:\/\/www.youtube.com\/watch?v=brY6nVI6Fvg\">https:\/\/www.youtube.com\/watch?v=brY6nVI6Fvg<\/a><\/p>\n<p><span style=\"color: #ff6600;\"><strong><u>Activitat 8, Juguem amb coixins a Psicomotricitat!!!<\/u><\/strong><\/span><\/p>\n<p>El Xavi us envia un v\u00eddeo de salutaci\u00f3 i us proposa activitats per a fer a casa: <strong><span style=\"color: #0000ff;\"><a style=\"color: #0000ff;\" href=\"https:\/\/agora.xtec.cat\/escola-agora\/wp-content\/uploads\/usu616\/2020\/05\/Juguem-amb-coixins-2.pdf\">JUGUEM AMB COIXINS!!!<\/a><\/span><\/strong><\/p>\n<p>&nbsp;<\/p>\n<p><strong><u>RECORDATORI:<\/u><\/strong><\/p>\n<ul>\n<li>Totes les activitats proposades es poden realitzar amb materials que teniu a casa, no fa falta la seva impressi\u00f3. Es poden dibuixar, calcar, utilitzar la tauleta o m\u00f2bil com a taulell, imprimir, etc.<\/li>\n<li>Recordeu de penjar totes les propostes realitzades a la carpeta del DRIVE compartida, en el cas que us demanem una foto o un petit v\u00eddeo. Sempre posant el nom de l&#8217;infant.<\/li>\n<\/ul>\n<p>&nbsp;<\/p>\n<p>Res m\u00e9s cuineres i cuiners, esperem que gaudiu molt de les activitats! \u00c0nims fam\u00edlies i bateries! Us estimem!<\/p>\n<p>&nbsp;<\/p>\n<p><u>Alan i Laia.<\/u><\/p>\n","protected":false},"excerpt":{"rendered":"<p>&nbsp; Benvolgudes fam\u00edlies i bateries, de nou us fem arribar una altre proposta d\u2019activitats per aquesta setmana, totes relacionades aquesta vegada amb els aliments i els utensilis de cuina. Com sempre, esperem que gaudiu molt de les activitats. \u00c0nims que ho esteu fent molt b\u00e9, sou molt treballadors\/es! \ud83d\ude42 &nbsp; Activitat 1, M\u00daSICA: Per a [&hellip;]<\/p>\n","protected":false},"author":1,"featured_media":5695,"comment_status":"open","ping_status":"closed","sticky":false,"template":"","format":"standard","meta":{"_bbp_topic_count":0,"_bbp_reply_count":0,"_bbp_total_topic_count":0,"_bbp_total_reply_count":0,"_bbp_voice_count":0,"_bbp_anonymous_reply_count":0,"_bbp_topic_count_hidden":0,"_bbp_reply_count_hidden":0,"_bbp_forum_subforum_count":0,"site-sidebar-layout":"default","site-content-layout":"","ast-site-content-layout":"","site-content-style":"default","site-sidebar-style":"default","ast-global-header-display":"","ast-banner-title-visibility":"","ast-main-header-display":"","ast-hfb-above-header-display":"","ast-hfb-below-header-display":"","ast-hfb-mobile-header-display":"","site-post-title":"","ast-breadcrumbs-content":"","ast-featured-img":"","footer-sml-layout":"","theme-transparent-header-meta":"","adv-header-id-meta":"","stick-header-meta":"","header-above-stick-meta":"","header-main-stick-meta":"","header-below-stick-meta":"","astra-migrate-meta-layouts":"default","ast-page-background-enabled":"default","ast-page-background-meta":{"desktop":{"background-color":"var(--ast-global-color-4)","background-image":"","background-repeat":"repeat","background-position":"center center","background-size":"auto","background-attachment":"scroll","background-type":"","background-media":"","overlay-type":"","overlay-color":"","overlay-opacity":"","overlay-gradient":""},"tablet":{"background-color":"","background-image":"","background-repeat":"repeat","background-position":"center center","background-size":"auto","background-attachment":"scroll","background-type":"","background-media":"","overlay-type":"","overlay-color":"","overlay-opacity":"","overlay-gradient":""},"mobile":{"background-color":"","background-image":"","background-repeat":"repeat","background-position":"center center","background-size":"auto","background-attachment":"scroll","background-type":"","background-media":"","overlay-type":"","overlay-color":"","overlay-opacity":"","overlay-gradient":""}},"ast-content-background-meta":{"desktop":{"background-color":"var(--ast-global-color-5)","background-image":"","background-repeat":"repeat","background-position":"center center","background-size":"auto","background-attachment":"scroll","background-type":"","background-media":"","overlay-type":"","overlay-color":"","overlay-opacity":"","overlay-gradient":""},"tablet":{"background-color":"var(--ast-global-color-5)","background-image":"","background-repeat":"repeat","background-position":"center center","background-size":"auto","background-attachment":"scroll","background-type":"","background-media":"","overlay-type":"","overlay-color":"","overlay-opacity":"","overlay-gradient":""},"mobile":{"background-color":"var(--ast-global-color-5)","background-image":"","background-repeat":"repeat","background-position":"center center","background-size":"auto","background-attachment":"scroll","background-type":"","background-media":"","overlay-type":"","overlay-color":"","overlay-opacity":"","overlay-gradient":""}},"footnotes":""},"categories":[3],"tags":[],"class_list":["post-5694","post","type-post","status-publish","format-standard","has-post-thumbnail","hentry","category-i3"],"post_mailing_queue_ids":[],"_links":{"self":[{"href":"https:\/\/agora.xtec.cat\/escola-agora\/wp-json\/wp\/v2\/posts\/5694","targetHints":{"allow":["GET"]}}],"collection":[{"href":"https:\/\/agora.xtec.cat\/escola-agora\/wp-json\/wp\/v2\/posts"}],"about":[{"href":"https:\/\/agora.xtec.cat\/escola-agora\/wp-json\/wp\/v2\/types\/post"}],"author":[{"embeddable":true,"href":"https:\/\/agora.xtec.cat\/escola-agora\/wp-json\/wp\/v2\/users\/1"}],"replies":[{"embeddable":true,"href":"https:\/\/agora.xtec.cat\/escola-agora\/wp-json\/wp\/v2\/comments?post=5694"}],"version-history":[{"count":4,"href":"https:\/\/agora.xtec.cat\/escola-agora\/wp-json\/wp\/v2\/posts\/5694\/revisions"}],"predecessor-version":[{"id":5838,"href":"https:\/\/agora.xtec.cat\/escola-agora\/wp-json\/wp\/v2\/posts\/5694\/revisions\/5838"}],"wp:featuredmedia":[{"embeddable":true,"href":"https:\/\/agora.xtec.cat\/escola-agora\/wp-json\/wp\/v2\/media\/5695"}],"wp:attachment":[{"href":"https:\/\/agora.xtec.cat\/escola-agora\/wp-json\/wp\/v2\/media?parent=5694"}],"wp:term":[{"taxonomy":"category","embeddable":true,"href":"https:\/\/agora.xtec.cat\/escola-agora\/wp-json\/wp\/v2\/categories?post=5694"},{"taxonomy":"post_tag","embeddable":true,"href":"https:\/\/agora.xtec.cat\/escola-agora\/wp-json\/wp\/v2\/tags?post=5694"}],"curies":[{"name":"wp","href":"https:\/\/api.w.org\/{rel}","templated":true}]}}