{"id":5678,"date":"2020-05-07T18:51:33","date_gmt":"2020-05-07T16:51:33","guid":{"rendered":"http:\/\/agora.xtec.cat\/escola-agora\/?p=5678"},"modified":"2020-05-08T12:15:50","modified_gmt":"2020-05-08T10:15:50","slug":"propostes-setmana-del-8-al-15-de-maig-2","status":"publish","type":"post","link":"https:\/\/agora.xtec.cat\/escola-agora\/eduacioinfantil\/i5\/propostes-setmana-del-8-al-15-de-maig-2\/","title":{"rendered":"Propostes. Setmana del 8 al 15 de maig"},"content":{"rendered":"<p>Benvolgudes fam\u00edlies,<\/p>\n<p>Aquesta setmana el fil conductor de les nostres propostes seran els <span style=\"color: #ff6600;\">animals<\/span>, esperem que gaudiu molt realitzant-les.<\/p>\n<p><strong>Anem a la biblioteca per escoltar un conte<\/strong><\/p>\n<ul>\n<li style=\"list-style-type: none;\">\n<ul style=\"list-style-type: disc;\">\n<li>Conte: <a href=\"https:\/\/www.youtube.com\/watch?v=xgk1Qz5RgM4&amp;t=3s\">Un lle\u00f3 a dins\u00a0<\/a><\/li>\n<\/ul>\n<\/li>\n<\/ul>\n<p style=\"padding-left: 40px;\">Els infants han d\u2019escoltar i gaudir de l\u2019explicaci\u00f3 del conte, com si estigu\u00e9ssim a l\u2019escola.<\/p>\n<ul>\n<li style=\"list-style-type: none;\">\n<ul style=\"list-style-type: disc;\">\n<li>Conversa<\/li>\n<\/ul>\n<\/li>\n<\/ul>\n<p style=\"padding-left: 40px;\">Despr\u00e9s d&#8217;escoltar el conte \u201cUn lle\u00f3 a dins\u201d, feu una conversa amb els infants a trav\u00e9s de diferents preguntes, com ara:<\/p>\n<p><img loading=\"lazy\" decoding=\"async\" class=\"wp-image-5690 alignright\" src=\"https:\/\/agora.xtec.cat\/escola-agora\/wp-content\/uploads\/usu616\/2020\/05\/9788447935482.jpg\" alt=\"\" width=\"106\" height=\"133\" \/><\/p>\n<ul>\n<li style=\"list-style-type: none;\">\n<ul>\n<li style=\"list-style-type: none;\">\n<ul>\n<li style=\"list-style-type: none;\">\n<ul>\n<li style=\"list-style-type: none;\">\n<ul style=\"list-style-type: square;\">\n<li>Alguna vegada t\u2019has sentit com el ratol\u00ed? I com el lle\u00f3? Quins sentiments i emocions tenies?<\/li>\n<li>Creus que el ratol\u00ed \u00e9s valent? Per qu\u00e8?<\/li>\n<li>I el lle\u00f3? Tamb\u00e9 t\u00e9 por? Per qu\u00e8?<\/li>\n<li>Creus que tothom alguna vegada s\u2019ha sentit com el ratol\u00ed? I com el lle\u00f3? Per qu\u00e8?<\/li>\n<\/ul>\n<\/li>\n<\/ul>\n<\/li>\n<\/ul>\n<\/li>\n<\/ul>\n<\/li>\n<\/ul>\n<ul>\n<li style=\"list-style-type: none;\">\n<ul style=\"list-style-type: disc;\">\n<li>Ens dibuixem!<\/li>\n<\/ul>\n<\/li>\n<\/ul>\n<p style=\"padding-left: 40px;\">Proposem als nens i nenes que es dibuixin a si mateixos, representant aix\u00ed les seves qualitats i fortaleses. Es dibuixen en llapis i despr\u00e9s el pinten amb colors de fusta, ceres o retoladors. Us demanem que <span style=\"color: #ff0000;\">feu una foto<\/span>, del dibuix, i la <span style=\"color: #ff0000;\">pengeu al Drive<\/span>.<\/p>\n<p><strong>Fem d\u2019investigadors<\/strong><\/p>\n<ul>\n<li style=\"list-style-type: none;\">\n<ul style=\"list-style-type: disc;\">\n<li>Cada infant haur\u00e0 de crear els seus animals, buscant la seva ombra i dibuixant la silueta.<\/li>\n<\/ul>\n<\/li>\n<\/ul>\n<p style=\"padding-left: 40px;\">Per aquesta activitat necessitarem:<\/p>\n<ul>\n<li style=\"list-style-type: none;\">\n<ul>\n<li style=\"list-style-type: none;\">\n<ul style=\"list-style-type: square;\">\n<li>Paper blanc o la <a href=\"https:\/\/agora.xtec.cat\/escola-agora\/wp-content\/uploads\/usu616\/2020\/05\/PLANTILLA-OMBRES.pdf\">plantilla d&#8217;ombres<\/a><\/li>\n<li>5 animals (els que tingueu a casa)<\/li>\n<li>Llapis o retolador<\/li>\n<li>Sol o llum<\/li>\n<\/ul>\n<\/li>\n<\/ul>\n<\/li>\n<\/ul>\n<p style=\"padding-left: 40px;\">Posarem el paper, sobre una superf\u00edcie plana, on hi hagi sol o llum. Despr\u00e9s, haurem de col\u00b7locar el paper de manera que trobem la seva ombra reflectida en el paper i resseguirem la seva silueta.<a href=\"https:\/\/www.youtube.com\/watch?v=LTa3Vd2-DNk\"><img loading=\"lazy\" decoding=\"async\" class=\"wp-image-5682 size-full aligncenter\" src=\"https:\/\/agora.xtec.cat\/escola-agora\/wp-content\/uploads\/usu616\/2020\/05\/ombres.jpg\" alt=\"\" width=\"473\" height=\"196\" srcset=\"https:\/\/agora.xtec.cat\/escola-agora\/wp-content\/uploads\/usu616\/2020\/05\/ombres.jpg 473w, https:\/\/agora.xtec.cat\/escola-agora\/wp-content\/uploads\/usu616\/2020\/05\/ombres-300x124.jpg 300w\" sizes=\"auto, (max-width: 473px) 100vw, 473px\" \/><\/a><\/p>\n<ul>\n<li style=\"list-style-type: none;\">\n<ul style=\"list-style-type: disc;\">\n<li>Una vegada tenim les 5 figures dels animals haurem de posar el nom de cadascun al costat del dibuix que ens ha sortit.<\/li>\n<\/ul>\n<\/li>\n<\/ul>\n<p style=\"padding-left: 80px;\">\u00a0 \u00a0 \u00a0 \u00a0 \u00a0 \u00a0 \u00a0 \u00a0 \u00a0 \u00a0 \u00a0 \u00a0 \u00a0 \u00a0 \u00a0 \u00a0 \u00a0 \u00a0 \u00a0 \u00a0 \u00a0 \u00a0 \u00a0 \u00a0 \u00a0 \u00a0 \u00a0 \u00a0 \u00a0 \u00a0 \u00a0 \u00a0 \u00a0 \u00a0 \u00a0 \u00a0 \u00a0\u00a0 <a href=\"https:\/\/agora.xtec.cat\/escola-agora\/wp-content\/uploads\/usu616\/2020\/05\/PLANTILLA-OMBRES.pdf\">Exemple<\/a>\u00a0 \u00a0 \u00a0 \u00a0 \u00a0 \u00a0 \u00a0 \u00a0 \u00a0 \u00a0 \u00a0 \u00a0 \u00a0 \u00a0 \u00a0 \u00a0 \u00a0 \u00a0\u00a0<a href=\"https:\/\/www.youtube.com\/watch?v=LTa3Vd2-DNk\">Exemple<\/a> <img loading=\"lazy\" decoding=\"async\" class=\"wp-image-5684 size-full aligncenter\" src=\"https:\/\/agora.xtec.cat\/escola-agora\/wp-content\/uploads\/usu616\/2020\/05\/exemple.jpg\" alt=\"\" width=\"420\" height=\"232\" srcset=\"https:\/\/agora.xtec.cat\/escola-agora\/wp-content\/uploads\/usu616\/2020\/05\/exemple.jpg 420w, https:\/\/agora.xtec.cat\/escola-agora\/wp-content\/uploads\/usu616\/2020\/05\/exemple-300x166.jpg 300w\" sizes=\"auto, (max-width: 420px) 100vw, 420px\" \/><\/p>\n<ul>\n<li style=\"list-style-type: none;\">\n<ul style=\"list-style-type: disc;\">\n<li>Per acabar la proposta, haureu d&#8217;ordenar de GRAN a PETIT les siluetes que us han sortit.<\/li>\n<\/ul>\n<\/li>\n<\/ul>\n<p style=\"padding-left: 40px;\"><a href=\"https:\/\/agora.xtec.cat\/escola-agora\/wp-content\/uploads\/usu616\/2020\/05\/siluetes.jpg\"><img loading=\"lazy\" decoding=\"async\" class=\"wp-image-5685 aligncenter\" src=\"https:\/\/agora.xtec.cat\/escola-agora\/wp-content\/uploads\/usu616\/2020\/05\/siluetes.jpg\" alt=\"\" width=\"270\" height=\"375\" srcset=\"https:\/\/agora.xtec.cat\/escola-agora\/wp-content\/uploads\/usu616\/2020\/05\/siluetes.jpg 333w, https:\/\/agora.xtec.cat\/escola-agora\/wp-content\/uploads\/usu616\/2020\/05\/siluetes-216x300.jpg 216w\" sizes=\"auto, (max-width: 270px) 100vw, 270px\" \/><\/a>Aquestes propostes han de tenir un retorn:<\/p>\n<ol>\n<li style=\"list-style-type: none;\">\n<ol>\n<li style=\"list-style-type: none;\">\n<ol>\n<li style=\"list-style-type: none;\">\n<ol>\n<li style=\"list-style-type: none;\">\n<ol>\n<li>Feu una foto de la plantilla amb de les siluetes dibuixades i el nom dels animals.<\/li>\n<li>Feu una foto a l&#8217;ordenaci\u00f3 dels animals.<\/li>\n<\/ol>\n<\/li>\n<\/ol>\n<\/li>\n<\/ol>\n<\/li>\n<\/ol>\n<\/li>\n<\/ol>\n<p><span style=\"color: #ff0000;\">Pengeu-les<\/span> a la carpeta del <span style=\"color: #ff0000;\">drive<\/span> compartida amb nosaltres.<\/p>\n<p><strong>Fem TAC<\/strong><\/p>\n<ul>\n<li style=\"list-style-type: none;\">\n<ul style=\"list-style-type: disc;\">\n<li>Fem una <a href=\"https:\/\/clic.xtec.cat\/projects\/animals5\/jclic.js\/index.html\">activitat de llengua<\/a> sobre alguns animals i el seu h\u00e0bitat.<\/li>\n<\/ul>\n<\/li>\n<\/ul>\n<ul>\n<li style=\"list-style-type: none;\">\n<ul style=\"list-style-type: disc;\">\n<li>Juguem amb la realitat augmentada. Us proposem dues aplicacions, per la tauleta i\/o el m\u00f2bil, per si Google 3D Animals no funciona.<\/li>\n<\/ul>\n<\/li>\n<\/ul>\n<ul>\n<li style=\"list-style-type: none;\">\n<ul>\n<li style=\"list-style-type: none;\">\n<ul>\n<li style=\"list-style-type: none;\">\n<ul>\n<li style=\"list-style-type: none;\">\n<ul style=\"list-style-type: square;\">\n<li><strong>Google 3D Animals. <\/strong>No est\u00e0 associada a cap aplicaci\u00f3, l\u2019\u00fanic requisit per poder activar l\u2019animal en 3D \u00e9s que el nostre dispositiu sigui compatible amb la realitat augmentada ARCore o ARTKit Ready.<\/li>\n<\/ul>\n<\/li>\n<\/ul>\n<\/li>\n<\/ul>\n<\/li>\n<\/ul>\n<\/li>\n<\/ul>\n<p style=\"padding-left: 80px;\">Com funciona? Veure el seg\u00fcent <a style=\"font-family: inherit; font-size: 1em;\" href=\"https:\/\/www.youtube.com\/watch?v=LQL7LUu782s\">v\u00eddeo.<\/a><\/p>\n<ul>\n<li style=\"list-style-type: none;\">\n<ul>\n<li style=\"list-style-type: none;\">\n<ul>\n<li style=\"list-style-type: none;\">\n<ul>\n<li style=\"list-style-type: none;\">\n<ul style=\"list-style-type: square;\">\n<li><strong>Quiver.<\/strong> \u00c9s una aplicaci\u00f3 pel m\u00f2bil o la tauleta.<\/li>\n<\/ul>\n<\/li>\n<\/ul>\n<\/li>\n<\/ul>\n<\/li>\n<\/ul>\n<\/li>\n<\/ul>\n<p style=\"padding-left: 80px;\">Com funciona? Cal instal\u00b7lar l\u2019aplicaci\u00f3 en el dispositiu i imprimir una fitxa, la podeu descarregar des de l\u2019aplicaci\u00f3 o a la seva <a href=\"http:\/\/www.quivervision.com\/coloring-packs\/\">p\u00e0gina web<\/a>. Els infants han de pintar la fitxa i quan activem els marcadors des de l&#8217;aplicaci\u00f3 del dispositiu m\u00f2bil, apareix i pren vida l\u2019objecte de la fitxa, amb els mateixos colors en 3D.<\/p>\n<p><strong>Peixos matem\u00e0tics<\/strong><\/p>\n<ul>\n<li style=\"list-style-type: none;\">\n<ul style=\"list-style-type: disc;\">\n<li>Us proposem crear amb els infants un joc matem\u00e0tic molt complet i entretingut, blocs l\u00f2gics. Nom\u00e9s necessitem envasos de tetrabrics (llet, suc, sopes\u2026), un llapis, un retolador negre i tisores.<\/li>\n<\/ul>\n<\/li>\n<\/ul>\n<p style=\"padding-left: 40px;\">Com els farem? Vegeu el seg\u00fcent <a href=\"https:\/\/www.youtube.com\/watch?v=_SK2M1dq6L0&amp;feature=youtu.be\">v\u00eddeo<\/a>.<a href=\"https:\/\/www.youtube.com\/watch?v=_SK2M1dq6L0\"><img loading=\"lazy\" decoding=\"async\" class=\"size-full wp-image-5686 aligncenter\" src=\"https:\/\/agora.xtec.cat\/escola-agora\/wp-content\/uploads\/usu616\/2020\/05\/fem-els-nostres-peixos.jpg\" alt=\"\" width=\"268\" height=\"194\" \/><\/a><\/p>\n<ul>\n<li style=\"list-style-type: none;\">\n<ul style=\"list-style-type: disc;\">\n<li>Ara que ja tenim els nostres peixos, <span style=\"color: #ff00ff;\">a jugar!<\/span><\/li>\n<\/ul>\n<\/li>\n<\/ul>\n<p style=\"padding-left: 40px;\">Podem agrupar-los per fam\u00edlies\/mida, fer s\u00e8ries&#8230;voleu saber m\u00e9s? B\u00e9, vegeu el <a href=\"https:\/\/www.youtube.com\/watch?v=ekEpiBfmbN8\">v\u00eddeo<\/a> que adjuntem a continuaci\u00f3.<a href=\"https:\/\/www.youtube.com\/watch?v=ekEpiBfmbN8\"><img loading=\"lazy\" decoding=\"async\" class=\"size-full wp-image-5687 aligncenter\" src=\"https:\/\/agora.xtec.cat\/escola-agora\/wp-content\/uploads\/usu616\/2020\/05\/peixos.jpg\" alt=\"\" width=\"262\" height=\"194\" \/><\/a><\/p>\n<p><strong>Let\u2019s sing and dance in english<\/strong><\/p>\n<ul style=\"list-style-type: disc;\">\n<li style=\"list-style-type: none;\">\n<ul style=\"list-style-type: disc;\">\n<li>Song \u2192 <a href=\"https:\/\/www.youtube.com\/watch?v=GoSq-yZcJ-4\">Walking in the jungle<\/a><\/li>\n<li>Just Dance \u2192 <a href=\"https:\/\/www.youtube.com\/watch?v=GcvA1OWu6rg\">Five little monkeys<\/a><\/li>\n<li>Vocabulary \u2192 <a href=\"https:\/\/www.youtube.com\/watch?v=GzUyCDZKoBw\">Jungle Animals<\/a><\/li>\n<\/ul>\n<\/li>\n<\/ul>\n<p style=\"padding-left: 40px;\">Us proposem aquestes din\u00e0miques perqu\u00e8 els infants continu\u00efn familiaritzant-se i divertint-se amb la llengua anglesa.<\/p>\n<p>Aquesta setmana, l<span style=\"color: #ffcc00;\">\u2019Aurora<\/span>, ens ha preparat l\u2019audici\u00f3 del conte \u201c<a href=\"https:\/\/drive.google.com\/open?id=1jzNKJ6njZEqHoHAibzGAzeSdg9lIRDii\">Hay un hipop\u00f3tamo en la ba\u00f1era\u201d.<\/a><\/p>\n<p>Per acabar, el<span style=\"color: #00ff00;\"> Xavi <\/span>ens proposa unes din\u00e0miques molt divertides amb coixins, preparats i preparades? B\u00e9, en aquest <a href=\"https:\/\/agora.xtec.cat\/escola-agora\/wp-content\/uploads\/usu616\/2020\/05\/Juguem-amb-coixins-2.pdf\">enlla\u00e7<\/a> podeu veure les seves propostes.<\/p>\n<p>Esperem que us agradin i gaudiu de les propostes d\u2019aquesta setmana. \ud83d\ude42<\/p>\n<p>Moltes abra\u00e7ades i petons<\/p>\n<p>Sara i Aida<\/p>\n<p>&nbsp;<\/p>\n<p><strong><u>RECORDATORI:<\/u><\/strong><\/p>\n<ul>\n<li>Totes les activitats proposades es poden realitzar amb materials que teniu a casa, no fa falta la seva impressi\u00f3. Es poden dibuixar, calcar, utilitzar la tauleta o m\u00f2bil com a taulell, imprimir, etc.<\/li>\n<li>Recordeu de penjar totes les propostes demanades a la carpeta del DRIVE compartida, ja sigui una foto o un petit v\u00eddeo. Sempre posant el nom de l&#8217;infant.<\/li>\n<\/ul>\n<p style=\"padding-left: 40px;\">\n","protected":false},"excerpt":{"rendered":"<p>Benvolgudes fam\u00edlies, Aquesta setmana el fil conductor de les nostres propostes seran els animals, esperem que gaudiu molt realitzant-les. Anem a la biblioteca per escoltar un conte Conte: Un lle\u00f3 a dins\u00a0 Els infants han d\u2019escoltar i gaudir de l\u2019explicaci\u00f3 del conte, com si estigu\u00e9ssim a l\u2019escola. Conversa Despr\u00e9s d&#8217;escoltar el conte \u201cUn lle\u00f3 a [&hellip;]<\/p>\n","protected":false},"author":1,"featured_media":5691,"comment_status":"open","ping_status":"closed","sticky":false,"template":"","format":"standard","meta":{"_bbp_topic_count":0,"_bbp_reply_count":0,"_bbp_total_topic_count":0,"_bbp_total_reply_count":0,"_bbp_voice_count":0,"_bbp_anonymous_reply_count":0,"_bbp_topic_count_hidden":0,"_bbp_reply_count_hidden":0,"_bbp_forum_subforum_count":0,"site-sidebar-layout":"default","site-content-layout":"","ast-site-content-layout":"","site-content-style":"default","site-sidebar-style":"default","ast-global-header-display":"","ast-banner-title-visibility":"","ast-main-header-display":"","ast-hfb-above-header-display":"","ast-hfb-below-header-display":"","ast-hfb-mobile-header-display":"","site-post-title":"","ast-breadcrumbs-content":"","ast-featured-img":"","footer-sml-layout":"","theme-transparent-header-meta":"","adv-header-id-meta":"","stick-header-meta":"","header-above-stick-meta":"","header-main-stick-meta":"","header-below-stick-meta":"","astra-migrate-meta-layouts":"default","ast-page-background-enabled":"default","ast-page-background-meta":{"desktop":{"background-color":"var(--ast-global-color-4)","background-image":"","background-repeat":"repeat","background-position":"center center","background-size":"auto","background-attachment":"scroll","background-type":"","background-media":"","overlay-type":"","overlay-color":"","overlay-opacity":"","overlay-gradient":""},"tablet":{"background-color":"","background-image":"","background-repeat":"repeat","background-position":"center center","background-size":"auto","background-attachment":"scroll","background-type":"","background-media":"","overlay-type":"","overlay-color":"","overlay-opacity":"","overlay-gradient":""},"mobile":{"background-color":"","background-image":"","background-repeat":"repeat","background-position":"center center","background-size":"auto","background-attachment":"scroll","background-type":"","background-media":"","overlay-type":"","overlay-color":"","overlay-opacity":"","overlay-gradient":""}},"ast-content-background-meta":{"desktop":{"background-color":"var(--ast-global-color-5)","background-image":"","background-repeat":"repeat","background-position":"center center","background-size":"auto","background-attachment":"scroll","background-type":"","background-media":"","overlay-type":"","overlay-color":"","overlay-opacity":"","overlay-gradient":""},"tablet":{"background-color":"var(--ast-global-color-5)","background-image":"","background-repeat":"repeat","background-position":"center center","background-size":"auto","background-attachment":"scroll","background-type":"","background-media":"","overlay-type":"","overlay-color":"","overlay-opacity":"","overlay-gradient":""},"mobile":{"background-color":"var(--ast-global-color-5)","background-image":"","background-repeat":"repeat","background-position":"center center","background-size":"auto","background-attachment":"scroll","background-type":"","background-media":"","overlay-type":"","overlay-color":"","overlay-opacity":"","overlay-gradient":""}},"footnotes":""},"categories":[9],"tags":[],"class_list":["post-5678","post","type-post","status-publish","format-standard","has-post-thumbnail","hentry","category-i5"],"post_mailing_queue_ids":[],"_links":{"self":[{"href":"https:\/\/agora.xtec.cat\/escola-agora\/wp-json\/wp\/v2\/posts\/5678","targetHints":{"allow":["GET"]}}],"collection":[{"href":"https:\/\/agora.xtec.cat\/escola-agora\/wp-json\/wp\/v2\/posts"}],"about":[{"href":"https:\/\/agora.xtec.cat\/escola-agora\/wp-json\/wp\/v2\/types\/post"}],"author":[{"embeddable":true,"href":"https:\/\/agora.xtec.cat\/escola-agora\/wp-json\/wp\/v2\/users\/1"}],"replies":[{"embeddable":true,"href":"https:\/\/agora.xtec.cat\/escola-agora\/wp-json\/wp\/v2\/comments?post=5678"}],"version-history":[{"count":3,"href":"https:\/\/agora.xtec.cat\/escola-agora\/wp-json\/wp\/v2\/posts\/5678\/revisions"}],"predecessor-version":[{"id":5833,"href":"https:\/\/agora.xtec.cat\/escola-agora\/wp-json\/wp\/v2\/posts\/5678\/revisions\/5833"}],"wp:featuredmedia":[{"embeddable":true,"href":"https:\/\/agora.xtec.cat\/escola-agora\/wp-json\/wp\/v2\/media\/5691"}],"wp:attachment":[{"href":"https:\/\/agora.xtec.cat\/escola-agora\/wp-json\/wp\/v2\/media?parent=5678"}],"wp:term":[{"taxonomy":"category","embeddable":true,"href":"https:\/\/agora.xtec.cat\/escola-agora\/wp-json\/wp\/v2\/categories?post=5678"},{"taxonomy":"post_tag","embeddable":true,"href":"https:\/\/agora.xtec.cat\/escola-agora\/wp-json\/wp\/v2\/tags?post=5678"}],"curies":[{"name":"wp","href":"https:\/\/api.w.org\/{rel}","templated":true}]}}