{"id":5130,"date":"2020-04-16T20:25:30","date_gmt":"2020-04-16T18:25:30","guid":{"rendered":"http:\/\/agora.xtec.cat\/escola-agora\/?p=5130"},"modified":"2020-04-17T11:29:37","modified_gmt":"2020-04-17T09:29:37","slug":"propostes-setmana-del-17-al-24-dabril-4","status":"publish","type":"post","link":"https:\/\/agora.xtec.cat\/escola-agora\/eduacioinfantil\/i5\/propostes-setmana-del-17-al-24-dabril-4\/","title":{"rendered":"Propostes: Setmana del 17 al 24 d&#8217;abril"},"content":{"rendered":"<p><span style=\"font-weight: 400;\">Benvolgudes fam\u00edlies,<\/span><\/p>\n<p><span style=\"font-weight: 400;\">comencem amb les nostres propostes setmanals, i \u00e9s torn de la primavera.<\/span><\/p>\n<p><b>Som m\u00fasics\u00a0\u00a0<\/b><\/p>\n<ul>\n<li><span style=\"font-weight: 400;\">Mirem i escoltem amb atenci\u00f3 l\u2019audici\u00f3 de <\/span><i><span style=\"font-weight: 400;\">\u201cVivaldi, Les Quatre Estacions: La Primavera\u201d.\u00a0\u00a0<\/span><\/i><\/li>\n<\/ul>\n<p style=\"text-align: center;\"><a href=\"https:\/\/www.youtube.com\/watch?v=dciqiiaydew\"><img loading=\"lazy\" decoding=\"async\" class=\"size-full wp-image-5131 aligncenter\" src=\"https:\/\/agora.xtec.cat\/escola-agora\/wp-content\/uploads\/usu616\/2020\/04\/vivaldi.png\" alt=\"\" width=\"229\" height=\"137\" \/><\/a><span style=\"font-family: inherit; font-size: 1em;\">Pitja sobre la imatge<\/span><\/p>\n<p><b>Som artistes<\/b><\/p>\n<ul>\n<li style=\"font-weight: 400;\"><span style=\"font-weight: 400;\">Una vegada escoltada i mirada l\u2019audici\u00f3, fem un <\/span><span style=\"font-weight: 400;\">dibuix de la primavera <\/span><span style=\"font-weight: 400;\">reflectint els sentiments i emocions que ens ha transm\u00e8s l\u2019audici\u00f3. <\/span>Ho podeu fer amb retoladors, pintura, ceres&#8230;.. amb els materials que tingueu a casa. Un cop feta l\u2019activitat, pengeu la foto de la vostra creaci\u00f3 a la carpeta del DRIVE compartida amb nosaltres.<\/li>\n<\/ul>\n<p><b>Fem TAC<\/b><\/p>\n<ul>\n<li style=\"font-weight: 400;\"><span style=\"font-weight: 400;\">Fem una <\/span><a href=\"https:\/\/clic.xtec.cat\/projects\/estacio2\/primaver\/jclic.js\/index.html\"><span style=\"font-weight: 400;\">activitat de llengua<\/span><\/a><span style=\"font-weight: 400;\"> sobre la primavera.<\/span><\/li>\n<\/ul>\n<p><b>Fem matem\u00e0tiques<\/b><\/p>\n<ul>\n<li style=\"font-weight: 400;\"><span style=\"font-weight: 400;\">Juguem amb l\u2019Ona<\/span><\/li>\n<\/ul>\n<p><span style=\"font-weight: 400;\">El funcionament del joc \u00e9s similar al de l\u2019oca, per\u00f2 amb ritme i moviment.\u00a0<\/span><\/p>\n<p><span style=\"font-weight: 400;\">Per jugar necessiteu el <\/span><a href=\"https:\/\/drive.google.com\/open?id=1Yl1X2q2z8Yk_iBq83DZo0vAgdjVsMJbR\"><span style=\"font-weight: 400;\">taulell del joc<\/span><\/a><span style=\"font-weight: 400;\"> &#8211; disponible al Drive (el podeu imprimir, jugar des de la tauleta\/ordinador, copiar, calcar, etc.), fitxes del parx\u00eds, de plastilina&#8230; i un dau.\u00a0<\/span><\/p>\n<ul>\n<li style=\"font-weight: 400;\"><span style=\"font-weight: 400;\">Primavera matem\u00e0tica: SUMEM AMB FLORS!<\/span><\/li>\n<\/ul>\n<p><span style=\"font-weight: 400;\">Per fer les nostres flors matem\u00e0tiques necessitem:\u00a0<\/span><a href=\"https:\/\/agora.xtec.cat\/escola-agora\/wp-content\/uploads\/usu616\/2020\/04\/1.png\"><img loading=\"lazy\" decoding=\"async\" class=\"aligncenter wp-image-5134 \" src=\"https:\/\/agora.xtec.cat\/escola-agora\/wp-content\/uploads\/usu616\/2020\/04\/1.png\" alt=\"\" width=\"642\" height=\"147\" srcset=\"https:\/\/agora.xtec.cat\/escola-agora\/wp-content\/uploads\/usu616\/2020\/04\/1.png 804w, https:\/\/agora.xtec.cat\/escola-agora\/wp-content\/uploads\/usu616\/2020\/04\/1-300x69.png 300w, https:\/\/agora.xtec.cat\/escola-agora\/wp-content\/uploads\/usu616\/2020\/04\/1-768x176.png 768w\" sizes=\"auto, (max-width: 642px) 100vw, 642px\" \/><\/a><\/p>\n<p><span style=\"font-weight: 400;\">\u00a0 \u00a0 \u00a0 \u00a0 \u00a0 \u00a0 \u00a0 \u00a0 \u00a0 \u00a0 \u00a0cartr\u00f3\/ tetrabrics, cartolines, llapis i tisores, un recipient rod\u00f3 o de forma rodona, pintures, pinzells i un recipient amb aigua.<\/span><\/p>\n<p>1.\u00a0 Preparem el cartr\u00f3\u00a0 i\/o tetrabrics.<img loading=\"lazy\" decoding=\"async\" class=\"wp-image-5135 aligncenter\" src=\"https:\/\/agora.xtec.cat\/escola-agora\/wp-content\/uploads\/usu616\/2020\/04\/2.png\" alt=\"\" width=\"182\" height=\"133\" \/><\/p>\n<p>2. <span style=\"font-weight: 400;\">Resseguim, al cartr\u00f3, la forma de l\u2019env\u00e0s\/recipient rod\u00f3 i retallem.<\/span><a href=\"https:\/\/agora.xtec.cat\/escola-agora\/wp-content\/uploads\/usu616\/2020\/04\/3.png\"><img loading=\"lazy\" decoding=\"async\" class=\"aligncenter wp-image-5139 \" src=\"https:\/\/agora.xtec.cat\/escola-agora\/wp-content\/uploads\/usu616\/2020\/04\/3.png\" alt=\"\" width=\"564\" height=\"147\" srcset=\"https:\/\/agora.xtec.cat\/escola-agora\/wp-content\/uploads\/usu616\/2020\/04\/3.png 695w, https:\/\/agora.xtec.cat\/escola-agora\/wp-content\/uploads\/usu616\/2020\/04\/3-300x78.png 300w\" sizes=\"auto, (max-width: 564px) 100vw, 564px\" \/><\/a><span style=\"font-weight: 400;\">3. Pintem i decorem les nostres flors i les deixem assecar.<\/span><a href=\"https:\/\/agora.xtec.cat\/escola-agora\/wp-content\/uploads\/usu616\/2020\/04\/4.png\"><img loading=\"lazy\" decoding=\"async\" class=\"aligncenter wp-image-5140 \" src=\"https:\/\/agora.xtec.cat\/escola-agora\/wp-content\/uploads\/usu616\/2020\/04\/4.png\" alt=\"\" width=\"546\" height=\"152\" srcset=\"https:\/\/agora.xtec.cat\/escola-agora\/wp-content\/uploads\/usu616\/2020\/04\/4.png 646w, https:\/\/agora.xtec.cat\/escola-agora\/wp-content\/uploads\/usu616\/2020\/04\/4-300x84.png 300w\" sizes=\"auto, (max-width: 546px) 100vw, 546px\" \/><\/a><\/p>\n<p><strong>Ara que ja tenim les flors, podem jugar!<\/strong><\/p>\n<p><span style=\"font-weight: 400;\">Necessitem: les nostres flors, un parell de daus, agulles d\u2019estendre la roba, clips, pinces petites, etc.<\/span><\/p>\n<p><img loading=\"lazy\" decoding=\"async\" class=\"wp-image-5141 aligncenter\" src=\"https:\/\/agora.xtec.cat\/escola-agora\/wp-content\/uploads\/usu616\/2020\/04\/5-300x216.png\" alt=\"\" width=\"263\" height=\"189\" srcset=\"https:\/\/agora.xtec.cat\/escola-agora\/wp-content\/uploads\/usu616\/2020\/04\/5-300x216.png 300w, https:\/\/agora.xtec.cat\/escola-agora\/wp-content\/uploads\/usu616\/2020\/04\/5.png 386w\" sizes=\"auto, (max-width: 263px) 100vw, 263px\" \/><\/p>\n<p><span style=\"font-weight: 400;\"><span style=\"color: #00ff00;\"><strong>A JUGAR!<\/strong><\/span> Llencem els daus i col\u00b7loquem tantes pinces\/clips com la quantitat total que ens ha sortit.<\/span><a href=\"https:\/\/agora.xtec.cat\/escola-agora\/wp-content\/uploads\/usu616\/2020\/04\/6.png\"><img loading=\"lazy\" decoding=\"async\" class=\"aligncenter wp-image-5142 \" src=\"https:\/\/agora.xtec.cat\/escola-agora\/wp-content\/uploads\/usu616\/2020\/04\/6.png\" alt=\"\" width=\"706\" height=\"216\" srcset=\"https:\/\/agora.xtec.cat\/escola-agora\/wp-content\/uploads\/usu616\/2020\/04\/6.png 798w, https:\/\/agora.xtec.cat\/escola-agora\/wp-content\/uploads\/usu616\/2020\/04\/6-300x92.png 300w, https:\/\/agora.xtec.cat\/escola-agora\/wp-content\/uploads\/usu616\/2020\/04\/6-768x235.png 768w\" sizes=\"auto, (max-width: 706px) 100vw, 706px\" \/><\/a><\/p>\n<p><span style=\"font-weight: 400;\">Esperem que us agradin i gaudiu de les propostes d\u2019aquesta setmana.<\/span><\/p>\n<p><span style=\"font-weight: 400;\">Moltes abra\u00e7ades i petons<\/span><\/p>\n<p><span style=\"font-weight: 400;\">Sara i Aida<\/span><\/p>\n<p><b>RECORDATORI:<\/b><\/p>\n<ul>\n<li style=\"font-weight: 400;\"><span style=\"font-weight: 400;\">Totes les activitats proposades es poden realitzar amb materials que teniu a casa, no fa falta la seva impressi\u00f3.<\/span><\/li>\n<\/ul>\n<p><span style=\"font-weight: 400;\">\u00a0 \u00a0 Es poden dibuixar, calcar, utilitzar la tauleta o m\u00f2bil com a taulell, imprimir, etc.\u00a0<\/span><\/p>\n<ul>\n<li style=\"font-weight: 400;\"><span style=\"font-weight: 400;\">Recordeu de penjar totes les propostes realitzades a la carpeta del DRIVE compartida, ja sigui una foto o un petit v\u00eddeo. Sempre posant el nom de l&#8217;infant.<\/span><\/li>\n<\/ul>\n<p>&nbsp;<\/p>\n<p><strong>El Xavi tamb\u00e9 us ha deixat un missatge:\u00a0<\/strong><\/p>\n<p><span style=\"font-weight: 400;\">Bon dia nens i nenes de l\u2019\u00c0gora,\u00a0<\/span><\/p>\n<p><span style=\"font-weight: 400;\">Com esteu? Espero que tots i totes, i els vostres entorns propers, estigueu b\u00e9&#8230;\u00a0<\/span><\/p>\n<p><span style=\"font-weight: 400;\">Us proposo una s\u00e8rie de jocs per a que pugueu anar fent a casa. Son tots jocs que hem fet a l\u2019escola i segur que sabreu explicar a les vostres cases com es juga i engrescar la resta de la fam\u00edlia a jugar-hi&#8230;\u00a0<\/span><\/p>\n<p><span style=\"font-weight: 400;\">Molts \u00e0nims a tothom i esperem que passem aquesta situaci\u00f3 aviat i ens puguem tornar a veure a l\u2019escola amb normalitat.\u00a0<\/span><\/p>\n<ul>\n<li><span style=\"color: #ffcc00;\"><strong>Joc de les est\u00e0tues:\u00a0<\/strong><\/span><\/li>\n<\/ul>\n<p><span style=\"font-weight: 400;\">Ens movem, saltem i ballem quan hi ha m\u00fasica&#8230; i quan s\u2019atura&#8230;EST\u00c0TUES!!! Ens hem de quedar quiets i quietes.\u00a0<\/span><\/p>\n<p><span style=\"font-weight: 400;\">Podem anar afegint variants: fer pessigolles al del costat, tocar el nas o diferents parts del cos, fer una abra\u00e7ada&#8230;\u00a0<\/span><\/p>\n<ul>\n<li><span style=\"color: #ff6600;\"><strong>1,2,3&#8230;pica paret!!!:\u00a0<\/strong><\/span><\/li>\n<\/ul>\n<p><span style=\"font-weight: 400;\">Aquest \u00e9s un joc for\u00e7a conegut per tothom!! Una persona comen\u00e7a picant a la paret amb la cantarella: 1,2,3 PICA PARET!!! La resta, situada a una distancia raonable (a casa, la que pugui ser), es va apropant mentre la canta. Quan l\u2019acaba, es gira, i la resta ha de quedar imm\u00f2bil. A qui vegi moure\u2019s l\u2019enviar\u00e0 al final. Cal arribar a tocar a qui canta sense que ens vegi moure\u2019ns i aquest haur\u00e0 d\u2019agafar alg\u00fa, que ser\u00e0 qui parar\u00e0 despr\u00e9s.\u00a0<\/span><\/p>\n<ul>\n<li><span style=\"color: #ff0000;\"><strong>Circu\u00efts motrius:\u00a0<\/strong><\/span><\/li>\n<\/ul>\n<p><span style=\"font-weight: 400;\">Imaginaci\u00f3 al poder!! Amb els materials que tingueu per casa (coixins, cadires, taules&#8230;) feu una distribuci\u00f3 que impliqui salts, reptacions, rodaments, tombarelles&#8230;tot all\u00f2 que es pugui fer amb seguretat, sense prendre mal&#8230; deixeu a les criatures que siguin els que muntin el recorregut&#8230;veureu quina creativitat tenen!!!!\u00a0<\/span><\/p>\n<ul>\n<li><span style=\"color: #800080;\"><strong>Joc del Llop:\u00a0<\/strong><\/span><\/li>\n<\/ul>\n<p><span style=\"font-weight: 400;\">Una persona fa de llop&#8230;i est\u00e0 adormida&#8230;roncant ben fort!!! La resta s\u2019apropen en silenci i, quan estan al costat criden: DESPERTA LLOP!!! Aquest s\u2019aixeca i surt corrents a enxampar a qui pugui. El primer o la primera a qui agafa ser\u00e0 qui far\u00e0 de llop en el seg\u00fcent torn.\u00a0<\/span><\/p>\n<ul>\n<li><span style=\"color: #00ccff;\"><strong>Fem unes pizzes!!:\u00a0<\/strong><\/span><\/li>\n<\/ul>\n<p><span style=\"font-weight: 400;\">Aquesta activitat consisteix a fer un massatge. Es comen\u00e7a \u201cestirant la massa\u201d (mans fent pressi\u00f3 per tota l\u2019esquena) i anar introduint ingredients amb originalitat&#8230;tom\u00e0quet, formatge, pernil&#8230;fent una pizza al gust, i canviant la forma d\u2019introduir els ingredients sobre la mateixa: repartint a trossets, cobrint a l\u00e0mines&#8230;.ells us ensenyaran&#8230;l\u2019hem fet molts cops!!!\u00a0<\/span><\/p>\n<p><span style=\"font-weight: 400;\">SALUT!!!!!\u00a0<\/span><\/p>\n<p><span style=\"font-weight: 400;\">Xavi <\/span><\/p>\n<p>&nbsp;<\/p>\n<p>&nbsp;<\/p>\n<p>&nbsp;<\/p>\n<p>&nbsp;<\/p>\n","protected":false},"excerpt":{"rendered":"<p>Benvolgudes fam\u00edlies, comencem amb les nostres propostes setmanals, i \u00e9s torn de la primavera. Som m\u00fasics\u00a0\u00a0 Mirem i escoltem amb atenci\u00f3 l\u2019audici\u00f3 de \u201cVivaldi, Les Quatre Estacions: La Primavera\u201d.\u00a0\u00a0 Pitja sobre la imatge Som artistes Una vegada escoltada i mirada l\u2019audici\u00f3, fem un dibuix de la primavera reflectint els sentiments i emocions que ens ha [&hellip;]<\/p>\n","protected":false},"author":1,"featured_media":5151,"comment_status":"open","ping_status":"closed","sticky":false,"template":"","format":"standard","meta":{"_bbp_topic_count":0,"_bbp_reply_count":0,"_bbp_total_topic_count":0,"_bbp_total_reply_count":0,"_bbp_voice_count":0,"_bbp_anonymous_reply_count":0,"_bbp_topic_count_hidden":0,"_bbp_reply_count_hidden":0,"_bbp_forum_subforum_count":0,"site-sidebar-layout":"default","site-content-layout":"","ast-site-content-layout":"","site-content-style":"default","site-sidebar-style":"default","ast-global-header-display":"","ast-banner-title-visibility":"","ast-main-header-display":"","ast-hfb-above-header-display":"","ast-hfb-below-header-display":"","ast-hfb-mobile-header-display":"","site-post-title":"","ast-breadcrumbs-content":"","ast-featured-img":"","footer-sml-layout":"","theme-transparent-header-meta":"","adv-header-id-meta":"","stick-header-meta":"","header-above-stick-meta":"","header-main-stick-meta":"","header-below-stick-meta":"","astra-migrate-meta-layouts":"default","ast-page-background-enabled":"default","ast-page-background-meta":{"desktop":{"background-color":"var(--ast-global-color-4)","background-image":"","background-repeat":"repeat","background-position":"center center","background-size":"auto","background-attachment":"scroll","background-type":"","background-media":"","overlay-type":"","overlay-color":"","overlay-opacity":"","overlay-gradient":""},"tablet":{"background-color":"","background-image":"","background-repeat":"repeat","background-position":"center center","background-size":"auto","background-attachment":"scroll","background-type":"","background-media":"","overlay-type":"","overlay-color":"","overlay-opacity":"","overlay-gradient":""},"mobile":{"background-color":"","background-image":"","background-repeat":"repeat","background-position":"center center","background-size":"auto","background-attachment":"scroll","background-type":"","background-media":"","overlay-type":"","overlay-color":"","overlay-opacity":"","overlay-gradient":""}},"ast-content-background-meta":{"desktop":{"background-color":"var(--ast-global-color-5)","background-image":"","background-repeat":"repeat","background-position":"center center","background-size":"auto","background-attachment":"scroll","background-type":"","background-media":"","overlay-type":"","overlay-color":"","overlay-opacity":"","overlay-gradient":""},"tablet":{"background-color":"var(--ast-global-color-5)","background-image":"","background-repeat":"repeat","background-position":"center center","background-size":"auto","background-attachment":"scroll","background-type":"","background-media":"","overlay-type":"","overlay-color":"","overlay-opacity":"","overlay-gradient":""},"mobile":{"background-color":"var(--ast-global-color-5)","background-image":"","background-repeat":"repeat","background-position":"center center","background-size":"auto","background-attachment":"scroll","background-type":"","background-media":"","overlay-type":"","overlay-color":"","overlay-opacity":"","overlay-gradient":""}},"footnotes":""},"categories":[9],"tags":[],"class_list":["post-5130","post","type-post","status-publish","format-standard","has-post-thumbnail","hentry","category-i5"],"post_mailing_queue_ids":[],"_links":{"self":[{"href":"https:\/\/agora.xtec.cat\/escola-agora\/wp-json\/wp\/v2\/posts\/5130","targetHints":{"allow":["GET"]}}],"collection":[{"href":"https:\/\/agora.xtec.cat\/escola-agora\/wp-json\/wp\/v2\/posts"}],"about":[{"href":"https:\/\/agora.xtec.cat\/escola-agora\/wp-json\/wp\/v2\/types\/post"}],"author":[{"embeddable":true,"href":"https:\/\/agora.xtec.cat\/escola-agora\/wp-json\/wp\/v2\/users\/1"}],"replies":[{"embeddable":true,"href":"https:\/\/agora.xtec.cat\/escola-agora\/wp-json\/wp\/v2\/comments?post=5130"}],"version-history":[{"count":3,"href":"https:\/\/agora.xtec.cat\/escola-agora\/wp-json\/wp\/v2\/posts\/5130\/revisions"}],"predecessor-version":[{"id":5213,"href":"https:\/\/agora.xtec.cat\/escola-agora\/wp-json\/wp\/v2\/posts\/5130\/revisions\/5213"}],"wp:featuredmedia":[{"embeddable":true,"href":"https:\/\/agora.xtec.cat\/escola-agora\/wp-json\/wp\/v2\/media\/5151"}],"wp:attachment":[{"href":"https:\/\/agora.xtec.cat\/escola-agora\/wp-json\/wp\/v2\/media?parent=5130"}],"wp:term":[{"taxonomy":"category","embeddable":true,"href":"https:\/\/agora.xtec.cat\/escola-agora\/wp-json\/wp\/v2\/categories?post=5130"},{"taxonomy":"post_tag","embeddable":true,"href":"https:\/\/agora.xtec.cat\/escola-agora\/wp-json\/wp\/v2\/tags?post=5130"}],"curies":[{"name":"wp","href":"https:\/\/api.w.org\/{rel}","templated":true}]}}